{"id":76308,"date":"2020-02-16T14:50:09","date_gmt":"2020-02-16T19:50:09","guid":{"rendered":"https:\/\/linitiative.ca\/International\/des-milliers-dalgeriens-defilent-a-kherrata-berceau-de-la-contestation\/"},"modified":"2020-02-16T14:50:09","modified_gmt":"2020-02-16T19:50:09","slug":"des-milliers-dalgeriens-defilent-a-kherrata-berceau-de-la-contestation","status":"publish","type":"post","link":"https:\/\/linitiative.ca\/International\/des-milliers-dalgeriens-defilent-a-kherrata-berceau-de-la-contestation\/","title":{"rendered":"Des milliers d\u2019Alg\u00e9riens d\u00e9filent \u00e0 Kherrata, berceau de la contestation"},"content":{"rendered":"<div readability=\"32\">\n<p>Publi\u00e9 le 16.02.2020 \u00e0 20h50 par AFP<\/p>\n<\/div>\n<div readability=\"106\">\n<p>Des milliers de personnes ont d\u00e9fil\u00e9 dimanche \u00e0 Kherrata dans l\u2019est de l\u2019Alg\u00e9rie, \u00e0 l\u2019occasion du 1er anniversaire d\u2019une manifestation in\u00e9dite dans cette ville contre la candidature \u00e0 un 5e mandat de l\u2019ex-pr\u00e9sident Abdelaziz Bouteflika, selon des t\u00e9moins.<\/p>\n<p>La manifestation de Kherrata avait donn\u00e9 le coup d\u2019envoi \u00e0 une vague de contestation populaire sans pr\u00e9c\u00e9dent contre le pouvoir, qui a pouss\u00e9 \u00e0 la d\u00e9mission le 2 avril 2019 de M. Bouteflika, l\u00e2ch\u00e9 par l\u2019arm\u00e9e.<\/p>\n<p>Le 16 f\u00e9vrier 2019, un rassemblement spontan\u00e9 a r\u00e9uni des milliers de manifestants contre un nouveau mandat de M. Bouteflika, impotent et aphasique, \u00e0 Kherrata, \u00e0 300 km \u00e0 l\u2019est d\u2019Alger, la premi\u00e8re marche \u00e0 avoir allum\u00e9 l\u2019\u00e9tincelle de la fronde qui devait ensuite gagner toute l\u2019Alg\u00e9rie.<\/p>\n<p>Le lendemain, le 17 f\u00e9vrier, une marche similaire a eu lieu \u00e0 Bordj Bou Arreridj (150 km au sud-est d\u2019Alger) et trois jours plus tard, des centaines de personnes ont manifest\u00e9 \u00e0 Khenchela dans l\u2019est alg\u00e9rien \u00e9galement.<\/p>\n<p>Durant le rassemblement de Khenchela, certains protestataires sont mont\u00e9s sur le toit de la mairie pour d\u00e9crocher un portrait g\u00e9ant du chef de l\u2019Etat qui recouvrait une partie de la fa\u00e7ade \u00e0 c\u00f4t\u00e9 du drapeau alg\u00e9rien.<\/p>\n<p>Quelques jours plus tard, le 22 f\u00e9vrier, des millions d\u2019Alg\u00e9riens sont descendus dans les rues de toutes les grandes villes du pays pour exprimer leur rejet d\u2019un 5e mandat de M. Bouteflika.<\/p>\n<p>Pour marquer le 1er anniversaire de la marche de Kherrata, des milliers de manifestants ont sillonn\u00e9 dimanche les rues de la ville aux cris de \u00ab\u00a0Les Alg\u00e9riens sont tous des fr\u00e8res\u00a0\u00bb et brandissant l\u2019embl\u00e8me national ou berb\u00e8re.<\/p>\n<p>Plusieurs figures du \u00ab\u00a0Hirak\u00a0\u00bb -le mouvement de contestation-, parmi lesquelles le v\u00e9t\u00e9ran tr\u00e8s respect\u00e9 de la guerre d\u2019ind\u00e9pendance Lakhdar Bouregaa ou encore Samir Benlarbi, un militant actif de la soci\u00e9t\u00e9 civile, ont pris part \u00e0 la manifestation, selon les t\u00e9moins.<\/p>\n<p>Les manifestants ont appel\u00e9 \u00e0 \u00ab\u00a0une p\u00e9riode de transition\u00a0\u00bb devant aboutir \u00e0 un changement de r\u00e9gime.<\/p>\n<p>Le point de d\u00e9part de la manifestation de 2019 \u00e0 Kherrata a \u00e9t\u00e9 rebaptis\u00e9 \u00ab\u00a0Place de la Libert\u00e9 du 16 f\u00e9vrier 2019\u00a0\u00bb. Une st\u00e8le y a \u00e9t\u00e9 \u00e9rig\u00e9e.<\/p>\n<p>Le pr\u00e9sident Abdelmadjid Tebboune, \u00e9lu le 12 d\u00e9cembre lors d\u2019un scrutin boycott\u00e9 par la majorit\u00e9 des Alg\u00e9riens, a de nouveau tendu dimanche la main \u00e0 la contestation, lors d\u2019une rencontre entre le gouvernement et les pr\u00e9fets du pays.<\/p>\n<p>\u00ab\u00a0Il y a de cela une ann\u00e9e, les citoyens et citoyennes sont sortis dans un +Hirak+ b\u00e9ni pacifique, sous la protection de l\u2019Arm\u00e9e nationale pour revendiquer le changement et rejeter, pacifiquement, l\u2019aventure qui a failli conduire \u00e0 l\u2019effondrement de l\u2019Etat et de ses piliers pour retomber dans la trag\u00e9die des ann\u00e9es 1990\u00a0\u00bb, a-t-il dit en allusion \u00e0 la \u00ab\u00a0d\u00e9cennie noire\u00a0\u00bb de la guerre civile, selon l\u2019agence APS.<\/p>\n<\/div>\n<p>Auteur: AFP<br \/>\n<a href=\"https:\/\/www.journalducameroun.com\/des-milliers-dalgeriens-defilent-a-kherrata-berceau-de-la-contestation\/\">Cliquez ici pour lire l&rsquo;article depuis sa source.<\/a><\/p>\n","protected":false},"excerpt":{"rendered":"<p>Publi\u00e9 le 16.02.2020 \u00e0 20h50 par AFP Des milliers de personnes ont d\u00e9fil\u00e9 dimanche \u00e0 Kherrata dans l\u2019est de l\u2019Alg\u00e9rie, \u00e0 l\u2019occasion du 1er anniversaire d\u2019une manifestation in\u00e9dite dans cette ville contre la candidature \u00e0 un 5e mandat de l\u2019ex-pr\u00e9sident Abdelaziz Bouteflika, selon des t\u00e9moins. La manifestation de Kherrata avait donn\u00e9 le coup d\u2019envoi \u00e0 [&hellip;]<\/p>\n","protected":false},"author":1965,"featured_media":0,"comment_status":"closed","ping_status":"closed","sticky":false,"template":"","format":"standard","meta":{"fifu_image_url":"","fifu_image_alt":"","footnotes":""},"categories":[73,82],"tags":[],"class_list":["post-76308","post","type-post","status-publish","format-standard","hentry","category-actualite","category-cameroun"],"_links":{"self":[{"href":"https:\/\/linitiative.ca\/International\/wp-json\/wp\/v2\/posts\/76308","targetHints":{"allow":["GET"]}}],"collection":[{"href":"https:\/\/linitiative.ca\/International\/wp-json\/wp\/v2\/posts"}],"about":[{"href":"https:\/\/linitiative.ca\/International\/wp-json\/wp\/v2\/types\/post"}],"author":[{"embeddable":true,"href":"https:\/\/linitiative.ca\/International\/wp-json\/wp\/v2\/users\/1965"}],"replies":[{"embeddable":true,"href":"https:\/\/linitiative.ca\/International\/wp-json\/wp\/v2\/comments?post=76308"}],"version-history":[{"count":0,"href":"https:\/\/linitiative.ca\/International\/wp-json\/wp\/v2\/posts\/76308\/revisions"}],"wp:attachment":[{"href":"https:\/\/linitiative.ca\/International\/wp-json\/wp\/v2\/media?parent=76308"}],"wp:term":[{"taxonomy":"category","embeddable":true,"href":"https:\/\/linitiative.ca\/International\/wp-json\/wp\/v2\/categories?post=76308"},{"taxonomy":"post_tag","embeddable":true,"href":"https:\/\/linitiative.ca\/International\/wp-json\/wp\/v2\/tags?post=76308"}],"curies":[{"name":"wp","href":"https:\/\/api.w.org\/{rel}","templated":true}]}}