{"id":76309,"date":"2020-02-16T14:50:15","date_gmt":"2020-02-16T19:50:15","guid":{"rendered":"https:\/\/linitiative.ca\/International\/troupes-americaines-en-afrique-pompeo-promet-une-demarche-collective\/"},"modified":"2020-02-16T14:50:15","modified_gmt":"2020-02-16T19:50:15","slug":"troupes-americaines-en-afrique-pompeo-promet-une-demarche-collective","status":"publish","type":"post","link":"https:\/\/linitiative.ca\/International\/troupes-americaines-en-afrique-pompeo-promet-une-demarche-collective\/","title":{"rendered":"Troupes am\u00e9ricaines en Afrique: Pompeo promet une d\u00e9marche collective"},"content":{"rendered":"<div readability=\"32\">\n<p>Publi\u00e9 le 16.02.2020 \u00e0 20h50 par AFP<\/p>\n<\/div>\n<div readability=\"148\">\n<p>Le secr\u00e9taire d\u2019Etat am\u00e9ricain Mike Pompeo a assur\u00e9 dimanche \u00e0 Dakar que les Etats-Unis veilleraient \u00e0 faire \u00ab\u00a0ce qu\u2019il faut\u00a0\u00bb en partenariat avec leurs alli\u00e9s au sujet de la r\u00e9duction ou non de leur pr\u00e9sence militaire en Afrique, notamment au Sahel confront\u00e9 aux violences jihadistes.<\/p>\n<p>M. Pompeo, qui s\u2019exprimait devant la presse, s\u2019est gard\u00e9 de tout engagement et a laiss\u00e9 ouverte la question d\u2019une r\u00e9duction des forces am\u00e9ricaines, actuellement \u00e0 l\u2019examen \u00e0 Washington.<\/p>\n<p>Peu auparavant, le ministre s\u00e9n\u00e9galais des Affaires \u00e9trang\u00e8res Amadou Ba, \u00e0 ses c\u00f4t\u00e9s, avait indiqu\u00e9 que les Etats-Unis avaient fait part aux dirigeants s\u00e9n\u00e9galais \u00ab\u00a0de leur volont\u00e9 de retirer leurs forces combattantes\u00a0\u00bb. Il avait soulign\u00e9 que, pour le S\u00e9n\u00e9gal, cela ne signifiait pas un retrait militaire am\u00e9ricain du continent, les Etats-Unis apportant un soutien en renseignement, en logistique et en formation \u00e0 la lutte contre le jihadisme.<\/p>\n<p>Apr\u00e8s trois ans d\u2019administration Trump, M. Pompeo est le plus haut responsable am\u00e9ricain \u00e0 effectuer une tourn\u00e9e en Afrique subsaharienne. Apr\u00e8s le S\u00e9n\u00e9gal o\u00f9 il est arriv\u00e9 samedi apr\u00e8s-midi, il partait dimanche pour l\u2019Angola, avant l\u2019Ethiopie jusqu\u2019\u00e0 mercredi, d\u2019o\u00f9 il se rendra en Arabie saoudite.<\/p>\n<p>M. Pompeo entame sa premi\u00e8re visite en Afrique subsaharienne dans les fonctions de secr\u00e9taire d\u2019Etat au moment o\u00f9 les Etats-Unis veulent r\u00e9duire les op\u00e9rations antijihadistes dans le monde pour concentrer leurs forces sur ce qu\u2019ils consid\u00e8rent comme les menaces russe et chinoise pour leur supr\u00e9matie militaire.<\/p>\n<p>L\u2019Afrique, o\u00f9 l\u2019arm\u00e9e am\u00e9ricaine est pr\u00e9sente avec quelque 6.000 soldats, notamment au Sahel, en Somalie et \u00e0 Djibouti, est consid\u00e9r\u00e9e comme pouvant \u00eatre la premi\u00e8re concern\u00e9e par la redistribution des forces.<\/p>\n<p>Epargn\u00e9 par les violences au Sahel voisin, le S\u00e9n\u00e9gal est commun\u00e9ment salu\u00e9 comme une zone de stabilit\u00e9 et un partenaire solide dans la lutte contre l\u2019extr\u00e9misme. Il suit avec la plus grande attention la r\u00e9flexion am\u00e9ricaine.<\/p>\n<p>Le chef de la diplomatie s\u00e9n\u00e9galaise a affirm\u00e9 l\u2019importance que \u00ab\u00a0l\u2019Afrique puisse monter en premi\u00e8re ligne\u00a0\u00bb. Mais il a relev\u00e9 l\u2019absence de moyens militaires et financiers africains, et rappel\u00e9 la proposition du pr\u00e9sident Macky Sall de financer l\u2019effort, en accord avec la communaut\u00e9 internationale, en y affectant 1% du d\u00e9ficit budg\u00e9taire des pays africains.<\/p>\n<p>L\u2019Afrique \u00ab\u00a0a besoin des Etats-Unis d\u2019Am\u00e9rique\u00a0\u00bb, a-t-il dit.<\/p>\n<p>\u2013 Opportunit\u00e9s \u00e9conomiques \u2013<\/p>\n<p>\u00ab\u00a0Nous ferons ce qu\u2019il faut, nous ferons ce qu\u2019il faut collectivement, j\u2019en suis convaincu\u00a0\u00bb, a r\u00e9pondu M. Pompeo en \u00e9voquant les partenaires s\u00e9n\u00e9galais, africains, fran\u00e7ais et europ\u00e9ens des Etats-Unis.<\/p>\n<p>Quand l\u2019examen du niveau des forces en cours au Pentagone sera achev\u00e9, \u00ab\u00a0nous en discuterons, non seulement avec le S\u00e9n\u00e9gal, mais tous les pays de la r\u00e9gion, nous discuterons des raisons de ce que nous faisons, de la mani\u00e8re dont nous le faisons, et nous parviendrons \u00e0 un r\u00e9sultat qui marche pour tout le monde\u00a0\u00bb, a-t-il dit.<\/p>\n<p>Le Pentagone a annonc\u00e9 mercredi un premier ajustement de ses forces en Afrique avec le remplacement d\u2019une unit\u00e9 de combat par des instructeurs.<\/p>\n<p>M. Pompeo est arriv\u00e9 en Afrique quelques jours apr\u00e8s le durcissement par le pr\u00e9sident Donald Trump des conditions d\u2019entr\u00e9e aux Etats-Unis pour les ressortissants de quatre pays africains (dont aucun sur l\u2019itin\u00e9raire de M. Pompeo). En 2018, le pr\u00e9sident Donald Trump avait qualifi\u00e9 de \u00ab\u00a0pays de merde\u00a0\u00bb les Etats africains envoyant des immigr\u00e9s aux Etats-Unis.<\/p>\n<p>Le d\u00e9partement d\u2019Etat a soulign\u00e9 avant la visite de M. Pompeo que les trois pays africains visit\u00e9s \u00e9taient des \u00ab\u00a0contributeurs majeurs \u00e0 la stabilit\u00e9 r\u00e9gionale\u00a0\u00bb, \u00e0 commencer par le S\u00e9n\u00e9gal, qui fournit environ 1.500 hommes \u00e0 la Mission de l\u2019Onu au Mali.<\/p>\n<p>Cependant, c\u2019est surtout l\u2019engagement \u00e9conomique que Washington comptait mettre en avant, y compris pour contrer la pouss\u00e9e chinoise sur un continent aux forts taux de croissance. Les trois pays sont \u00ab\u00a0particuli\u00e8rement remarquables\u00a0\u00bb en termes d\u2019opportunit\u00e9s, selon le d\u00e9partement d\u2019Etat.<\/p>\n<p>M. Pompeo a r\u00e9sum\u00e9 l\u2019approche am\u00e9ricaine: croissance et s\u00e9curit\u00e9 sont \u00ab\u00a0mutuellement b\u00e9n\u00e9fiques\u00a0\u00bb.<\/p>\n<p>Il a assist\u00e9 dimanche matin \u00e0 la signature de cinq protocoles d\u2019accord, pour la construction d\u2019une autoroute entre Dakar et Saint-Louis (entre l\u2019Am\u00e9ricain Bechtel et le S\u00e9n\u00e9galais Ageroute), dans les domaines de la sant\u00e9 et la production d\u2019\u00e9lectricit\u00e9 (entre l\u2019Am\u00e9ricain General Electric et des agences gouvernementales s\u00e9n\u00e9galaises).<\/p>\n<\/div>\n<p>Auteur: AFP<br \/>\n<a href=\"https:\/\/www.journalducameroun.com\/troupes-americaines-en-afrique-pompeo-promet-une-demarche-collective\/\">Cliquez ici pour lire l&rsquo;article depuis sa source.<\/a><\/p>\n","protected":false},"excerpt":{"rendered":"<p>Publi\u00e9 le 16.02.2020 \u00e0 20h50 par AFP Le secr\u00e9taire d\u2019Etat am\u00e9ricain Mike Pompeo a assur\u00e9 dimanche \u00e0 Dakar que les Etats-Unis veilleraient \u00e0 faire \u00ab\u00a0ce qu\u2019il faut\u00a0\u00bb en partenariat avec leurs alli\u00e9s au sujet de la r\u00e9duction ou non de leur pr\u00e9sence militaire en Afrique, notamment au Sahel confront\u00e9 aux violences jihadistes. M. Pompeo, qui [&hellip;]<\/p>\n","protected":false},"author":1965,"featured_media":0,"comment_status":"closed","ping_status":"closed","sticky":false,"template":"","format":"standard","meta":{"fifu_image_url":"","fifu_image_alt":"","footnotes":""},"categories":[73,82],"tags":[],"class_list":["post-76309","post","type-post","status-publish","format-standard","hentry","category-actualite","category-cameroun"],"_links":{"self":[{"href":"https:\/\/linitiative.ca\/International\/wp-json\/wp\/v2\/posts\/76309","targetHints":{"allow":["GET"]}}],"collection":[{"href":"https:\/\/linitiative.ca\/International\/wp-json\/wp\/v2\/posts"}],"about":[{"href":"https:\/\/linitiative.ca\/International\/wp-json\/wp\/v2\/types\/post"}],"author":[{"embeddable":true,"href":"https:\/\/linitiative.ca\/International\/wp-json\/wp\/v2\/users\/1965"}],"replies":[{"embeddable":true,"href":"https:\/\/linitiative.ca\/International\/wp-json\/wp\/v2\/comments?post=76309"}],"version-history":[{"count":0,"href":"https:\/\/linitiative.ca\/International\/wp-json\/wp\/v2\/posts\/76309\/revisions"}],"wp:attachment":[{"href":"https:\/\/linitiative.ca\/International\/wp-json\/wp\/v2\/media?parent=76309"}],"wp:term":[{"taxonomy":"category","embeddable":true,"href":"https:\/\/linitiative.ca\/International\/wp-json\/wp\/v2\/categories?post=76309"},{"taxonomy":"post_tag","embeddable":true,"href":"https:\/\/linitiative.ca\/International\/wp-json\/wp\/v2\/tags?post=76309"}],"curies":[{"name":"wp","href":"https:\/\/api.w.org\/{rel}","templated":true}]}}