{"id":76310,"date":"2020-02-16T16:18:02","date_gmt":"2020-02-16T21:18:02","guid":{"rendered":"https:\/\/linitiative.ca\/International\/maroc-mise-en-place-dune-fiche-sanitaire-du-passager-au-niveau-des-aeroports-et-des-ports\/"},"modified":"2020-02-16T16:18:02","modified_gmt":"2020-02-16T21:18:02","slug":"maroc-mise-en-place-dune-fiche-sanitaire-du-passager-au-niveau-des-aeroports-et-des-ports","status":"publish","type":"post","link":"https:\/\/linitiative.ca\/International\/maroc-mise-en-place-dune-fiche-sanitaire-du-passager-au-niveau-des-aeroports-et-des-ports\/","title":{"rendered":"Maroc\u00a0: Mise en place d\u2019une fiche sanitaire du passager au niveau des a\u00e9roports et des ports  \u00a0"},"content":{"rendered":"<div readability=\"32\">\n<p>Publi\u00e9 le 16.02.2020 \u00e0 22h18 par APA News<\/p>\n<\/div>\n<div readability=\"55\">\n<p>Les autorit\u00e9s marocaines ont mis en place un nouveau m\u00e9canisme de contr\u00f4le, \u00e0 savoir la \u00abfiche sanitaire du passager \u00bb, disponible \u00e0 bord des avions et bateaux, et que les voyageurs \u00e0 destination du Royaume sont appel\u00e9s \u00e0 remplir.La fiche sanitaire du passager permettra de r\u00e9colter plusieurs informations des voyageurs \u00e0 destination du Maroc, notamment la date d\u2019arriv\u00e9e au Maroc, le num\u00e9ro de si\u00e8ge \u00e0 l\u2019int\u00e9rieur de l\u2019avion, le num\u00e9ro du vol, le num\u00e9ro du passeport ou encore la nationalit\u00e9 du passager.<\/p>\n<p>Les voyageurs \u00e0 destination du Royaume seront \u00e9galement amen\u00e9s \u00e0 r\u00e9pondre, via la fiche sanitaire, \u00e0 des questions sur le pays de provenance ainsi que la ville de transit, l\u2019adresse au Maroc et aussi ses coordonn\u00e9es au Maroc et \u00e0 l\u2019international.<\/p>\n<p>Cette mesure a \u00e9t\u00e9 intervient pour faire face \u00e0 la propagation alarmante de l\u2019\u00e9pid\u00e9mie du Corovid 19 et s\u2019inscrit dans le cadre de l\u2019application du plan de vigilance et de contr\u00f4le au niveau de toutes les entr\u00e9es du Royaume, maritimes, terrestres ou a\u00e9riennes.<\/p>\n<\/div>\n<p>Auteur: APA News<br \/>\n<a href=\"https:\/\/www.journalducameroun.com\/maroc-mise-en-place-dune-fiche-sanitaire-du-passager-au-niveau-des-aeroports-et-des-ports\/\">Cliquez ici pour lire l&rsquo;article depuis sa source.<\/a><\/p>\n","protected":false},"excerpt":{"rendered":"<p>Publi\u00e9 le 16.02.2020 \u00e0 22h18 par APA News Les autorit\u00e9s marocaines ont mis en place un nouveau m\u00e9canisme de contr\u00f4le, \u00e0 savoir la \u00abfiche sanitaire du passager \u00bb, disponible \u00e0 bord des avions et bateaux, et que les voyageurs \u00e0 destination du Royaume sont appel\u00e9s \u00e0 remplir.La fiche sanitaire du passager permettra de r\u00e9colter plusieurs [&hellip;]<\/p>\n","protected":false},"author":1965,"featured_media":0,"comment_status":"closed","ping_status":"closed","sticky":false,"template":"","format":"standard","meta":{"fifu_image_url":"","fifu_image_alt":"","footnotes":""},"categories":[73,82],"tags":[],"class_list":["post-76310","post","type-post","status-publish","format-standard","hentry","category-actualite","category-cameroun"],"_links":{"self":[{"href":"https:\/\/linitiative.ca\/International\/wp-json\/wp\/v2\/posts\/76310","targetHints":{"allow":["GET"]}}],"collection":[{"href":"https:\/\/linitiative.ca\/International\/wp-json\/wp\/v2\/posts"}],"about":[{"href":"https:\/\/linitiative.ca\/International\/wp-json\/wp\/v2\/types\/post"}],"author":[{"embeddable":true,"href":"https:\/\/linitiative.ca\/International\/wp-json\/wp\/v2\/users\/1965"}],"replies":[{"embeddable":true,"href":"https:\/\/linitiative.ca\/International\/wp-json\/wp\/v2\/comments?post=76310"}],"version-history":[{"count":0,"href":"https:\/\/linitiative.ca\/International\/wp-json\/wp\/v2\/posts\/76310\/revisions"}],"wp:attachment":[{"href":"https:\/\/linitiative.ca\/International\/wp-json\/wp\/v2\/media?parent=76310"}],"wp:term":[{"taxonomy":"category","embeddable":true,"href":"https:\/\/linitiative.ca\/International\/wp-json\/wp\/v2\/categories?post=76310"},{"taxonomy":"post_tag","embeddable":true,"href":"https:\/\/linitiative.ca\/International\/wp-json\/wp\/v2\/tags?post=76310"}],"curies":[{"name":"wp","href":"https:\/\/api.w.org\/{rel}","templated":true}]}}