{"id":76313,"date":"2020-02-17T09:59:26","date_gmt":"2020-02-17T14:59:26","guid":{"rendered":"https:\/\/linitiative.ca\/International\/agadir-entame-2020-avec-une-croissance-de-plus-de-3-du-nombre-de-touristes\/"},"modified":"2020-02-17T09:59:26","modified_gmt":"2020-02-17T14:59:26","slug":"agadir-entame-2020-avec-une-croissance-de-plus-de-3-du-nombre-de-touristes","status":"publish","type":"post","link":"https:\/\/linitiative.ca\/International\/agadir-entame-2020-avec-une-croissance-de-plus-de-3-du-nombre-de-touristes\/","title":{"rendered":"Agadir entame 2020 avec une croissance de plus de 3% du nombre de touristes"},"content":{"rendered":"<header>\n<div class=\"entry-post-meta\">\n<div class=\"author-link\">Publi\u00e9 par <a itemprop=\"author\" itemscope=\"\" itemtype=\"https:\/\/schema.org\/Person\" href=\"http:\/\/aujourdhui.ma\/profile\/kaid\" rel=\"author\"><span itemprop=\"name\">ALM<\/span><\/a><\/div>\n<p>Date\u00a0:<time content=\"2020-02-17T15:59:26+00:00\" class=\"entry-date updated\" datetime=\"2020-02-17T15:59:26+00:00\">f\u00e9vrier 17, 2020<\/time><\/p>\n<div class=\"entry-cat\">dans:<a href=\"http:\/\/aujourdhui.ma\/category\/economie\" rel=\"category tag\">Economie<\/a><\/div>\n<p>0 Vues<\/p>\n<\/div>\n<\/header>\n<div class=\"entry-content clearfix\" readability=\"65\"><img decoding=\"async\" class=\"post_layout_5_img\" src=\"http:\/\/aujourdhui.ma\/wp-content\/uploads\/2020\/02\/Agadir.jpg?x29840\" alt=\"Agadir entame 2020 avec une croissance de plus de 3% du nombre de touristes\"\/><\/p>\n<p class=\"p1\"><span class=\"c4\"><strong><span class=\"s1\">Agadir a entam\u00e9 l\u2019ann\u00e9e 2020 avec une croissance de 3,81% du nombre de touristes ayant s\u00e9journ\u00e9 dans les diff\u00e9rents h\u00f4tels, clubs et r\u00e9sidences touristiques de cette station baln\u00e9aire. Selon des donn\u00e9es du Conseil r\u00e9gional du tourisme (CRT) d\u2019Agadir-Souss Massa, un total de 78.744 touristes ont visit\u00e9 Agadir en janvier 2020, contre 75.852 durant la m\u00eame p\u00e9riode de 2019.<\/span><\/strong><\/span><span id=\"more-333555\"\/><\/p>\n<p class=\"p1\"><span class=\"s1\">Les nationaux arrivent en t\u00eate avec un total de 27.092, contre 24.301 durant janvier 2019, soit une hausse de 11,49%, rel\u00e8ve la m\u00eame source. Les touristes fran\u00e7ais occupent la deuxi\u00e8me position avec 16.343 arriv\u00e9es (+15,68%), suivis des Allemands (8.374) et des Britanniques (6.865).<\/span><\/p>\n<p class=\"p1\"><span class=\"s1\">Les h\u00f4tels class\u00e9s \u00ab4 \u00e9toiles\u00bb ont accueilli, en janvier, le plus grand nombre de touristes, soit 21.791, suivis des h\u00f4tels \u00ab5 \u00e9toiles\u00bb (18.398), des clubs touristiques (14.722) et des r\u00e9sidences touristiques (9.135), conclut-on de m\u00eame source.<\/span><\/p>\n<p class=\"p1\"><span class=\"s1\">Le taux d\u2019occupation enregistr\u00e9 dans les diff\u00e9rents \u00e9tablissements d\u2019h\u00e9bergement touristique class\u00e9s de cette destination est \u00e9valu\u00e9, quant \u00e0 lui, \u00e0 48,41%.<\/span><\/p>\n<\/div>\n<p>Auteur: ALM<br \/>\n<a href=\"http:\/\/aujourdhui.ma\/economie\/agadir-entame-2020-avec-une-croissance-de-plus-de-3-du-nombre-de-touristes\">Cliquez ici pour lire l&rsquo;article depuis sa source.<\/a><\/p>\n","protected":false},"excerpt":{"rendered":"<p>Publi\u00e9 par ALM Date\u00a0:f\u00e9vrier 17, 2020 dans:Economie 0 Vues Agadir a entam\u00e9 l\u2019ann\u00e9e 2020 avec une croissance de 3,81% du nombre de touristes ayant s\u00e9journ\u00e9 dans les diff\u00e9rents h\u00f4tels, clubs et r\u00e9sidences touristiques de cette station baln\u00e9aire. Selon des donn\u00e9es du Conseil r\u00e9gional du tourisme (CRT) d\u2019Agadir-Souss Massa, un total de 78.744 touristes ont visit\u00e9 [&hellip;]<\/p>\n","protected":false},"author":1759,"featured_media":0,"comment_status":"closed","ping_status":"closed","sticky":false,"template":"","format":"standard","meta":{"fifu_image_url":"","fifu_image_alt":"","footnotes":""},"categories":[73,54],"tags":[],"class_list":["post-76313","post","type-post","status-publish","format-standard","hentry","category-actualite","category-maroc"],"_links":{"self":[{"href":"https:\/\/linitiative.ca\/International\/wp-json\/wp\/v2\/posts\/76313","targetHints":{"allow":["GET"]}}],"collection":[{"href":"https:\/\/linitiative.ca\/International\/wp-json\/wp\/v2\/posts"}],"about":[{"href":"https:\/\/linitiative.ca\/International\/wp-json\/wp\/v2\/types\/post"}],"author":[{"embeddable":true,"href":"https:\/\/linitiative.ca\/International\/wp-json\/wp\/v2\/users\/1759"}],"replies":[{"embeddable":true,"href":"https:\/\/linitiative.ca\/International\/wp-json\/wp\/v2\/comments?post=76313"}],"version-history":[{"count":0,"href":"https:\/\/linitiative.ca\/International\/wp-json\/wp\/v2\/posts\/76313\/revisions"}],"wp:attachment":[{"href":"https:\/\/linitiative.ca\/International\/wp-json\/wp\/v2\/media?parent=76313"}],"wp:term":[{"taxonomy":"category","embeddable":true,"href":"https:\/\/linitiative.ca\/International\/wp-json\/wp\/v2\/categories?post=76313"},{"taxonomy":"post_tag","embeddable":true,"href":"https:\/\/linitiative.ca\/International\/wp-json\/wp\/v2\/tags?post=76313"}],"curies":[{"name":"wp","href":"https:\/\/api.w.org\/{rel}","templated":true}]}}