{"id":76314,"date":"2020-02-17T10:00:06","date_gmt":"2020-02-17T15:00:06","guid":{"rendered":"https:\/\/linitiative.ca\/International\/en-marge-de-la-semaine-de-lentreprise-maroc-pme-presente-ses-programmes-dappui-et-de-financement-de-lentrepreneuriat\/"},"modified":"2020-02-17T10:00:06","modified_gmt":"2020-02-17T15:00:06","slug":"en-marge-de-la-semaine-de-lentreprise-maroc-pme-presente-ses-programmes-dappui-et-de-financement-de-lentrepreneuriat","status":"publish","type":"post","link":"https:\/\/linitiative.ca\/International\/en-marge-de-la-semaine-de-lentreprise-maroc-pme-presente-ses-programmes-dappui-et-de-financement-de-lentrepreneuriat\/","title":{"rendered":"En marge de la \u00abSemaine de l\u2019entreprise\u00bb : Maroc PME pr\u00e9sente ses programmes d\u2019appui et de financement de l\u2019entrepreneuriat"},"content":{"rendered":"<p><img decoding=\"async\" class=\"post_layout_5_img\" src=\"http:\/\/aujourdhui.ma\/wp-content\/uploads\/2020\/02\/Anpme-Maroc-PME.jpg?x29840\" alt=\"En marge de la \u00abSemaine de l\u2019entreprise\u00bb : Maroc PME pr\u00e9sente ses programmes d\u2019appui et de financement de l\u2019entrepreneuriat\"\/><\/p>\n<p class=\"p1\"><span class=\"c5\"><strong><span class=\"c4\">Cet \u00e9v\u00e9nement a pour objectif de faire conna\u00eetre des programmes d\u2019appui et d\u2019accompagnement propos\u00e9s par l\u2019Agence Maroc PME aupr\u00e8s des chefs d\u2019entreprises, des porteurs de projets et des auto-entrepreneurs de la r\u00e9gion.<\/span><\/strong><\/span><span id=\"more-333485\"\/><\/p>\n<p class=\"p2\"><span class=\"s1\">La ville de Guelmim a accueilli r\u00e9cemment la \u00abSemaine de l\u2019entreprise\u00bb de la r\u00e9gion de Guelmim-Oued Noun, organis\u00e9e par l\u2019Agence Maroc PME en partenariat avec le Conseil r\u00e9gional et la Chambre de commerce, d\u2019industrie et de services (CCIS). Cet \u00e9v\u00e9nement, qui s\u2019est d\u00e9roul\u00e9 \u00e0 travers une s\u00e9rie de r\u00e9unions dans les villes de Guelmim, Sidi Ifni, Tan-Tan, Bouizakarne et El Ouatia, a pour objectif de faire conna\u00eetre des programmes d\u2019appui et d\u2019accompagnement propos\u00e9s par l\u2019Agence Maroc PME aupr\u00e8s des chefs d\u2019entreprises, des porteurs de projets et des auto-entrepreneurs de la r\u00e9gion.<\/span><\/p>\n<p class=\"p2\"><span class=\"s1\">L\u2019accent a \u00e9t\u00e9 mis une semaine durant sur la pr\u00e9sentation du syst\u00e8me de l\u2019auto-entrepreneuriat, les programmes d\u2019acc\u00e9l\u00e9ration au profit des start-up innovantes et des programmes de l\u2019int\u00e9gration num\u00e9rique.<\/span><\/p>\n<p class=\"p2\"><span class=\"s1\">D\u2019apr\u00e8s les initiateurs de cette rencontre, <em>\u00abla Semaine de l\u2019entreprise a co\u00efncid\u00e9 avec le lancement par SM le Roi Mohammed VI du Programme d\u2019appui et de financement des entreprises, contribuera \u00e0 consolider les acquis et r\u00e9alisations accomplies dans la r\u00e9gion, dans le cadre de la mise en place d\u2019un ensemble de programmes de d\u00e9veloppement, notamment le nouveau mod\u00e8le de d\u00e9veloppement des provinces de la r\u00e9gion de Guelmim-Oued Noun. Cet \u00e9v\u00e9nement vient pour favoriser l\u2019esprit d\u2019entreprise et d\u2019investissement, et l\u2019entrepreneuriat qui est un v\u00e9ritable moteur de d\u00e9veloppement \u00e9conomique, de cr\u00e9ation de richesses, d\u2019emplois et d\u2019innovation technologique, outre la contribution significative \u00e0 la promotion des investissements au niveau national\u00bb<\/em>.<\/span><\/p>\n<p class=\"p2\"><span class=\"s1\">Par l\u2019occasion, une convention de partenariat a \u00e9t\u00e9 sign\u00e9e entre Maroc PME et la CCIS de Guelmim afin de renforcer l\u2019initiative entrepreneuriale et de soutenir la comp\u00e9titivit\u00e9 des entreprises dans la r\u00e9gion. Paraph\u00e9 par le directeur g\u00e9n\u00e9ral de l\u2019Agence Maroc PME, Brahim Arejdal, et le pr\u00e9sident de la CCIS, Houcine Alioui, en marge de la c\u00e9r\u00e9monie de lancement de la \u00abSemaine de l\u2019entreprise\u00bb, cet accord cible les porteurs de projets, les auto-entrepreneurs, les start-up innovantes, les Tr\u00e8s petites et petites et moyennes entreprises (TPME).<\/span><\/p>\n<p class=\"p2\"><span class=\"s1\">Ladite convention vise \u00e0 sensibiliser au syst\u00e8me d\u2019auto-entrepreneur, \u00e0 promouvoir le programme de soutien aux TPME et \u00e0 renforcer l\u2019accompagnement entrepreneurial des porteurs de projets, des auto-entrepreneurs et des tr\u00e8s petites entreprises. Il s\u2019agit aussi de fournir un appui professionnel aux petites entreprises et de soutenir l\u2019acc\u00e9l\u00e9ration entrepreneuriale apr\u00e8s la cr\u00e9ation de la jeune start-up innovante.<\/span><\/p>\n<p class=\"p2\"><span class=\"s1\">Pour rappel, il a \u00e9t\u00e9 proc\u00e9d\u00e9 l\u2019ann\u00e9e derni\u00e8re \u00e0 la cr\u00e9ation de l\u2019Association \u00abGuelmim-Oued Noun Moubadara\u00bb, dans le cadre de ce programme, pour laquelle une enveloppe budg\u00e9taire de 26,6 millions de dirhams a \u00e9t\u00e9 allou\u00e9e, dont 18 MDH financ\u00e9s par le Conseil de la r\u00e9gion et 8,6 MDH par Maroc PME, et ce pour faciliter l\u2019acc\u00e8s des entreprises au financement.<\/span><\/p>\n<p>Auteur: Mohamed Laabid<br \/>\n<a href=\"http:\/\/aujourdhui.ma\/economie\/en-marge-de-la-semaine-de-lentreprise-maroc-pme-presente-ses-programmes-dappui-et-de-financement-de-lentrepreneuriat\">Cliquez ici pour lire l&rsquo;article depuis sa source.<\/a><\/p>\n","protected":false},"excerpt":{"rendered":"<p>Cet \u00e9v\u00e9nement a pour objectif de faire conna\u00eetre des programmes d\u2019appui et d\u2019accompagnement propos\u00e9s par l\u2019Agence Maroc PME aupr\u00e8s des chefs d\u2019entreprises, des porteurs de projets et des auto-entrepreneurs de la r\u00e9gion. La ville de Guelmim a accueilli r\u00e9cemment la \u00abSemaine de l\u2019entreprise\u00bb de la r\u00e9gion de Guelmim-Oued Noun, organis\u00e9e par l\u2019Agence Maroc PME en [&hellip;]<\/p>\n","protected":false},"author":1759,"featured_media":0,"comment_status":"closed","ping_status":"closed","sticky":false,"template":"","format":"standard","meta":{"fifu_image_url":"","fifu_image_alt":"","footnotes":""},"categories":[73,54],"tags":[],"class_list":["post-76314","post","type-post","status-publish","format-standard","hentry","category-actualite","category-maroc"],"_links":{"self":[{"href":"https:\/\/linitiative.ca\/International\/wp-json\/wp\/v2\/posts\/76314","targetHints":{"allow":["GET"]}}],"collection":[{"href":"https:\/\/linitiative.ca\/International\/wp-json\/wp\/v2\/posts"}],"about":[{"href":"https:\/\/linitiative.ca\/International\/wp-json\/wp\/v2\/types\/post"}],"author":[{"embeddable":true,"href":"https:\/\/linitiative.ca\/International\/wp-json\/wp\/v2\/users\/1759"}],"replies":[{"embeddable":true,"href":"https:\/\/linitiative.ca\/International\/wp-json\/wp\/v2\/comments?post=76314"}],"version-history":[{"count":0,"href":"https:\/\/linitiative.ca\/International\/wp-json\/wp\/v2\/posts\/76314\/revisions"}],"wp:attachment":[{"href":"https:\/\/linitiative.ca\/International\/wp-json\/wp\/v2\/media?parent=76314"}],"wp:term":[{"taxonomy":"category","embeddable":true,"href":"https:\/\/linitiative.ca\/International\/wp-json\/wp\/v2\/categories?post=76314"},{"taxonomy":"post_tag","embeddable":true,"href":"https:\/\/linitiative.ca\/International\/wp-json\/wp\/v2\/tags?post=76314"}],"curies":[{"name":"wp","href":"https:\/\/api.w.org\/{rel}","templated":true}]}}