{"id":76315,"date":"2020-02-17T10:00:14","date_gmt":"2020-02-17T15:00:14","guid":{"rendered":"https:\/\/linitiative.ca\/International\/boujdour-le-forum-international-tifiski-de-la-poesie-hassanie-les-27-et-28-fevrier\/"},"modified":"2020-02-17T10:00:14","modified_gmt":"2020-02-17T15:00:14","slug":"boujdour-le-forum-international-tifiski-de-la-poesie-hassanie-les-27-et-28-fevrier","status":"publish","type":"post","link":"https:\/\/linitiative.ca\/International\/boujdour-le-forum-international-tifiski-de-la-poesie-hassanie-les-27-et-28-fevrier\/","title":{"rendered":"Boujdour : Le Forum international Tifiski de la po\u00e9sie hassanie les 27  et 28 f\u00e9vrier"},"content":{"rendered":"<header>\n<div class=\"entry-post-meta\">\n<div class=\"author-link\">Publi\u00e9 par <a itemprop=\"author\" itemscope=\"\" itemtype=\"https:\/\/schema.org\/Person\" href=\"http:\/\/aujourdhui.ma\/profile\/kaid\" rel=\"author\"><span itemprop=\"name\">ALM<\/span><\/a><\/div>\n<p>Date\u00a0:<time content=\"2020-02-17T16:00:14+00:00\" class=\"entry-date updated\" datetime=\"2020-02-17T16:00:14+00:00\">f\u00e9vrier 17, 2020<\/time><\/p>\n<div class=\"entry-cat\">dans:<a href=\"http:\/\/aujourdhui.ma\/category\/culture\" rel=\"category tag\">Culture<\/a><\/div>\n<p>0 Vues<\/p>\n<\/div>\n<\/header>\n<div class=\"entry-content clearfix\" readability=\"42\"><img decoding=\"async\" class=\"post_layout_5_img\" src=\"http:\/\/aujourdhui.ma\/wp-content\/uploads\/2020\/02\/Forum-international-Tifiski-de-la-poe%CC%81sie-hassanie.jpg?x29840\" alt=\"Boujdour : Le Forum international Tifiski de la po\u00e9sie hassanie les 27 et 28 f\u00e9vrier\"\/><\/p>\n<p class=\"p1\"><span class=\"s1\"><span class=\"c4\"><strong>La 1\u00e8re \u00e9dition du Forum international Tifiski de la po\u00e9sie hassanie aura lieu les 27 et 28 f\u00e9vrier \u00e0 Boujdour, \u00e0 l\u2019initiative de l\u2019Association Tomouh pour la relance de la po\u00e9sie hassanie et la transcription.<\/strong><\/span><\/span> <span id=\"more-333551\"\/><\/p>\n<p class=\"p1\"><span class=\"s1\">Initi\u00e9e avec l\u2019appui de la direction r\u00e9gionale de la culture et du Conseil de la r\u00e9gion de La\u00e2youne-Sakia El Hamra sous le th\u00e8me \u00abLe r\u00f4le de la po\u00e9sie hassanie dans la pr\u00e9servation de la m\u00e9moire populaire\u00bb, cette manifestation s\u2019inscrit dans le cadre de la mise en \u0153uvre du volet culturel du nouveau mod\u00e8le de d\u00e9veloppement des provinces du Sud, indique un communiqu\u00e9 des organisateurs.<\/span><\/p>\n<\/div>\n<p>Auteur: ALM<br \/>\n<a href=\"http:\/\/aujourdhui.ma\/culture\/boujdour-le-forum-international-tifiski-de-la-poesie-hassanie-les-27-et-28-fevrier\">Cliquez ici pour lire l&rsquo;article depuis sa source.<\/a><\/p>\n","protected":false},"excerpt":{"rendered":"<p>Publi\u00e9 par ALM Date\u00a0:f\u00e9vrier 17, 2020 dans:Culture 0 Vues La 1\u00e8re \u00e9dition du Forum international Tifiski de la po\u00e9sie hassanie aura lieu les 27 et 28 f\u00e9vrier \u00e0 Boujdour, \u00e0 l\u2019initiative de l\u2019Association Tomouh pour la relance de la po\u00e9sie hassanie et la transcription. Initi\u00e9e avec l\u2019appui de la direction r\u00e9gionale de la culture et [&hellip;]<\/p>\n","protected":false},"author":1759,"featured_media":0,"comment_status":"closed","ping_status":"closed","sticky":false,"template":"","format":"standard","meta":{"fifu_image_url":"","fifu_image_alt":"","footnotes":""},"categories":[73,54],"tags":[],"class_list":["post-76315","post","type-post","status-publish","format-standard","hentry","category-actualite","category-maroc"],"_links":{"self":[{"href":"https:\/\/linitiative.ca\/International\/wp-json\/wp\/v2\/posts\/76315","targetHints":{"allow":["GET"]}}],"collection":[{"href":"https:\/\/linitiative.ca\/International\/wp-json\/wp\/v2\/posts"}],"about":[{"href":"https:\/\/linitiative.ca\/International\/wp-json\/wp\/v2\/types\/post"}],"author":[{"embeddable":true,"href":"https:\/\/linitiative.ca\/International\/wp-json\/wp\/v2\/users\/1759"}],"replies":[{"embeddable":true,"href":"https:\/\/linitiative.ca\/International\/wp-json\/wp\/v2\/comments?post=76315"}],"version-history":[{"count":0,"href":"https:\/\/linitiative.ca\/International\/wp-json\/wp\/v2\/posts\/76315\/revisions"}],"wp:attachment":[{"href":"https:\/\/linitiative.ca\/International\/wp-json\/wp\/v2\/media?parent=76315"}],"wp:term":[{"taxonomy":"category","embeddable":true,"href":"https:\/\/linitiative.ca\/International\/wp-json\/wp\/v2\/categories?post=76315"},{"taxonomy":"post_tag","embeddable":true,"href":"https:\/\/linitiative.ca\/International\/wp-json\/wp\/v2\/tags?post=76315"}],"curies":[{"name":"wp","href":"https:\/\/api.w.org\/{rel}","templated":true}]}}