{"id":76317,"date":"2020-02-17T06:23:20","date_gmt":"2020-02-17T11:23:20","guid":{"rendered":"https:\/\/linitiative.ca\/International\/passer-a-la-vitesse-superieure\/"},"modified":"2020-02-17T06:23:20","modified_gmt":"2020-02-17T11:23:20","slug":"passer-a-la-vitesse-superieure","status":"publish","type":"post","link":"https:\/\/linitiative.ca\/International\/passer-a-la-vitesse-superieure\/","title":{"rendered":"Passer \u00e0 la vitesse sup\u00e9rieure!"},"content":{"rendered":"<p class=\"has-text-color c2\"><strong>Sit\u00f4t, la visite royale se serait interrompue pour, croit-on savoir, reprendre plus tard, il semble bien que l\u2019on se presse en vue de se mettre les bouch\u00e9es doubles \u00e0 passer \u00e0 la vitesse sup\u00e9rieure.<\/strong><\/p>\n<p>Tout aur\u00e9ol\u00e9es par cet \u00e9lan prodigieux que vient de mettre sur orbite le Souverain, les Autorit\u00e9s locales se sont promptement attel\u00e9es, r\u00e9cemment \u00e0 amorcer les op\u00e9rations d\u2019ex\u00e9cution des g\u00e9ants projets, inaugurant une nouvelle phase du processus de d\u00e9veloppement \u00e9conomique et social de cette ville-locomotive et renfor\u00e7ant son r\u00f4le, en tant que p\u00f4le de choix. Cette volont\u00e9 manifeste qui anime \u00e0 pr\u00e9sent, les composantes de la r\u00e9gion, met du punch dans les esprits et les c\u0153urs de tous les intervenants afin de s\u2019y mettre, dans la synergie et la concorde.<\/p>\n<p>A cet effet, tout en insistant sur la n\u00e9cessit\u00e9 de f\u00e9d\u00e9rer les efforts et mobiliser les \u00e9nergies de toutes parties comp\u00e9tentes, le Wali de la r\u00e9gion Souss Massa a entam\u00e9, vendredi, le conseil d\u2019administration de la soci\u00e9t\u00e9 charg\u00e9e du d\u00e9veloppement local, dans une ambiance plut\u00f4t guillerette, suite aux sensations de satisfaction \u00e9prouv\u00e9es au lendemain du s\u00e9jour royal, sanctionn\u00e9 par le lancement d\u2019une multitude de projets structurants.<\/p>\n<p>Le programme de l\u2019am\u00e9nagement urbain de la ville d\u2019Agadir, \u00e0 propos duquel un accord-cadre a \u00e9t\u00e9 paraph\u00e9, \u00e9tal\u00e9 sur la p\u00e9riode de 2020-2024 pour une enveloppe budg\u00e9taire de 600 milliards de centimes, constitue \u00a0un r\u00e9el leitmotiv pour la consolidation de la position de marque attribu\u00e9e au nouveau p\u00f4le \u00e9conomique dont la locomotive serait dot\u00e9e de tous les moyens idoines de cette propulsion strat\u00e9gique.<\/p>\n<p>Ce renforcement vise \u00e0, fait savoir le pr\u00e9sident du conseil d\u2019administration de cette nouvelle soci\u00e9t\u00e9 de d\u00e9veloppement, consolider fortement les infrastructures et am\u00e9liorer la fluidit\u00e9 des mobilit\u00e9s, mettre \u00e0 niveau la zone du tourisme de la ville et l\u2019\u00e9riger \u00e0 un statut plus \u00e9toff\u00e9e, prot\u00e9ger l\u2019environnement et les espaces verts, parrainer la question th\u00e9ologique, promouvoir et valoriser les aspects culturel et patrimonial, fortifier les volets sociaux de base et combler le cadre de vie\u2026<\/p>\n<p>De son c\u00f4t\u00e9, le Directeur G\u00e9n\u00e9ral de la SDL Souss-Massa a pr\u00e9sent\u00e9, les grandes lignes des programmes pr\u00e9vus pour la p\u00e9riode 2020-2024. En rapport avec les dispositions de l\u2019accord cadre relatif au financement et la mise en oeuvre du programme de d\u00e9veloppement urbain d\u2019Agadir (2020\u20132024), la soci\u00e9t\u00e9 s\u2019attellera \u00e0 l\u2019ex\u00e9cution des projets de d\u00e9veloppement urbain. Au terme de sa r\u00e9union, le CA de la soci\u00e9t\u00e9 en question a adopt\u00e9 \u00e0 l\u2019unanimit\u00e9, la structure d\u2019organisation et le code des march\u00e9s de la soci\u00e9t\u00e9, ainsi que le budget de fonctionnement de l\u2019ann\u00e9e 2020 et son local.<\/p>\n<p>Auteur: M&rsquo;hammed rahal<br \/>\n<a href=\"http:\/\/albayane.press.ma\/passer-a-la-vitesse-superieure-2.html\">Cliquez ici pour lire l&rsquo;article depuis sa source.<\/a><\/p>\n","protected":false},"excerpt":{"rendered":"<p>Sit\u00f4t, la visite royale se serait interrompue pour, croit-on savoir, reprendre plus tard, il semble bien que l\u2019on se presse en vue de se mettre les bouch\u00e9es doubles \u00e0 passer \u00e0 la vitesse sup\u00e9rieure. Tout aur\u00e9ol\u00e9es par cet \u00e9lan prodigieux que vient de mettre sur orbite le Souverain, les Autorit\u00e9s locales se sont promptement attel\u00e9es, [&hellip;]<\/p>\n","protected":false},"author":1760,"featured_media":0,"comment_status":"closed","ping_status":"closed","sticky":false,"template":"","format":"standard","meta":{"fifu_image_url":"","fifu_image_alt":"","footnotes":""},"categories":[73,54],"tags":[],"class_list":["post-76317","post","type-post","status-publish","format-standard","hentry","category-actualite","category-maroc"],"_links":{"self":[{"href":"https:\/\/linitiative.ca\/International\/wp-json\/wp\/v2\/posts\/76317","targetHints":{"allow":["GET"]}}],"collection":[{"href":"https:\/\/linitiative.ca\/International\/wp-json\/wp\/v2\/posts"}],"about":[{"href":"https:\/\/linitiative.ca\/International\/wp-json\/wp\/v2\/types\/post"}],"author":[{"embeddable":true,"href":"https:\/\/linitiative.ca\/International\/wp-json\/wp\/v2\/users\/1760"}],"replies":[{"embeddable":true,"href":"https:\/\/linitiative.ca\/International\/wp-json\/wp\/v2\/comments?post=76317"}],"version-history":[{"count":0,"href":"https:\/\/linitiative.ca\/International\/wp-json\/wp\/v2\/posts\/76317\/revisions"}],"wp:attachment":[{"href":"https:\/\/linitiative.ca\/International\/wp-json\/wp\/v2\/media?parent=76317"}],"wp:term":[{"taxonomy":"category","embeddable":true,"href":"https:\/\/linitiative.ca\/International\/wp-json\/wp\/v2\/categories?post=76317"},{"taxonomy":"post_tag","embeddable":true,"href":"https:\/\/linitiative.ca\/International\/wp-json\/wp\/v2\/tags?post=76317"}],"curies":[{"name":"wp","href":"https:\/\/api.w.org\/{rel}","templated":true}]}}