{"id":76318,"date":"2020-02-17T06:36:04","date_gmt":"2020-02-17T11:36:04","guid":{"rendered":"https:\/\/linitiative.ca\/International\/le-pretendu-intergroupe-du-pe-et-les-balivernes-de-laps\/"},"modified":"2020-02-17T06:36:04","modified_gmt":"2020-02-17T11:36:04","slug":"le-pretendu-intergroupe-du-pe-et-les-balivernes-de-laps","status":"publish","type":"post","link":"https:\/\/linitiative.ca\/International\/le-pretendu-intergroupe-du-pe-et-les-balivernes-de-laps\/","title":{"rendered":"Le  pr\u00e9tendu \u00abintergroupe\u00bb  du PE et les balivernes de l\u2019APS"},"content":{"rendered":"<p class=\"has-text-color has-vivid-cyan-blue-color\"><strong><em>L\u2019agence de presse alg\u00e9rienne, \u00e0 d\u00e9faut d\u2019informations sur ce qui se passe dans son propre pays, se rabat sur la cr\u00e9ature alg\u00e9rienne au Maghreb et plus pr\u00e9cis\u00e9ment au sud de l\u2019Alg\u00e9rie. Peu importe \u00abpolisario\u00bb ou \u00abrasd\u00bb, l\u2019APS en fait son plat de r\u00e9sistance comme si l\u2019actualit\u00e9 alg\u00e9rienne lui fait peur.<\/em><\/strong><\/p>\n<p>Et, \u00e0 force de r\u00e9p\u00e9ter les sc\u00e9narii, anachroniques et r\u00e9p\u00e9titifs, le lecteur impartial du fil de l\u2019agence finira par se lasser des jeux de mots utilis\u00e9s pour la circonstance.<\/p>\n<p>La semaine derni\u00e8re, l\u2019agence a bombard\u00e9s ses abonn\u00e9s de propos surr\u00e9alistes, en papotant, \u00e0 longueur du fil, de la cr\u00e9ation de l\u2019\u00abintergroupe Sahara occidental\u00bb, au sein du Parlement europ\u00e9en.<\/p>\n<p>En r\u00e9alit\u00e9, il s\u2019agissait d\u2019une r\u00e9union qui a regroup\u00e9, autour de son initiateur allemand Joachim Schuster, une poign\u00e9e d\u2019assistants parlementaires et de stagiaires, en pr\u00e9sence de deux repr\u00e9sentants du fumeux polisario, r\u00e9duit en peau de chagrin, depuis la proposition marocaine d\u2019autonomie.<\/p>\n<p>D\u00e9fiant le temps et la r\u00e9alit\u00e9, la voix de son ma\u00eetre fait semblant que ses abonn\u00e9s ne soient pas au fait des tenants et aboutissants du conflit artificiel et de l\u2019\u00e9vaporation de la voie r\u00e9f\u00e9rendaire devenue caduque aux yeux de la communaut\u00e9 internationale.<\/p>\n<p>A vrai dire, les mercenaires du polisario sont \u00e0 bout de souffle et r\u00e9p\u00e8tent toujours les m\u00eames mensonges pour continuer \u00e0 induire les quelques personnes qui ne connaissent pas le dossier du Sahara marocain en faisant feu de tout bois, \u00e0 chaque occasion et \u00e0 tout bout de champs, pour faire avaler leurs balivernes \u00a0et leur trouver un quelconque cr\u00e9dit.<\/p>\n<p>Mentez, mentez, il en restera toujours quelque chose!<\/p>\n<p class=\"c2\">M.K.<\/p>\n<p>Auteur: M&rsquo;hammed rahal<br \/>\n<a href=\"http:\/\/albayane.press.ma\/le-pretendu-intergroupe-du-pe-et-les-balivernes-de-laps.html\">Cliquez ici pour lire l&rsquo;article depuis sa source.<\/a><\/p>\n","protected":false},"excerpt":{"rendered":"<p>L\u2019agence de presse alg\u00e9rienne, \u00e0 d\u00e9faut d\u2019informations sur ce qui se passe dans son propre pays, se rabat sur la cr\u00e9ature alg\u00e9rienne au Maghreb et plus pr\u00e9cis\u00e9ment au sud de l\u2019Alg\u00e9rie. Peu importe \u00abpolisario\u00bb ou \u00abrasd\u00bb, l\u2019APS en fait son plat de r\u00e9sistance comme si l\u2019actualit\u00e9 alg\u00e9rienne lui fait peur. Et, \u00e0 force de r\u00e9p\u00e9ter [&hellip;]<\/p>\n","protected":false},"author":1760,"featured_media":0,"comment_status":"closed","ping_status":"closed","sticky":false,"template":"","format":"standard","meta":{"fifu_image_url":"","fifu_image_alt":"","footnotes":""},"categories":[73,54],"tags":[],"class_list":["post-76318","post","type-post","status-publish","format-standard","hentry","category-actualite","category-maroc"],"_links":{"self":[{"href":"https:\/\/linitiative.ca\/International\/wp-json\/wp\/v2\/posts\/76318","targetHints":{"allow":["GET"]}}],"collection":[{"href":"https:\/\/linitiative.ca\/International\/wp-json\/wp\/v2\/posts"}],"about":[{"href":"https:\/\/linitiative.ca\/International\/wp-json\/wp\/v2\/types\/post"}],"author":[{"embeddable":true,"href":"https:\/\/linitiative.ca\/International\/wp-json\/wp\/v2\/users\/1760"}],"replies":[{"embeddable":true,"href":"https:\/\/linitiative.ca\/International\/wp-json\/wp\/v2\/comments?post=76318"}],"version-history":[{"count":0,"href":"https:\/\/linitiative.ca\/International\/wp-json\/wp\/v2\/posts\/76318\/revisions"}],"wp:attachment":[{"href":"https:\/\/linitiative.ca\/International\/wp-json\/wp\/v2\/media?parent=76318"}],"wp:term":[{"taxonomy":"category","embeddable":true,"href":"https:\/\/linitiative.ca\/International\/wp-json\/wp\/v2\/categories?post=76318"},{"taxonomy":"post_tag","embeddable":true,"href":"https:\/\/linitiative.ca\/International\/wp-json\/wp\/v2\/tags?post=76318"}],"curies":[{"name":"wp","href":"https:\/\/api.w.org\/{rel}","templated":true}]}}