{"id":76319,"date":"2020-02-17T06:57:59","date_gmt":"2020-02-17T11:57:59","guid":{"rendered":"https:\/\/linitiative.ca\/International\/cloture-en-beaute-du-raid-solidaire-sahraouiya\/"},"modified":"2020-02-17T06:57:59","modified_gmt":"2020-02-17T11:57:59","slug":"cloture-en-beaute-du-raid-solidaire-sahraouiya","status":"publish","type":"post","link":"https:\/\/linitiative.ca\/International\/cloture-en-beaute-du-raid-solidaire-sahraouiya\/","title":{"rendered":"Cl\u00f4ture en beaut\u00e9 du raid solidaire \u00abSahraouiya\u00bb"},"content":{"rendered":"<p class=\"has-text-color has-vivid-red-color c2\"><strong>\u00ab Be Raid\u2019y for cami \u00bb remportent la 6e \u00e9dition<br \/><\/strong><\/p>\n<p class=\"c3\"><strong>Bassma Rayadi (ES de la MAP \u00e0 Dakhla)<\/strong><\/p>\n<p class=\"has-text-color c4\"><strong>Le rideau est tomb\u00e9, vendredi soir \u00e0 Dakhla, sur la 6\u00e8 \u00e9dition du raid f\u00e9minin solidaire \u00ab\u00a0Sahraouiya\u00a0\u00bb, organis\u00e9e du 08 au 15 f\u00e9vrier sous le Haut patronage de SM le Roi Mohammed VI.<\/strong><\/p>\n<p>La c\u00e9r\u00e9monie de remise des prix s\u2019est d\u00e9roul\u00e9e en pr\u00e9sence du Wali de la r\u00e9gion de Dakhla-Oued-Eddahab, gouverneur de la province d\u2019Oued Eddahab, Lamine Benomar ainsi que le pr\u00e9sident du conseil provincial, Ahmed Bekkar.<\/p>\n<p>Ainsi, l\u2019\u00e9quipe fran\u00e7aise \u00ab\u00a0Be Raid\u2019y for cami\u2019, compos\u00e9e de Salom\u00e9 Raffi et Elise Pollini, de l\u2019association \u00ab\u00a0Be Raid\u2019y for cami\u00a0\u00bb a d\u00e9croch\u00e9 le premier prix, suivie du duo \u00ab\u00a0Phosboucra 4\u2033, compos\u00e9 de Maryam Massoudi et Maryam Kharbouchi\u00a0\u00bb de la fondation Phosboucraa, alors que le bin\u00f4me\u00a0\u00bbMalwanda\u00a0\u00bb, constitu\u00e9 de Ernestine Umubyeyi et Yattara Aichata Ousmane, a compl\u00e9t\u00e9 le podium.<\/p>\n<p>Intervenant \u00e0 cette occasion, la pr\u00e9sidente de l\u2019association Lagon Dakhla et co-organisatrice de \u00ab\u00a0Sahraouiya\u00a0\u00bb, Laila Ouachi, a soulign\u00e9 que la sixi\u00e8me \u00e9dition de Sahraouiya a connu un grand rayonnement m\u00e9diatique, au niveau national et international, et a \u00e9t\u00e9 marqu\u00e9e par la participation de nombre d\u2019\u00e9quipes provenant des r\u00e9gions du sud, notamment Guelmim, Dakhla et de La\u00e2youne et de diff\u00e9rents pays, exprimant sa fiert\u00e9 de la performance du duo marocain \u00ab\u00a0Phosboucra 4\u00a0\u00bb, qui a pu s\u2019imposer et remporter la 2\u00e8me place.<\/p>\n<p>\u00ab\u00a0Le podium de cette ann\u00e9e refl\u00e8te le rayonnement international de Sahraouiya, vue que les trois premi\u00e8res sont de la France, du Maroc et de l\u2019Afrique centrale\u00a0\u00bb, a-t-elle not\u00e9, rappelant la cause solidaire de ce raid, qui donne lieu \u00e0 la collecte de dons en faveur des associations repr\u00e9sent\u00e9es dans la comp\u00e9tition.<\/p>\n<p>Pour sa part, la marraine de c\u0153ur de l\u2019\u00e9v\u00e8nement depuis sa premi\u00e8re \u00e9dition, Aicha Chenna, pr\u00e9sidente de l\u2019association \u00ab\u00a0Solidarit\u00e9 f\u00e9minine\u00a0\u00bb a exprim\u00e9 sa joie et sa fiert\u00e9 d\u2019\u00eatre \u00e0 Dakhla pour la sixi\u00e8me \u00e9dition de Sahraouiya, affirmant que cet \u00e9v\u00e8nement permet aux femmes de montrer qu\u2019elles sont fortes, sportives et solidaires.<\/p>\n<p>La c\u00e9r\u00e9monie a \u00e9t\u00e9 \u00e9galement marqu\u00e9e par la remise de subventions \u00e0 deux associations, \u00e0 savoir \u00ab\u00a0solidarit\u00e9 f\u00e9minine\u00a0\u00bb qui soutient les m\u00e8res c\u00e9libataires, et \u00ab\u00a0les amis du ruban rose\u00a0\u00bb qui soutient les femmes atteintes du cancer du sein, en plus de trois autres associations r\u00e9compens\u00e9es suite \u00e0 un tirage au sort.<\/p>\n<p>Sahraouiya a \u00e9galement accueillie cette ann\u00e9e une nouvelle marraine fran\u00e7aise, la journaliste fran\u00e7aise \u00e0 la chaine Bein Sports, Ane Laure Bonnet, qui a particip\u00e9 au c\u00f4t\u00e9 de sa co\u00e9quipi\u00e8re Marine Thiery , en plus de la pr\u00e9sence de plusieurs influenceuses de renomm\u00e9e internationale.<\/p>\n<p>\u00ab\u00a0Sahraouiya\u00a0\u00bb, le challenge \u00e0 la fois sportif et solidaire, permet \u00e0 toute femme engag\u00e9e dans l\u2019action sociale de vivre une exp\u00e9rience in\u00e9dite, alliant sport, \u00e9motion et d\u00e9couverte dans un site exceptionnel, tout en adh\u00e9rant \u00e0 une cause sociale.<\/p>\n<p>S\u2019inscrivant durablement dans des valeurs de solidarit\u00e9, de partage et de soutien, le raid Sahraouiya apporte son soutien \u00e0 des actions et \u00e0 des personnalit\u00e9s \u0153uvrant pour la solidarit\u00e9 et la promotion de la femme.<\/p>\n<p>Auteur: M&rsquo;hammed rahal<br \/>\n<a href=\"http:\/\/albayane.press.ma\/cloture-en-beaute-du-raid-solidaire-sahraouiya.html\">Cliquez ici pour lire l&rsquo;article depuis sa source.<\/a><\/p>\n","protected":false},"excerpt":{"rendered":"<p>\u00ab Be Raid\u2019y for cami \u00bb remportent la 6e \u00e9dition Bassma Rayadi (ES de la MAP \u00e0 Dakhla) Le rideau est tomb\u00e9, vendredi soir \u00e0 Dakhla, sur la 6\u00e8 \u00e9dition du raid f\u00e9minin solidaire \u00ab\u00a0Sahraouiya\u00a0\u00bb, organis\u00e9e du 08 au 15 f\u00e9vrier sous le Haut patronage de SM le Roi Mohammed VI. La c\u00e9r\u00e9monie de remise [&hellip;]<\/p>\n","protected":false},"author":1760,"featured_media":0,"comment_status":"closed","ping_status":"closed","sticky":false,"template":"","format":"standard","meta":{"fifu_image_url":"","fifu_image_alt":"","footnotes":""},"categories":[73,54],"tags":[],"class_list":["post-76319","post","type-post","status-publish","format-standard","hentry","category-actualite","category-maroc"],"_links":{"self":[{"href":"https:\/\/linitiative.ca\/International\/wp-json\/wp\/v2\/posts\/76319","targetHints":{"allow":["GET"]}}],"collection":[{"href":"https:\/\/linitiative.ca\/International\/wp-json\/wp\/v2\/posts"}],"about":[{"href":"https:\/\/linitiative.ca\/International\/wp-json\/wp\/v2\/types\/post"}],"author":[{"embeddable":true,"href":"https:\/\/linitiative.ca\/International\/wp-json\/wp\/v2\/users\/1760"}],"replies":[{"embeddable":true,"href":"https:\/\/linitiative.ca\/International\/wp-json\/wp\/v2\/comments?post=76319"}],"version-history":[{"count":0,"href":"https:\/\/linitiative.ca\/International\/wp-json\/wp\/v2\/posts\/76319\/revisions"}],"wp:attachment":[{"href":"https:\/\/linitiative.ca\/International\/wp-json\/wp\/v2\/media?parent=76319"}],"wp:term":[{"taxonomy":"category","embeddable":true,"href":"https:\/\/linitiative.ca\/International\/wp-json\/wp\/v2\/categories?post=76319"},{"taxonomy":"post_tag","embeddable":true,"href":"https:\/\/linitiative.ca\/International\/wp-json\/wp\/v2\/tags?post=76319"}],"curies":[{"name":"wp","href":"https:\/\/api.w.org\/{rel}","templated":true}]}}