{"id":76320,"date":"2020-02-17T07:04:41","date_gmt":"2020-02-17T12:04:41","guid":{"rendered":"https:\/\/linitiative.ca\/International\/%ef%bb%bfle-maroc-a-bien-avance-dans-linstauration-des-conditions-dune-croissance-plus-inclusive\/"},"modified":"2020-02-17T07:04:41","modified_gmt":"2020-02-17T12:04:41","slug":"%ef%bb%bfle-maroc-a-bien-avance-dans-linstauration-des-conditions-dune-croissance-plus-inclusive","status":"publish","type":"post","link":"https:\/\/linitiative.ca\/International\/%ef%bb%bfle-maroc-a-bien-avance-dans-linstauration-des-conditions-dune-croissance-plus-inclusive\/","title":{"rendered":"\ufeffLe Maroc a bien avanc\u00e9 dans l\u2019instauration des conditions d\u2019une croissance \u00abplus inclusive\u00bb"},"content":{"rendered":"<p class=\"has-text-color has-vivid-red-color c2\"><strong>Kristalina Georgieva, la directrice g\u00e9n\u00e9rale du Fonds mon\u00e9taire international<\/strong><\/p>\n<p class=\"c2\"><strong><br \/><\/strong>Propos recueillis par <strong>Omar Achy (MAP)<\/strong><\/p>\n<p class=\"has-text-color has-background has-cyan-bluish-gray-background-color c3\"><strong>La directrice g\u00e9n\u00e9rale du Fonds mon\u00e9taire international (FMI), Kristalina Georgieva, a indiqu\u00e9 que le Maroc \u00aba bien avanc\u00e9 dans la mise en place de conditions propices \u00e0 une croissance plus \u00e9lev\u00e9e et plus inclusive, en d\u00e9pit d\u2019un environnement ext\u00e9rieur difficile\u00bb.<\/strong><\/p>\n<p>Dans un entretien \u00e0 la MAP \u00e0 Washington, \u00e0 la veille de la visite de travail qu\u2019elle entame lundi dans le Royaume, Mme Georgieva a relev\u00e9 que \u00abla r\u00e9silience de l\u2019\u00e9conomie a \u00e9t\u00e9 renforc\u00e9e, et la croissance devrait acc\u00e9l\u00e9rer progressivement \u00e0 moyen terme\u00bb.<\/p>\n<p>\u00abToutefois, l\u2019effort de r\u00e9forme doit \u00eatre maintenu: la croissance, aujourd\u2019hui inf\u00e9rieure \u00e0 3 %, n\u2019est pas assez forte pour cr\u00e9er suffisamment d\u2019emplois et r\u00e9duire les in\u00e9galit\u00e9s sociales et r\u00e9gionales. Le ch\u00f4mage demeure \u00e9lev\u00e9, surtout parmi les jeunes et les femmes\u00bb, a soulign\u00e9 la Cheffe de l\u2019institution financi\u00e8re internationale.<\/p>\n<p>Pour Mme Georgieva, \u00ables autorit\u00e9s marocaines sont d\u00e9termin\u00e9es \u00e0 continuer de mener une politique \u00e9conomique de qualit\u00e9. Les principales r\u00e9formes ont acc\u00e9l\u00e9r\u00e9 depuis 2018, surtout celles visant \u00e0 am\u00e9liorer la gouvernance publique (par exemple gr\u00e2ce \u00e0 la promotion du programme e-government) et le climat des affaires (avec une intensification de la concurrence sur le march\u00e9 national)\u00bb.<\/p>\n<p>Evoquant l\u2019agenda de sa visite, la premi\u00e8re depuis sa prise de fonction \u00e0 la t\u00eate du FMI en octobre 2019, elle a indiqu\u00e9 qu\u2019elle chercherait \u00e0 \u00abmettre en avant le solide partenariat\u00bb qui existe entre le Maroc et le FMI, ainsi qu\u2019\u00e0 pr\u00e9parer avec les autorit\u00e9s marocaines l\u2019assembl\u00e9e annuelle du FMI et de la Banque mondiale qui se tiendra en 2021 \u00e0 Marrakech.<\/p>\n<p>\u00abNous appuyons vigoureusement l\u2019intention de nos partenaires du gouvernement d\u2019accorder la priorit\u00e9 \u00e0 l\u2019inclusion sociale, aux r\u00e9formes de l\u2019\u00e9ducation, \u00e0 la d\u00e9centralisation budg\u00e9taire et \u00e0 d\u2019autres mesures qui permettront de passer \u00e0 une croissance davantage tir\u00e9e par le secteur priv\u00e9, inclusive et porteuse d\u2019emplois\u00bb, a indiqu\u00e9 la DG du FMI en soulignant que pour rehausser le potentiel de la croissance, il sera essentiel de \u00abmener \u00e0 bien\u00bb les diff\u00e9rentes r\u00e9formes en cours, ainsi que \u00abde continuer \u00e0 renforcer la gouvernance et \u00e0 r\u00e9duire la corruption, comme le reconnaissent d\u2019ailleurs les autorit\u00e9s\u00bb. \u00abIl s\u2019agira aussi, pour y parvenir, d\u2019acc\u00e9l\u00e9rer les r\u00e9formes fiscales \u00e0 la suite des assises nationales 2019 sur la fiscalit\u00e9, de continuer d\u2019assouplir le r\u00e9gime de change afin de limiter les retomb\u00e9es \u00e9ventuelles des chocs externes sur l\u2019\u00e9conomie et de continuer d\u2019am\u00e9liorer la coordination et le ciblage des programmes sociaux\u00bb, a-t-elle not\u00e9.<\/p>\n<p>Pour Mme Georgieva, \u00able Maroc est un mod\u00e8le de v\u00e9ritable coop\u00e9ration entre le FMI et ses pays membres, avec une relation \u00e9troite sous la forme d\u2019un m\u00e9canisme de pr\u00e9caution. Ce m\u00e9canisme fait office de ligne de cr\u00e9dit, en vue d\u2019offrir au pays une solution de repli et de rassurer les investisseurs, ainsi que de renforcer la r\u00e9silience de l\u2019\u00e9conomie, d\u2019acc\u00e9l\u00e9rer la croissance et d\u2019int\u00e9grer davantage le pays dans l\u2019\u00e9conomie mondiale\u00bb.<\/p>\n<p>L\u2019assembl\u00e9e annuelle, pr\u00e9vue l\u2019an prochain \u00e0 Marrakech, \u00abconstituera un jalon important pour le Maroc et le FMI, et nous permettra de r\u00e9affirmer notre partenariat \u00e9troit\u00bb, a-t-elle encore soulign\u00e9 dans cet entretien. Et d\u2019ajouter: \u00able Maroc est un endroit id\u00e9al pour l\u2019assembl\u00e9e annuelle du FMI et de la Banque mondiale, qui constitue un des rassemblements les plus importants et les plus ouverts de grands d\u00e9cideurs \u00e9conomiques du monde entier\u00bb.<\/p>\n<p>\u00abNous sommes reconnaissants au Maroc d\u2019avoir accept\u00e9 d\u2019organiser cette assembl\u00e9e\u00bb, a dit la DG du Fonds mon\u00e9taire international qualifiant le Royaume d\u2019\u00abacteur \u00e9conomique de plus en plus incontournable et de passerelle vers l\u2019Afrique et le Moyen-Orient\u00bb.\u00a0 Signe de l\u2019importance de ce rendez-vous international, l\u2019Assembl\u00e9e annuelle comprend, explique-t-elle, \u00abun ensemble de manifestations en marge de la r\u00e9union annuelle des conseils des gouverneurs du FMI et de la Banque mondiale, qui repr\u00e9sentent nos 189 pays membres\u00bb.<\/p>\n<p>Ce conclave rassemble en effet des gouverneurs de banque centrale, des ministres des finances, des repr\u00e9sentants du monde universitaire, des chefs d\u2019entreprise, des parlementaires, des membres d\u2019organisations de la soci\u00e9t\u00e9 civile, et des journalistes, qui ont ainsi l\u2019occasion de d\u00e9battre de questions d\u2019envergure mondiale, dont les perspectives \u00e9conomiques, la stabilit\u00e9 financi\u00e8re, les politiques fiscales et budg\u00e9taires, la croissance et l\u2019emploi, l\u2019\u00e9limination de la pauvret\u00e9, le d\u00e9veloppement ou encore l\u2019efficacit\u00e9 de l\u2019aide.<\/p>\n<p>Organis\u00e9e tous les trois ans dans un des pays membres, l\u2019assembl\u00e9e annuelle r\u00e9unit environ 12.000 personnes pour toute une semaine. La derni\u00e8re assembl\u00e9e organis\u00e9e en Afrique remonte \u00e0 1973 \u00e0 Nairobi, au Kenya.<\/p>\n<p>\u00abL\u2019assembl\u00e9e constitue pour le Maroc un tremplin sans \u00e9gal pour se projeter sur la sc\u00e8ne mondiale, pr\u00e9senter ses r\u00e9alisations et mettre en avant son potentiel \u00e9conomique pour l\u2019investissement et la croissance, ce qui pourrait se r\u00e9v\u00e9ler b\u00e9n\u00e9fique bien apr\u00e8s la fin de l\u2019\u00e9v\u00e9nement\u00bb, a indiqu\u00e9 la Directrice g\u00e9n\u00e9rale du FMI. Dans cette interview accord\u00e9e \u00e0 la MAP, Mme Giergieva a \u00e9voqu\u00e9, d\u2019autre part, le manque \u00e0 gagner de la faible int\u00e9gration \u00e9conomique au Maghreb et \u00e9mis l\u2019espoir que \u00ables d\u00e9marches diplomatiques en cours contribueront \u00e0 une r\u00e9solution pacifique et rapide du conflit libyen\u00bb, soulignant que la \u00abr\u00e9duction des probl\u00e8mes de s\u00e9curit\u00e9 et de l\u2019incertitude g\u00e9opolitique de mani\u00e8re plus g\u00e9n\u00e9rale renforcerait la confiance dans la r\u00e9gion\u00bb.<\/p>\n<p>\u00abLe Maghreb est l\u2019une des r\u00e9gions les moins interconnect\u00e9es au monde sur le plan \u00e9conomique, et son potentiel d\u2019int\u00e9gration nous semble immense: les retomb\u00e9es seraient consid\u00e9rables. D\u2019apr\u00e8s notre analyse, le renforcement de l\u2019int\u00e9gration pourrait contribuer \u00e0 long terme \u00e0 relever la croissance d\u2019un point de pourcentage en moyenne dans chacun des pays du Maghreb. En stimulant l\u2019investissement, le commerce ext\u00e9rieur et la croissance, cette int\u00e9gration cr\u00e9erait des emplois qui font cruellement d\u00e9faut dans une r\u00e9gion o\u00f9 un jeune sur quatre est au ch\u00f4mage\u00bb, a affirm\u00e9 la DG de l\u2019institution mon\u00e9taire internationale.<\/p>\n<p>Auteur: M&rsquo;hammed rahal<br \/>\n<a href=\"http:\/\/albayane.press.ma\/%EF%BB%BFle-maroc-a-bien-avance-dans-linstauration-des-conditions-dune-croissance-plus-inclusive.html\">Cliquez ici pour lire l&rsquo;article depuis sa source.<\/a><\/p>\n","protected":false},"excerpt":{"rendered":"<p>Kristalina Georgieva, la directrice g\u00e9n\u00e9rale du Fonds mon\u00e9taire international Propos recueillis par Omar Achy (MAP) La directrice g\u00e9n\u00e9rale du Fonds mon\u00e9taire international (FMI), Kristalina Georgieva, a indiqu\u00e9 que le Maroc \u00aba bien avanc\u00e9 dans la mise en place de conditions propices \u00e0 une croissance plus \u00e9lev\u00e9e et plus inclusive, en d\u00e9pit d\u2019un environnement ext\u00e9rieur difficile\u00bb. [&hellip;]<\/p>\n","protected":false},"author":1760,"featured_media":0,"comment_status":"closed","ping_status":"closed","sticky":false,"template":"","format":"standard","meta":{"fifu_image_url":"","fifu_image_alt":"","footnotes":""},"categories":[73,54],"tags":[],"class_list":["post-76320","post","type-post","status-publish","format-standard","hentry","category-actualite","category-maroc"],"_links":{"self":[{"href":"https:\/\/linitiative.ca\/International\/wp-json\/wp\/v2\/posts\/76320","targetHints":{"allow":["GET"]}}],"collection":[{"href":"https:\/\/linitiative.ca\/International\/wp-json\/wp\/v2\/posts"}],"about":[{"href":"https:\/\/linitiative.ca\/International\/wp-json\/wp\/v2\/types\/post"}],"author":[{"embeddable":true,"href":"https:\/\/linitiative.ca\/International\/wp-json\/wp\/v2\/users\/1760"}],"replies":[{"embeddable":true,"href":"https:\/\/linitiative.ca\/International\/wp-json\/wp\/v2\/comments?post=76320"}],"version-history":[{"count":0,"href":"https:\/\/linitiative.ca\/International\/wp-json\/wp\/v2\/posts\/76320\/revisions"}],"wp:attachment":[{"href":"https:\/\/linitiative.ca\/International\/wp-json\/wp\/v2\/media?parent=76320"}],"wp:term":[{"taxonomy":"category","embeddable":true,"href":"https:\/\/linitiative.ca\/International\/wp-json\/wp\/v2\/categories?post=76320"},{"taxonomy":"post_tag","embeddable":true,"href":"https:\/\/linitiative.ca\/International\/wp-json\/wp\/v2\/tags?post=76320"}],"curies":[{"name":"wp","href":"https:\/\/api.w.org\/{rel}","templated":true}]}}