{"id":76322,"date":"2020-02-17T08:18:51","date_gmt":"2020-02-17T13:18:51","guid":{"rendered":"https:\/\/linitiative.ca\/International\/90-exposants-de-la-partie-salon-du-tapis-et-du-tissage-a-sousse\/"},"modified":"2020-02-17T08:18:51","modified_gmt":"2020-02-17T13:18:51","slug":"90-exposants-de-la-partie-salon-du-tapis-et-du-tissage-a-sousse","status":"publish","type":"post","link":"https:\/\/linitiative.ca\/International\/90-exposants-de-la-partie-salon-du-tapis-et-du-tissage-a-sousse\/","title":{"rendered":"90 exposants de la partie\u00a0: Salon du tapis et du tissage \u00e0 Sousse"},"content":{"rendered":"<p>La cinqui\u00e8me \u00e9dition du salon national du tapis et du tissage se poursuit au 23 f\u00e9vrier 2020, \u00e0 l\u2019espace de la foire internationale de Sousse. Inaugur\u00e9, vendredi, ce salon est organis\u00e9 par l\u2019office national de l\u2019artisanat.<br \/>\u2018\u2019Pr\u00e8s de 90 artisans de diff\u00e9rents gouvernorats (Sousse, Monastir, Mahdia, Kairouan, Kasserine, Sfax, Siliana, Gafsa, Kef, M\u00e9denine, Sidi Bouzid, Tozeur, B\u00e9ja, K\u00e9bili) participent \u00e0 cet \u00e9v\u00e9nement, ainsi que des repr\u00e9sentants d\u2019Alg\u00e9rie\u2019\u2019, souligne Ka\u00efs Gaaloul, commissaire r\u00e9gional de l\u2019artisanat.<br \/>Les artisans exposent des produits divers (tapis, margoum, klim, hayek).<br \/>Le salon connait la participation d\u2019exposants de 8 gouvernorats de l\u2019int\u00e9rieur, dans l\u2019espace des gouvernorats, dans le cadre de l\u2019application du principe de discrimination positive, o\u00f9 des pavillons d\u2019une superficie de 36 m\u00b2 ont \u00e9t\u00e9 attribu\u00e9s \u00e0 chaque r\u00e9gion.<br \/>Le salon comprend, selon la m\u00eame source, un espace r\u00e9serv\u00e9 \u00e0 un groupe de jeunes entrepreneurs, dipl\u00f4m\u00e9s des instituts sup\u00e9rieurs des arts et m\u00e9tiers et des centres de formation professionnelle des gouvernorats de Sousse, Gafsa, Gab\u00e8s, Mahdia, Nabeul, Tozeur et Kef, qui ont lanc\u00e9 des projets en textile.<br \/>Cette initiative vise \u00e0 aider les jeunes \u00e0 entrer sur le march\u00e9 et \u00e0 promouvoir leurs produits.<\/p>\n<div class=\"wp-post-author-wrap wp-post-author-shortcode left\">\n<h3 class=\"awpa-title\"\/>\n<div class=\"wp-post-author\">\n<div class=\"awpa-img awpa-author-block square\"><a href=\"http:\/\/lexpertjournal.net\/fr\/author\/lexpert\/\"><img loading=\"lazy\" decoding=\"async\" alt=\"\" src=\"http:\/\/1.gravatar.com\/avatar\/d75fce4ed1c12f48ee4270b4238ad3bf?s=150&#038;d=mm&#038;r=g\" srcset=\"http:\/\/1.gravatar.com\/avatar\/d75fce4ed1c12f48ee4270b4238ad3bf?s=300&#038;d=mm&#038;r=g 2x\" class=\"avatar avatar-150 photo\" height=\"150\" width=\"150\"\/><\/a><\/div>\n<\/div>\n<\/div>\n<div class=\"ssba-classic-2 ssba ssbp-wrap left ssbp--theme-1 c2\"><span class=\"ssba-share-text\">Share this&#8230;<\/span><br \/><a data-site=\"\" class=\"ssba_facebook_share\" href=\"http:\/\/www.facebook.com\/sharer.php?u=http:\/\/lexpertjournal.net\/fr\/2020\/02\/17\/90-exposants-de-la-partie-salon-du-tapis-et-du-tissage-a-sousse\/\" target=\"_blank\" rel=\"noopener noreferrer\"><img decoding=\"async\" src=\"http:\/\/lexpertjournal.net\/fr\/wp-content\/plugins\/simple-share-buttons-adder\/buttons\/somacro\/facebook.png\" title=\"Facebook\" class=\"ssba ssba-img c1\" alt=\"Share on Facebook\"\/><\/a><\/p>\n<p><a data-site=\"pinterest\" class=\"ssba_pinterest_share\" href=\"javascript:void((function()%7Bvar%20e=document.createElement('script');e.setAttribute('type','text\/javascript');e.setAttribute('charset','UTF-8');e.setAttribute('src','\/\/assets.pinterest.com\/js\/pinmarklet.js?r='+Math.random()*99999999);document.body.appendChild(e)%7D)());\"><img decoding=\"async\" src=\"http:\/\/lexpertjournal.net\/fr\/wp-content\/plugins\/simple-share-buttons-adder\/buttons\/somacro\/pinterest.png\" title=\"Pinterest\" class=\"ssba ssba-img c1\" alt=\"Pin on Pinterest\"\/><\/a><\/p>\n<p><a data-site=\"\" class=\"ssba_twitter_share\" href=\"http:\/\/twitter.com\/share?url=http:\/\/lexpertjournal.net\/fr\/2020\/02\/17\/90-exposants-de-la-partie-salon-du-tapis-et-du-tissage-a-sousse\/&#038;text=90%20exposants%20de%20la%20partie%C2%A0%3A%20Salon%20du%20tapis%20et%20du%20tissage%20%C3%A0%20Sousse%20\" target=\"\"_blank\"\"><img decoding=\"async\" src=\"http:\/\/lexpertjournal.net\/fr\/wp-content\/plugins\/simple-share-buttons-adder\/buttons\/somacro\/twitter.png\" title=\"Twitter\" class=\"ssba ssba-img c1\" alt=\"Tweet about this on Twitter\"\/><\/a><\/p>\n<p><a data-site=\"linkedin\" class=\"ssba_linkedin_share ssba_share_link\" href=\"http:\/\/www.linkedin.com\/shareArticle?mini=true&#038;url=http:\/\/lexpertjournal.net\/fr\/2020\/02\/17\/90-exposants-de-la-partie-salon-du-tapis-et-du-tissage-a-sousse\/\" target=\"\"_blank\"\"><img decoding=\"async\" src=\"http:\/\/lexpertjournal.net\/fr\/wp-content\/plugins\/simple-share-buttons-adder\/buttons\/somacro\/linkedin.png\" title=\"LinkedIn\" class=\"ssba ssba-img c1\" alt=\"Share on LinkedIn\"\/><\/a><\/p>\n<\/div>\n<p>Auteur: L&rsquo;Expert<br \/>\n<a href=\"http:\/\/lexpertjournal.net\/fr\/2020\/02\/17\/90-exposants-de-la-partie-salon-du-tapis-et-du-tissage-a-sousse\/\">Cliquez ici pour lire l&rsquo;article depuis sa source.<\/a><\/p>\n","protected":false},"excerpt":{"rendered":"<p>La cinqui\u00e8me \u00e9dition du salon national du tapis et du tissage se poursuit au 23 f\u00e9vrier 2020, \u00e0 l\u2019espace de la foire internationale de Sousse. Inaugur\u00e9, vendredi, ce salon est organis\u00e9 par l\u2019office national de l\u2019artisanat.\u2018\u2019Pr\u00e8s de 90 artisans de diff\u00e9rents gouvernorats (Sousse, Monastir, Mahdia, Kairouan, Kasserine, Sfax, Siliana, Gafsa, Kef, M\u00e9denine, Sidi Bouzid, Tozeur, [&hellip;]<\/p>\n","protected":false},"author":1775,"featured_media":0,"comment_status":"closed","ping_status":"closed","sticky":false,"template":"","format":"standard","meta":{"fifu_image_url":"","fifu_image_alt":"","footnotes":""},"categories":[78,55],"tags":[],"class_list":["post-76322","post","type-post","status-publish","format-standard","hentry","category-economie","category-tunisie"],"_links":{"self":[{"href":"https:\/\/linitiative.ca\/International\/wp-json\/wp\/v2\/posts\/76322","targetHints":{"allow":["GET"]}}],"collection":[{"href":"https:\/\/linitiative.ca\/International\/wp-json\/wp\/v2\/posts"}],"about":[{"href":"https:\/\/linitiative.ca\/International\/wp-json\/wp\/v2\/types\/post"}],"author":[{"embeddable":true,"href":"https:\/\/linitiative.ca\/International\/wp-json\/wp\/v2\/users\/1775"}],"replies":[{"embeddable":true,"href":"https:\/\/linitiative.ca\/International\/wp-json\/wp\/v2\/comments?post=76322"}],"version-history":[{"count":0,"href":"https:\/\/linitiative.ca\/International\/wp-json\/wp\/v2\/posts\/76322\/revisions"}],"wp:attachment":[{"href":"https:\/\/linitiative.ca\/International\/wp-json\/wp\/v2\/media?parent=76322"}],"wp:term":[{"taxonomy":"category","embeddable":true,"href":"https:\/\/linitiative.ca\/International\/wp-json\/wp\/v2\/categories?post=76322"},{"taxonomy":"post_tag","embeddable":true,"href":"https:\/\/linitiative.ca\/International\/wp-json\/wp\/v2\/tags?post=76322"}],"curies":[{"name":"wp","href":"https:\/\/api.w.org\/{rel}","templated":true}]}}