{"id":76324,"date":"2020-02-17T08:22:41","date_gmt":"2020-02-17T13:22:41","guid":{"rendered":"https:\/\/linitiative.ca\/International\/participation-au-gouvernement-ennahdha-se-dit-prete-a-revenir-a-la-table-sous-conditions\/"},"modified":"2020-02-17T08:22:41","modified_gmt":"2020-02-17T13:22:41","slug":"participation-au-gouvernement-ennahdha-se-dit-prete-a-revenir-a-la-table-sous-conditions","status":"publish","type":"post","link":"https:\/\/linitiative.ca\/International\/participation-au-gouvernement-ennahdha-se-dit-prete-a-revenir-a-la-table-sous-conditions\/","title":{"rendered":"Participation au gouvernement\u00a0: Ennahdha se dit pr\u00eate \u00e0 revenir \u00e0 la table, sous conditions"},"content":{"rendered":"<p>Le porte-parole du mouvement Ennahdha, Imed Kh\u00e9miri, a d\u00e9clar\u00e9, dimanche, que son parti ne reprendra les consultations que s\u2019i l\u2019intention s\u2019oriente vers la formation d\u2019un gouvernement politique d\u2019union nationale qui n\u2019exclut personne.<br \/>Il a renouvel\u00e9 la menace de son parti de retirer ses repr\u00e9sentants du gouvernement propos\u00e9 par Ely\u00e8s Fakhfakh. Il a estim\u00e9 que la composition du gouvernement que Fakhfakh a pr\u00e9sent\u00e9e, samedi, au pr\u00e9sident de la R\u00e9publique, Ka\u00efs Sa\u00efed est bas\u00e9e sur \u00ab la discrimination et l\u2019exclusion \u00bb, a-t-il dit.<br \/>Il a ajout\u00e9 qu\u2019il existe une divergence de vues \u00ab consid\u00e9rable \u00bb avec Ely\u00e8s Fakhfakh, charg\u00e9 de former le gouvernement, consid\u00e9rant que la forte pr\u00e9sence d\u2019ind\u00e9pendants dans la composition du gouvernement ne refl\u00e8te pas la vision du mouvement Ennahdha qui pr\u00f4ne un gouvernement politique d\u2019union nationale \u00bb.<br \/>Selon lui la liste propos\u00e9e comprend de faux ind\u00e9pendants qui, en r\u00e9alit\u00e9, appartiennent \u00e0 des partis politiques citant, \u00e0 titre d\u2019exemple, le ministre qui serait \u00e0 la t\u00eate du d\u00e9partement des Technologies de la communication et de la Transition num\u00e9rique.<br \/>Kh\u00e9miri a affirm\u00e9 que le mouvement Ennahdha est en faveur d\u2019un gouvernement d\u2019unit\u00e9 nationale qui a des partis repr\u00e9sent\u00e9s au Parlement (\u00e0 l\u2019exception de ceux qui s\u2019excluent eux-m\u00eames), appelant \u00e0 renforcer la confiance entre tous les partis politiques pour garantir au prochain gouvernement toutes les chances de r\u00e9ussite.<br \/>Le pr\u00e9sident de l\u2019Assembl\u00e9e des repr\u00e9sentants du peuple (ARP), Rached Ghannouchi s\u2019\u00e9tait entretenu, dimanche matin, au si\u00e8ge du parlement au Bardo avec le secr\u00e9taire g\u00e9n\u00e9ral de l\u2019Union G\u00e9n\u00e9rale Tunisienne du Travail (UGTT), Noureddine Taboubi et le pr\u00e9sident de l\u2019union tunisienne de l\u2019industrie, du commerce et de l\u2019artisanat (UTICA), Samir Majoul.<br \/>Ghannouchi a r\u00e9it\u00e9r\u00e9, selon un communiqu\u00e9 de l\u2019ARP, sa position constante de respecter la volont\u00e9 des \u00e9lecteurs et de rejeter l\u2019exclusion.<br \/>Selon lui, le pays a besoin d\u2019un gouvernement d\u2019union nationale et de climat de confiance et de consensus pour r\u00e9ussir \u00e0 parachever la mise en place des institutions constitutionnels, ajoutant que le texte et l\u2019esprit de la constitution permettent de trouver des solutions pour faire face \u00e0 toutes les situations.<\/p>\n<div class=\"wp-post-author-wrap wp-post-author-shortcode left\">\n<h3 class=\"awpa-title\"\/>\n<div class=\"wp-post-author\">\n<div class=\"awpa-img awpa-author-block square\"><a href=\"http:\/\/lexpertjournal.net\/fr\/author\/lexpert\/\"><img loading=\"lazy\" decoding=\"async\" alt=\"\" src=\"http:\/\/1.gravatar.com\/avatar\/d75fce4ed1c12f48ee4270b4238ad3bf?s=150&#038;d=mm&#038;r=g\" srcset=\"http:\/\/1.gravatar.com\/avatar\/d75fce4ed1c12f48ee4270b4238ad3bf?s=300&#038;d=mm&#038;r=g 2x\" class=\"avatar avatar-150 photo\" height=\"150\" width=\"150\"\/><\/a><\/div>\n<\/div>\n<\/div>\n<div class=\"ssba-classic-2 ssba ssbp-wrap left ssbp--theme-1 c2\"><span class=\"ssba-share-text\">Share this&#8230;<\/span><br \/><a data-site=\"\" class=\"ssba_facebook_share\" href=\"http:\/\/www.facebook.com\/sharer.php?u=http:\/\/lexpertjournal.net\/fr\/2020\/02\/17\/participation-au-gouvernement-ennahdha-se-dit-prete-a-revenir-a-la-table-sous-conditions\/\" target=\"_blank\" rel=\"noopener noreferrer\"><img decoding=\"async\" src=\"http:\/\/lexpertjournal.net\/fr\/wp-content\/plugins\/simple-share-buttons-adder\/buttons\/somacro\/facebook.png\" title=\"Facebook\" class=\"ssba ssba-img c1\" alt=\"Share on Facebook\"\/><\/a><\/p>\n<p><a data-site=\"pinterest\" class=\"ssba_pinterest_share\" href=\"javascript:void((function()%7Bvar%20e=document.createElement('script');e.setAttribute('type','text\/javascript');e.setAttribute('charset','UTF-8');e.setAttribute('src','\/\/assets.pinterest.com\/js\/pinmarklet.js?r='+Math.random()*99999999);document.body.appendChild(e)%7D)());\"><img decoding=\"async\" src=\"http:\/\/lexpertjournal.net\/fr\/wp-content\/plugins\/simple-share-buttons-adder\/buttons\/somacro\/pinterest.png\" title=\"Pinterest\" class=\"ssba ssba-img c1\" alt=\"Pin on Pinterest\"\/><\/a><\/p>\n<p><a data-site=\"\" class=\"ssba_twitter_share\" href=\"http:\/\/twitter.com\/share?url=http:\/\/lexpertjournal.net\/fr\/2020\/02\/17\/participation-au-gouvernement-ennahdha-se-dit-prete-a-revenir-a-la-table-sous-conditions\/&#038;text=Participation%20au%20gouvernement%C2%A0%3A%20Ennahdha%20se%20dit%20pr%C3%AAte%20%C3%A0%20revenir%20%C3%A0%20la%20table%2C%20sous%20conditions%20\" target=\"\"_blank\"\"><img decoding=\"async\" src=\"http:\/\/lexpertjournal.net\/fr\/wp-content\/plugins\/simple-share-buttons-adder\/buttons\/somacro\/twitter.png\" title=\"Twitter\" class=\"ssba ssba-img c1\" alt=\"Tweet about this on Twitter\"\/><\/a><\/p>\n<p><a data-site=\"linkedin\" class=\"ssba_linkedin_share ssba_share_link\" href=\"http:\/\/www.linkedin.com\/shareArticle?mini=true&#038;url=http:\/\/lexpertjournal.net\/fr\/2020\/02\/17\/participation-au-gouvernement-ennahdha-se-dit-prete-a-revenir-a-la-table-sous-conditions\/\" target=\"\"_blank\"\"><img decoding=\"async\" src=\"http:\/\/lexpertjournal.net\/fr\/wp-content\/plugins\/simple-share-buttons-adder\/buttons\/somacro\/linkedin.png\" title=\"LinkedIn\" class=\"ssba ssba-img c1\" alt=\"Share on LinkedIn\"\/><\/a><\/p>\n<\/div>\n<p>Auteur: L&rsquo;Expert<br \/>\n<a href=\"http:\/\/lexpertjournal.net\/fr\/2020\/02\/17\/participation-au-gouvernement-ennahdha-se-dit-prete-a-revenir-a-la-table-sous-conditions\/\">Cliquez ici pour lire l&rsquo;article depuis sa source.<\/a><\/p>\n","protected":false},"excerpt":{"rendered":"<p>Le porte-parole du mouvement Ennahdha, Imed Kh\u00e9miri, a d\u00e9clar\u00e9, dimanche, que son parti ne reprendra les consultations que s\u2019i l\u2019intention s\u2019oriente vers la formation d\u2019un gouvernement politique d\u2019union nationale qui n\u2019exclut personne.Il a renouvel\u00e9 la menace de son parti de retirer ses repr\u00e9sentants du gouvernement propos\u00e9 par Ely\u00e8s Fakhfakh. Il a estim\u00e9 que la composition [&hellip;]<\/p>\n","protected":false},"author":1775,"featured_media":0,"comment_status":"closed","ping_status":"closed","sticky":false,"template":"","format":"standard","meta":{"fifu_image_url":"","fifu_image_alt":"","footnotes":""},"categories":[78,55],"tags":[],"class_list":["post-76324","post","type-post","status-publish","format-standard","hentry","category-economie","category-tunisie"],"_links":{"self":[{"href":"https:\/\/linitiative.ca\/International\/wp-json\/wp\/v2\/posts\/76324","targetHints":{"allow":["GET"]}}],"collection":[{"href":"https:\/\/linitiative.ca\/International\/wp-json\/wp\/v2\/posts"}],"about":[{"href":"https:\/\/linitiative.ca\/International\/wp-json\/wp\/v2\/types\/post"}],"author":[{"embeddable":true,"href":"https:\/\/linitiative.ca\/International\/wp-json\/wp\/v2\/users\/1775"}],"replies":[{"embeddable":true,"href":"https:\/\/linitiative.ca\/International\/wp-json\/wp\/v2\/comments?post=76324"}],"version-history":[{"count":0,"href":"https:\/\/linitiative.ca\/International\/wp-json\/wp\/v2\/posts\/76324\/revisions"}],"wp:attachment":[{"href":"https:\/\/linitiative.ca\/International\/wp-json\/wp\/v2\/media?parent=76324"}],"wp:term":[{"taxonomy":"category","embeddable":true,"href":"https:\/\/linitiative.ca\/International\/wp-json\/wp\/v2\/categories?post=76324"},{"taxonomy":"post_tag","embeddable":true,"href":"https:\/\/linitiative.ca\/International\/wp-json\/wp\/v2\/tags?post=76324"}],"curies":[{"name":"wp","href":"https:\/\/api.w.org\/{rel}","templated":true}]}}