{"id":76325,"date":"2020-02-17T08:24:20","date_gmt":"2020-02-17T13:24:20","guid":{"rendered":"https:\/\/linitiative.ca\/International\/alloues-au-pnud-et-a-lunicef-fonds-japonais-pour-des-projets-en-tunisie\/"},"modified":"2020-02-17T08:24:20","modified_gmt":"2020-02-17T13:24:20","slug":"alloues-au-pnud-et-a-lunicef-fonds-japonais-pour-des-projets-en-tunisie","status":"publish","type":"post","link":"https:\/\/linitiative.ca\/International\/alloues-au-pnud-et-a-lunicef-fonds-japonais-pour-des-projets-en-tunisie\/","title":{"rendered":"Allou\u00e9s au PNUD et \u00e0 l\u2019UNICEF\u00a0:  Fonds japonais pour des projets en Tunisie"},"content":{"rendered":"<p>Le Gouvernement du Japon a d\u00e9cid\u00e9 de mobiliser une enveloppe de 545,454 dollars US (environ 1,550 million de Dinars tunisiens), pour des projets qui seront mis en \u0153uvre respectivement par le Programme des Nations Unies pour le d\u00e9veloppement (PNUD) et le Fond des Nations Unies pour l\u2019Enfance (UNICEF) en Tunisie, informe un communiqu\u00e9 de presse de l\u2019ambassade du Japon en Tunisie. Le montant du projet du PNUD intitul\u00e9 \u00ab Action de d\u00e9veloppement sp\u00e9cifique au contexte pour la pr\u00e9vention de l\u2019extr\u00e9misme violent, en mobilisant les entreprises, les jeunes et les femmes pour am\u00e9liorer la s\u00e9curit\u00e9 humaine \u00bb, est de 363,636 dollars US. Pour ce qui est du projet de l\u2019UNICEF intitul\u00e9 \u00ab Vers l\u2019autonomisation des adolescent(e)s de Kairouan et la pr\u00e9vention contre leur embrigadement par des groupes violents \u00bb, il est de 181,818 dollars US.<br \/>Le projet du PNUD, ajoute la m\u00eame source, vise \u00e0 acqu\u00e9rir une compr\u00e9hension plus approfondie de la situation \u00e9conomique et politique de la zone cible, Gouvernorat de M\u00e9denine, et \u00e0 favoriser l\u2019engagement des entrepreneurs et des groupes de femmes et de jeunes, en \u00e9troite collaboration avec les autorit\u00e9s publiques, y compris les forces de s\u00e9curit\u00e9. Ce soutien consistera \u00e9galement \u00e0 organiser des formations et des ateliers pour soutenir le renforcement de leurs capacit\u00e9s ainsi qu\u2019\u00e0 mettre en \u0153uvre des infrastructures physiques de paix.<br \/>Le projet de l\u2019UNICEF vise \u00e0 responsabiliser les adolescent.es dans la r\u00e9gion de Kairouan et \u00e0 pr\u00e9venir tout embrigadement par des groupes violents, gr\u00e2ce \u00e0 la sensibilisation de la communaut\u00e9 et des prestataires de services. Ce soutien consistera \u00e9galement \u00e0 appuyer une unit\u00e9 de police sp\u00e9cialis\u00e9e dans la protection de l\u2019enfance ainsi qu\u2019\u00e0 renforcer la capacit\u00e9 des professionnels de la justice dans la prise en charge des mineurs.<\/p>\n<div class=\"wp-post-author-wrap wp-post-author-shortcode left\">\n<h3 class=\"awpa-title\"\/>\n<div class=\"wp-post-author\">\n<div class=\"awpa-img awpa-author-block square\"><a href=\"http:\/\/lexpertjournal.net\/fr\/author\/lexpert\/\"><img loading=\"lazy\" decoding=\"async\" alt=\"\" src=\"http:\/\/1.gravatar.com\/avatar\/d75fce4ed1c12f48ee4270b4238ad3bf?s=150&#038;d=mm&#038;r=g\" srcset=\"http:\/\/1.gravatar.com\/avatar\/d75fce4ed1c12f48ee4270b4238ad3bf?s=300&#038;d=mm&#038;r=g 2x\" class=\"avatar avatar-150 photo\" height=\"150\" width=\"150\"\/><\/a><\/div>\n<\/div>\n<\/div>\n<div class=\"ssba-classic-2 ssba ssbp-wrap left ssbp--theme-1 c2\"><span class=\"ssba-share-text\">Share this&#8230;<\/span><br \/><a data-site=\"\" class=\"ssba_facebook_share\" href=\"http:\/\/www.facebook.com\/sharer.php?u=http:\/\/lexpertjournal.net\/fr\/2020\/02\/17\/alloues-au-pnud-et-a-lunicef-fonds-japonais-pour-des-projets-en-tunisie\/\" target=\"_blank\" rel=\"noopener noreferrer\"><img decoding=\"async\" src=\"http:\/\/lexpertjournal.net\/fr\/wp-content\/plugins\/simple-share-buttons-adder\/buttons\/somacro\/facebook.png\" title=\"Facebook\" class=\"ssba ssba-img c1\" alt=\"Share on Facebook\"\/><\/a><\/p>\n<p><a data-site=\"pinterest\" class=\"ssba_pinterest_share\" href=\"javascript:void((function()%7Bvar%20e=document.createElement('script');e.setAttribute('type','text\/javascript');e.setAttribute('charset','UTF-8');e.setAttribute('src','\/\/assets.pinterest.com\/js\/pinmarklet.js?r='+Math.random()*99999999);document.body.appendChild(e)%7D)());\"><img decoding=\"async\" src=\"http:\/\/lexpertjournal.net\/fr\/wp-content\/plugins\/simple-share-buttons-adder\/buttons\/somacro\/pinterest.png\" title=\"Pinterest\" class=\"ssba ssba-img c1\" alt=\"Pin on Pinterest\"\/><\/a><\/p>\n<p><a data-site=\"\" class=\"ssba_twitter_share\" href=\"http:\/\/twitter.com\/share?url=http:\/\/lexpertjournal.net\/fr\/2020\/02\/17\/alloues-au-pnud-et-a-lunicef-fonds-japonais-pour-des-projets-en-tunisie\/&#038;text=Allou%C3%A9s%20au%20PNUD%20et%20%C3%A0%20l%E2%80%99UNICEF%C2%A0%3A%20%20Fonds%20japonais%20pour%20des%20projets%20en%20Tunisie%20\" target=\"\"_blank\"\"><img decoding=\"async\" src=\"http:\/\/lexpertjournal.net\/fr\/wp-content\/plugins\/simple-share-buttons-adder\/buttons\/somacro\/twitter.png\" title=\"Twitter\" class=\"ssba ssba-img c1\" alt=\"Tweet about this on Twitter\"\/><\/a><\/p>\n<p><a data-site=\"linkedin\" class=\"ssba_linkedin_share ssba_share_link\" href=\"http:\/\/www.linkedin.com\/shareArticle?mini=true&#038;url=http:\/\/lexpertjournal.net\/fr\/2020\/02\/17\/alloues-au-pnud-et-a-lunicef-fonds-japonais-pour-des-projets-en-tunisie\/\" target=\"\"_blank\"\"><img decoding=\"async\" src=\"http:\/\/lexpertjournal.net\/fr\/wp-content\/plugins\/simple-share-buttons-adder\/buttons\/somacro\/linkedin.png\" title=\"LinkedIn\" class=\"ssba ssba-img c1\" alt=\"Share on LinkedIn\"\/><\/a><\/p>\n<\/div>\n<p>Auteur: L&rsquo;Expert<br \/>\n<a href=\"http:\/\/lexpertjournal.net\/fr\/2020\/02\/17\/alloues-au-pnud-et-a-lunicef-fonds-japonais-pour-des-projets-en-tunisie\/\">Cliquez ici pour lire l&rsquo;article depuis sa source.<\/a><\/p>\n","protected":false},"excerpt":{"rendered":"<p>Le Gouvernement du Japon a d\u00e9cid\u00e9 de mobiliser une enveloppe de 545,454 dollars US (environ 1,550 million de Dinars tunisiens), pour des projets qui seront mis en \u0153uvre respectivement par le Programme des Nations Unies pour le d\u00e9veloppement (PNUD) et le Fond des Nations Unies pour l\u2019Enfance (UNICEF) en Tunisie, informe un communiqu\u00e9 de presse [&hellip;]<\/p>\n","protected":false},"author":1775,"featured_media":0,"comment_status":"closed","ping_status":"closed","sticky":false,"template":"","format":"standard","meta":{"fifu_image_url":"","fifu_image_alt":"","footnotes":""},"categories":[78,55],"tags":[],"class_list":["post-76325","post","type-post","status-publish","format-standard","hentry","category-economie","category-tunisie"],"_links":{"self":[{"href":"https:\/\/linitiative.ca\/International\/wp-json\/wp\/v2\/posts\/76325","targetHints":{"allow":["GET"]}}],"collection":[{"href":"https:\/\/linitiative.ca\/International\/wp-json\/wp\/v2\/posts"}],"about":[{"href":"https:\/\/linitiative.ca\/International\/wp-json\/wp\/v2\/types\/post"}],"author":[{"embeddable":true,"href":"https:\/\/linitiative.ca\/International\/wp-json\/wp\/v2\/users\/1775"}],"replies":[{"embeddable":true,"href":"https:\/\/linitiative.ca\/International\/wp-json\/wp\/v2\/comments?post=76325"}],"version-history":[{"count":0,"href":"https:\/\/linitiative.ca\/International\/wp-json\/wp\/v2\/posts\/76325\/revisions"}],"wp:attachment":[{"href":"https:\/\/linitiative.ca\/International\/wp-json\/wp\/v2\/media?parent=76325"}],"wp:term":[{"taxonomy":"category","embeddable":true,"href":"https:\/\/linitiative.ca\/International\/wp-json\/wp\/v2\/categories?post=76325"},{"taxonomy":"post_tag","embeddable":true,"href":"https:\/\/linitiative.ca\/International\/wp-json\/wp\/v2\/tags?post=76325"}],"curies":[{"name":"wp","href":"https:\/\/api.w.org\/{rel}","templated":true}]}}