{"id":76326,"date":"2020-02-17T13:03:59","date_gmt":"2020-02-17T18:03:59","guid":{"rendered":"https:\/\/linitiative.ca\/International\/theatre-doran-cap-sur-la-numerisation-des-prestations\/"},"modified":"2020-02-17T13:03:59","modified_gmt":"2020-02-17T18:03:59","slug":"theatre-doran-cap-sur-la-numerisation-des-prestations","status":"publish","type":"post","link":"https:\/\/linitiative.ca\/International\/theatre-doran-cap-sur-la-numerisation-des-prestations\/","title":{"rendered":"Th\u00e9\u00e2tre d&rsquo;Oran: cap sur la num\u00e9risation des prestations"},"content":{"rendered":"<div readability=\"35\">\n<p><strong>ORAN &#8211; Le Th\u00e9\u00e2tre r\u00e9gional d&rsquo;Oran \u00ab\u00a0Abdelkader Alloula\u00a0\u00bb (TRO) est engag\u00e9 dans une d\u00e9marche portant num\u00e9risation de ses prestations \u00e0 l&rsquo;effet de consolider son rapprochement avec le public, a-t-on appris lundi du directeur de cette structure culturelle.<\/strong><\/p>\n<\/div>\n<div readability=\"64.1824561404\">\n<p>\u00ab\u00a0Les premiers effets de cette initiative seront visibles fin mars prochain avec la mise en place de la billetterie \u00e9lectronique\u00a0\u00bb, a pr\u00e9cis\u00e9 \u00e0 l&rsquo;APS Mourad Senouci, signalant que l&rsquo;\u00e9quipement aff\u00e9rent est en voie d&rsquo;acquisition.<\/p>\n<blockquote readability=\"13\">\n<p><em><strong>\u00ab\u00a0Comparativement au ticket classique, le billet \u00e9lectronique affichera davantage de donn\u00e9es, dont le prix, le titre, l&rsquo;auteur, la date, et l&rsquo;heure de la s\u00e9ance\u00a0\u00bb, a expliqu\u00e9 le directeur du TRO.<\/strong><\/em><\/p>\n<\/blockquote>\n<p>\u00ab\u00a0L&rsquo;op\u00e9ration sera suivie, en juin prochain, du lancement de la r\u00e9servation en ligne qui permettra au spectateur de choisir son si\u00e8ge\u00a0\u00bb, a-t-il indiqu\u00e9, signalant que le TRO a d\u00e9j\u00e0 entam\u00e9 la num\u00e9risation des si\u00e8ges par un logiciel informatique.<\/p>\n<hr\/>\n<h3>Lire aussi:\u00a0<a href=\"http:\/\/www.aps.dz\/sante-science-technologie\/100103-numerique-necessite-d-assises-nationales-pour-definir-les-axes-de-developpement-du-secteur\" target=\"_blank\" rel=\"noopener noreferrer\">Num\u00e9rique: n\u00e9cessit\u00e9 d&rsquo;assises nationales pour d\u00e9finir les axes de d\u00e9veloppement du secteur<\/a><\/h3>\n<hr\/>\n<p>D&rsquo;autres actions sont envisag\u00e9es \u00e0 court terme, comme l&rsquo;abonnement en ligne qui dotera le spectateur, via son smartphone, d&rsquo;un code d&rsquo;acc\u00e8s personnalis\u00e9 (QR Code ou Code-barres), a-t-il annonc\u00e9.<\/p>\n<blockquote readability=\"7\">\n<p><em><strong>Le plan de modernisation du TRO intervient dans le sillage de la cr\u00e9ation de sa premi\u00e8re application mobile qui peut \u00eatre t\u00e9l\u00e9charg\u00e9e \u00e0 partir d&rsquo;un smartphone en tapant simplement \u00ab\u00a0Th\u00e9\u00e2tre r\u00e9gional d&rsquo;Oran\u00a0\u00bb dans le moteur de recherche \u00ab\u00a0Google Play\u00a0\u00bb.<\/strong><\/em><\/p>\n<\/blockquote>\n<p>L&rsquo;annonce de la mise au point de cette application avait \u00e9t\u00e9 faite par le directeur du TRO en d\u00e9cembre dernier \u00e0 l&rsquo;occasion d&rsquo;un colloque international sur \u00ab\u00a0les technologies de l&rsquo;information au service du tourisme innovant de la ville d&rsquo;Oran\u00a0\u00bb.<\/p>\n<p>\u00ab\u00a0Il s&rsquo;agit de la premi\u00e8re application mobile pour le th\u00e9\u00e2tre en Alg\u00e9rie\u00a0\u00bb, avait soulign\u00e9 Mourad Senouci, faisant valoir l&rsquo;impact positif sur la visibilit\u00e9 des activit\u00e9s propos\u00e9es par son \u00e9tablissement.<\/p>\n<\/div>\n<p>Auteur:<br \/>\n<a href=\"http:\/\/www.aps.dz\/culture\/101770-theatre-d-oran-cap-sur-la-numerisation-des-prestations\">Cliquez ici pour lire l&rsquo;article depuis sa source.<\/a><\/p>\n","protected":false},"excerpt":{"rendered":"<p>ORAN &#8211; Le Th\u00e9\u00e2tre r\u00e9gional d&rsquo;Oran \u00ab\u00a0Abdelkader Alloula\u00a0\u00bb (TRO) est engag\u00e9 dans une d\u00e9marche portant num\u00e9risation de ses prestations \u00e0 l&rsquo;effet de consolider son rapprochement avec le public, a-t-on appris lundi du directeur de cette structure culturelle. \u00ab\u00a0Les premiers effets de cette initiative seront visibles fin mars prochain avec la mise en place de la [&hellip;]<\/p>\n","protected":false},"author":1790,"featured_media":0,"comment_status":"closed","ping_status":"closed","sticky":false,"template":"","format":"standard","meta":{"fifu_image_url":"","fifu_image_alt":"","footnotes":""},"categories":[53,79],"tags":[],"class_list":["post-76326","post","type-post","status-publish","format-standard","hentry","category-algerie","category-culture"],"_links":{"self":[{"href":"https:\/\/linitiative.ca\/International\/wp-json\/wp\/v2\/posts\/76326","targetHints":{"allow":["GET"]}}],"collection":[{"href":"https:\/\/linitiative.ca\/International\/wp-json\/wp\/v2\/posts"}],"about":[{"href":"https:\/\/linitiative.ca\/International\/wp-json\/wp\/v2\/types\/post"}],"author":[{"embeddable":true,"href":"https:\/\/linitiative.ca\/International\/wp-json\/wp\/v2\/users\/1790"}],"replies":[{"embeddable":true,"href":"https:\/\/linitiative.ca\/International\/wp-json\/wp\/v2\/comments?post=76326"}],"version-history":[{"count":0,"href":"https:\/\/linitiative.ca\/International\/wp-json\/wp\/v2\/posts\/76326\/revisions"}],"wp:attachment":[{"href":"https:\/\/linitiative.ca\/International\/wp-json\/wp\/v2\/media?parent=76326"}],"wp:term":[{"taxonomy":"category","embeddable":true,"href":"https:\/\/linitiative.ca\/International\/wp-json\/wp\/v2\/categories?post=76326"},{"taxonomy":"post_tag","embeddable":true,"href":"https:\/\/linitiative.ca\/International\/wp-json\/wp\/v2\/tags?post=76326"}],"curies":[{"name":"wp","href":"https:\/\/api.w.org\/{rel}","templated":true}]}}