{"id":76332,"date":"2020-02-17T10:43:00","date_gmt":"2020-02-17T15:43:00","guid":{"rendered":"https:\/\/linitiative.ca\/International\/la-marche-des-enseignants-du-primaire-empechee-par-la-police\/"},"modified":"2020-02-17T10:43:00","modified_gmt":"2020-02-17T15:43:00","slug":"la-marche-des-enseignants-du-primaire-empechee-par-la-police","status":"publish","type":"post","link":"https:\/\/linitiative.ca\/International\/la-marche-des-enseignants-du-primaire-empechee-par-la-police\/","title":{"rendered":"La marche des enseignants du primaire emp\u00each\u00e9e par la police"},"content":{"rendered":"<div id=\"originalText\" readability=\"64\">\n<p class=\"c6\">La marche des enseignants vers le Palais du gouvernement, initi\u00e9e ce lundi, \u00e0 Alger, par la coordination nationale des enseignants du primaire, a \u00e9t\u00e9 emp\u00each\u00e9e par les forces de l\u2019ordre, qui ont proc\u00e9d\u00e9 \u00e0 l\u2019interpellation de plusieurs protestataires.<\/p>\n<p class=\"c6\">D\u00e8s 10h du matin, ils \u00e9taient d\u00e9j\u00e0 quelques 300 enseignants regroup\u00e9s \u00e0 la Place des Martyrs, lieu duquel devait s\u2019\u00e9branler la marche vers le Palais Docteur Sa\u00e2dane. Cependant, un important dispositif s\u00e9curitaire bouclait les lieux, ce qui a provoqu\u00e9 des frictions entre les forces de l\u2019ordre et les enseignants protestataires, lorsque ces derniers ont tent\u00e9 de briser le cordon s\u00e9curitaire.<\/p>\n<p class=\"c6\">Les enseignants gr\u00e9vistes ont fini n\u00e9anmoins par franchir la barri\u00e8re de s\u00e9curit\u00e9 et se sont mis \u00e0 arpenter \u00a0les ruelles de la Casbah, alors que d\u2019autres ont march\u00e9 vers la rue Ben M\u2019hidi, mais sans parvenir \u00e0 rejoindre les locaux du Premier ministre Abdelaziz Djerad.<\/p>\n<p class=\"c6\"><img decoding=\"async\" alt=\"\" src=\"\/data\/upload\/ens-2.jpg\" class=\"c7\"\/><\/p>\n<p class=\"c9\"><span class=\"c8\">\u00a9Louiza\/Libert\u00e9<\/span><\/p>\n<p class=\"c6\"><img decoding=\"async\" alt=\"\" src=\"\/data\/upload\/ens-interieur.jpg\" class=\"c7\"\/><\/p>\n<p class=\"c9\"><span class=\"c8\">\u00a9Louiza\/Libert\u00e9<\/span><\/p>\n<p class=\"c6\">Les membres de la coordination entendent par cette action de protestation, qui intervient parall\u00e8lement avec la gr\u00e8ve nationale des \u00e9tablissements scolaires, \u00abl\u2019application imm\u00e9diate du d\u00e9cret pr\u00e9sidentiel 266\/14, fixant la grille indiciaire avec effet r\u00e9troactif, le recrutement de superviseurs et la r\u00e9vision des programmes p\u00e9dagogiques\u00bb. Ils revendiquent \u00e9galement\u00a0\u00ab l\u2019unification des cat\u00e9gories et la r\u00e9vision du volume horaire\u00bb.<\/p>\n<p class=\"c10\"><strong>Im\u00e8ne AMOKRANE<\/strong><\/p>\n<\/div>\n<div id=\"text_core\" readability=\"64\">\n<p class=\"c6\">La marche des enseignants vers le Palais du gouvernement, initi\u00e9e ce lundi, \u00e0 Alger, par la coordination nationale des enseignants du primaire, a \u00e9t\u00e9 emp\u00each\u00e9e par les forces de l\u2019ordre, qui ont proc\u00e9d\u00e9 \u00e0 l\u2019interpellation de plusieurs protestataires.<\/p>\n<p class=\"c6\">D\u00e8s 10h du matin, ils \u00e9taient d\u00e9j\u00e0 quelques 300 enseignants regroup\u00e9s \u00e0 la Place des Martyrs, lieu duquel devait s\u2019\u00e9branler la marche vers le Palais Docteur Sa\u00e2dane. Cependant, un important dispositif s\u00e9curitaire bouclait les lieux, ce qui a provoqu\u00e9 des frictions entre les forces de l\u2019ordre et les enseignants protestataires, lorsque ces derniers ont tent\u00e9 de briser le cordon s\u00e9curitaire.<\/p>\n<p class=\"c6\">Les enseignants gr\u00e9vistes ont fini n\u00e9anmoins par franchir la barri\u00e8re de s\u00e9curit\u00e9 et se sont mis \u00e0 arpenter \u00a0les ruelles de la Casbah, alors que d\u2019autres ont march\u00e9 vers la rue Ben M\u2019hidi, mais sans parvenir \u00e0 rejoindre les locaux du Premier ministre Abdelaziz Djerad.<\/p>\n<p class=\"c6\"><img decoding=\"async\" alt=\"\" src=\"\/data\/upload\/ens-2.jpg\" class=\"c7\"\/><\/p>\n<p class=\"c9\"><span class=\"c8\">\u00a9Louiza\/Libert\u00e9<\/span><\/p>\n<p class=\"c6\"><img decoding=\"async\" alt=\"\" src=\"\/data\/upload\/ens-interieur.jpg\" class=\"c7\"\/><\/p>\n<p class=\"c9\"><span class=\"c8\">\u00a9Louiza\/Libert\u00e9<\/span><\/p>\n<p class=\"c6\">Les membres de la coordination entendent par cette action de protestation, qui intervient parall\u00e8lement avec la gr\u00e8ve nationale des \u00e9tablissements scolaires, \u00abl\u2019application imm\u00e9diate du d\u00e9cret pr\u00e9sidentiel 266\/14, fixant la grille indiciaire avec effet r\u00e9troactif, le recrutement de superviseurs et la r\u00e9vision des programmes p\u00e9dagogiques\u00bb. Ils revendiquent \u00e9galement\u00a0\u00ab l\u2019unification des cat\u00e9gories et la r\u00e9vision du volume horaire\u00bb.<\/p>\n<p class=\"c10\"><strong>Im\u00e8ne AMOKRANE<\/strong><\/p>\n<\/div>\n<p>Auteur:<br \/>\n<a href=\"https:\/\/www.liberte-algerie.com\/actualite\/la-marche-des-enseignants-du-primaire-empechee-par-la-police-334082\">Cliquez ici pour lire l&rsquo;article depuis sa source.<\/a><\/p>\n","protected":false},"excerpt":{"rendered":"<p>La marche des enseignants vers le Palais du gouvernement, initi\u00e9e ce lundi, \u00e0 Alger, par la coordination nationale des enseignants du primaire, a \u00e9t\u00e9 emp\u00each\u00e9e par les forces de l\u2019ordre, qui ont proc\u00e9d\u00e9 \u00e0 l\u2019interpellation de plusieurs protestataires. D\u00e8s 10h du matin, ils \u00e9taient d\u00e9j\u00e0 quelques 300 enseignants regroup\u00e9s \u00e0 la Place des Martyrs, lieu [&hellip;]<\/p>\n","protected":false},"author":1742,"featured_media":76333,"comment_status":"closed","ping_status":"closed","sticky":false,"template":"","format":"standard","meta":{"fifu_image_url":"","fifu_image_alt":"","footnotes":""},"categories":[73,53],"tags":[],"class_list":["post-76332","post","type-post","status-publish","format-standard","has-post-thumbnail","hentry","category-actualite","category-algerie"],"_links":{"self":[{"href":"https:\/\/linitiative.ca\/International\/wp-json\/wp\/v2\/posts\/76332","targetHints":{"allow":["GET"]}}],"collection":[{"href":"https:\/\/linitiative.ca\/International\/wp-json\/wp\/v2\/posts"}],"about":[{"href":"https:\/\/linitiative.ca\/International\/wp-json\/wp\/v2\/types\/post"}],"author":[{"embeddable":true,"href":"https:\/\/linitiative.ca\/International\/wp-json\/wp\/v2\/users\/1742"}],"replies":[{"embeddable":true,"href":"https:\/\/linitiative.ca\/International\/wp-json\/wp\/v2\/comments?post=76332"}],"version-history":[{"count":0,"href":"https:\/\/linitiative.ca\/International\/wp-json\/wp\/v2\/posts\/76332\/revisions"}],"wp:featuredmedia":[{"embeddable":true,"href":"https:\/\/linitiative.ca\/International\/wp-json\/"}],"wp:attachment":[{"href":"https:\/\/linitiative.ca\/International\/wp-json\/wp\/v2\/media?parent=76332"}],"wp:term":[{"taxonomy":"category","embeddable":true,"href":"https:\/\/linitiative.ca\/International\/wp-json\/wp\/v2\/categories?post=76332"},{"taxonomy":"post_tag","embeddable":true,"href":"https:\/\/linitiative.ca\/International\/wp-json\/wp\/v2\/tags?post=76332"}],"curies":[{"name":"wp","href":"https:\/\/api.w.org\/{rel}","templated":true}]}}