{"id":76336,"date":"2020-02-17T06:49:39","date_gmt":"2020-02-17T11:49:39","guid":{"rendered":"https:\/\/linitiative.ca\/International\/enfants-rencontre-autour-du-projet-dun-conseil-municipal\/"},"modified":"2020-02-17T06:49:39","modified_gmt":"2020-02-17T11:49:39","slug":"enfants-rencontre-autour-du-projet-dun-conseil-municipal","status":"publish","type":"post","link":"https:\/\/linitiative.ca\/International\/enfants-rencontre-autour-du-projet-dun-conseil-municipal\/","title":{"rendered":"Enfants: Rencontre autour du projet d\u2019un \u00ab\u00a0Conseil municipal\u00a0\u00bb"},"content":{"rendered":"<div readability=\"37\">\n<p>Essaouira \u2013 Une centaine d\u2019enfants accompagn\u00e9s de leurs parents ainsi que des responsables et repr\u00e9sentants d\u2019associations locales oeuvrant dans le domaine de la protection de l\u2019enfance et de la jeunesse ont pris part, dimanche \u00e0 Essaouira, \u00e0 une rencontre consacr\u00e9e \u00e0 la pr\u00e9sentation du projet relatif \u00e0 la mise en place du \u00ab\u00a0Conseil municipal des enfants\u00a0\u00bb de la ville.<\/p>\n<\/div>\n<div readability=\"139\">\n<p>Plac\u00e9e sous le th\u00e8me \u00ab\u00a0Essaouira, ville amie des enfants\u00a0\u00bb, cette rencontre, initi\u00e9e par l\u2019Association Bayti de la cit\u00e9 des Aliz\u00e9s, a \u00e9t\u00e9 l\u2019occasion d\u2019informer ces jeunes en herbe de cette initiative citoyenne ayant trait \u00e0 la mise sur pied d\u2019une instance de repr\u00e9sentation effective des enfants de la ville, dirig\u00e9e par eux-m\u00eames.<\/p>\n<p>Le projet \u00ab\u00a0Conseil municipal des enfants d\u2019Essaouira\u00a0\u00bb vise la mise en place d\u2019un cadre d\u2019expression, de visibilit\u00e9 et de participation o\u00f9 les enfants peuvent proposer des solutions aux d\u00e9cideurs concernant les enjeux li\u00e9s \u00e0 la protection de l\u2019enfance \u00e0 l\u2019\u00e9chelle locale.<\/p>\n<p>Il se donne, ainsi, pour missions notamment de d\u00e9velopper le sens du devoir et de la responsabilit\u00e9 chez les enfants vis-\u00e0-vis de la soci\u00e9t\u00e9, de les accompagner en vue de consolider leur autonomie et promouvoir leur citoyennet\u00e9, de raffermir leur attachement \u00e0 la m\u00e8re-patrie, et de leur offrir l\u2019opportunit\u00e9 d\u2019exprimer leurs besoins par l\u2019interm\u00e9diaire de leurs repr\u00e9sentants au Conseil.<\/p>\n<p>Il s\u2019assigne aussi pour finalit\u00e9 de permettre aux enfants de d\u00e9velopper les comp\u00e9tences et capacit\u00e9s de leadership, et de nouer et renforcer des liens d\u2019amiti\u00e9 entre les diff\u00e9rents enfants de la cit\u00e9 des Aliz\u00e9s et ceux issus d\u2019autres villes du Royaume ou de pays \u00e9trangers.<\/p>\n<p>Dans une allocution au nom du Conseil municipal d\u2019Essaouira, M. Hassan Errafai a soulign\u00e9 l\u2019importance de la consolidation de la d\u00e9mocratie repr\u00e9sentative et participative \u00e0 travers la mise en place des m\u00e9canismes de participation citoyenne efficiente en vue de r\u00e9pondre aux besoins des populations locales, mettant en avant la pertinence de l\u2019implication des citoyens dans la prise de d\u00e9cisions en mati\u00e8re d\u2019\u00e9laboration, de mise en \u0153uvre et d\u2019\u00e9valuation des politiques publiques.<\/p>\n<p>A cet effet, il a affirm\u00e9 que le Maroc s\u2019est engag\u00e9 dans ce processus \u00e0 travers la constitutionnalisation en 2011 du principe de la d\u00e9mocratie participative, et la cr\u00e9ation d\u2019instances sp\u00e9ciales en vue d\u2019associer les diff\u00e9rents acteurs sociaux \u00e0 l\u2019\u00e9laboration, \u00e0 la mise en oeuvre et \u00e0 l\u2019\u00e9valuation de ces m\u00eames politiques.<\/p>\n<p>Rappelant que le conseil municipal de la cit\u00e9 des Aliz\u00e9s a toujours veill\u00e9 \u00e0 associer la population locale \u00e0 toutes ses rencontres inh\u00e9rentes \u00e0 l\u2019\u00e9laboration des orientations strat\u00e9giques propres \u00e0 la ville, il a exprim\u00e9 l\u2019ouverture de l\u2019instance \u00e9lue et son engagement total \u00e0 soutenir cette nouvelle exp\u00e9rience singuli\u00e8re et unique en son genre.<\/p>\n<p>Et de poursuivre que cette initiative vise \u00e0 impliquer les enfants souiris et \u00e0 faire entendre leurs voix, \u00e0 m\u00eame de participer, avec efficacit\u00e9 et efficience, sur les plans local, r\u00e9gional et national \u00e0 l\u2019\u00e9laboration d\u2019une politique publique nationale d\u00e9di\u00e9e \u00e0 la protection de l\u2019enfance et \u00e0 la promotion des droits de cette cat\u00e9gorie sociale.<\/p>\n<p>Dans ce cadre, M. Errafai a fait remarquer que cette instance \u00e9lue se fixe notamment parmi ses priorit\u00e9s, l\u2019\u00e9ducation des g\u00e9n\u00e9rations montantes aux valeurs et principes de d\u00e9mocratie locale, de citoyennet\u00e9 et de tol\u00e9rance, la diffusion de la culture de la d\u00e9mocratie participative aupr\u00e8s des enfants et leur sensibilisation quant au r\u00f4le qu\u2019ils peuvent jouer dans la cons\u00e9cration de leurs droits, la mise \u00e0 la disposition de cette frange de la soci\u00e9t\u00e9 des m\u00e9canismes susceptibles de favoriser la protection de leurs droits connus et reconnus universellement, ainsi que l\u2019intervention aupr\u00e8s des responsables locaux \u00e0 travers la pr\u00e9sentation de recommandations, suggestions et initiatives relatives aux questions de l\u2019enfance.<\/p>\n<p>De son c\u00f4t\u00e9, M. Hassan El Kadiri, Coordinateur de l\u2019Association Bayti \u00e0 Essaouira a donn\u00e9 un large aper\u00e7u sur le projet du \u00ab\u00a0Conseil municipal des enfants\u00a0\u00bb, relevant que cette initiative novatrice s\u2019inscrit dans le cadre des efforts soutenus men\u00e9s sur le plan local en vue de faire entendre la voix des enfants et ce, en leur permettant d\u2019exprimer leurs opinions et pr\u00e9occupations concernant les questions qui les int\u00e9ressent.<\/p>\n<p>Dans une d\u00e9claration \u00e0 la MAP, il a tenu \u00e0 pr\u00e9ciser que cette rencontre avec les enfants souiris en pr\u00e9sence des acteurs associatifs participant \u00e0 cette initiative fort louable a pour but d\u2019\u00eatre \u00e0 l\u2019\u00e9coute de cette cat\u00e9gorie sociale qui va constituer l\u2019avenir de la ville, et de lui permettre de faire part de ses besoins, attentes et aspirations dans le domaine de la gestion de la chose locale.<\/p>\n<p>Apr\u00e8s avoir d\u00e9plor\u00e9 le fait que les responsables locaux omettent tr\u00e8s souvent dans l\u2019\u00e9laboration de leurs programmes et plans d\u2019action les questions d\u00e9di\u00e9es \u00e0 l\u2019enfance, M. El Kadiri a expliqu\u00e9 que ce futur conseil municipal des enfants se veut un nouvel outil qui permettra s\u00fbrement de faire entendre leurs voix aussi bien au sein de la soci\u00e9t\u00e9 qu\u2019aupr\u00e8s des d\u00e9cideurs \u00e0 l\u2019\u00e9chelle locale, afin d\u2019accorder davantage d\u2019int\u00e9r\u00eat aux questions relatives \u00e0 la protection et \u00e0 la promotion des droits de l\u2019enfant.<\/p>\n<p>Et de conclure que cette r\u00e9union est aussi une occasion pour f\u00e9d\u00e9rer les efforts et favoriser la synergie des actions au service des int\u00e9r\u00eats des enfants de la ville d\u2019Essaouira.<\/p>\n<p>Ponctu\u00e9e d\u2019un \u00e9change fructueux et constructif entre les initiateurs de ce projet et les enfants pr\u00e9sents qui ont exprim\u00e9, en toute spontan\u00e9it\u00e9, leurs multiples questionnements, aspirations et attentes de ce futur Conseil, cette rencontre a \u00e9galement offert l\u2019occasion aux acteurs associatifs pour livrer leurs points de vue et opinions au sujet de cette nouvelle structure d\u00e9di\u00e9e \u00e0 l\u2019enfance dans la cit\u00e9 des Aliz\u00e9s.<\/p>\n<\/div>\n<p>Auteur: Meriem IGASS<br \/>\n<a href=\"http:\/\/www.mapmarrakech.ma\/fr\/enfants-rencontre-autour-du-projet-dun-conseil-municipal\/\">Cliquez ici pour lire l&rsquo;article depuis sa source.<\/a><\/p>\n","protected":false},"excerpt":{"rendered":"<p>Essaouira \u2013 Une centaine d\u2019enfants accompagn\u00e9s de leurs parents ainsi que des responsables et repr\u00e9sentants d\u2019associations locales oeuvrant dans le domaine de la protection de l\u2019enfance et de la jeunesse ont pris part, dimanche \u00e0 Essaouira, \u00e0 une rencontre consacr\u00e9e \u00e0 la pr\u00e9sentation du projet relatif \u00e0 la mise en place du \u00ab\u00a0Conseil municipal des [&hellip;]<\/p>\n","protected":false},"author":1788,"featured_media":0,"comment_status":"closed","ping_status":"closed","sticky":false,"template":"","format":"standard","meta":{"fifu_image_url":"","fifu_image_alt":"","footnotes":""},"categories":[54,76],"tags":[],"class_list":["post-76336","post","type-post","status-publish","format-standard","hentry","category-maroc","category-regions"],"_links":{"self":[{"href":"https:\/\/linitiative.ca\/International\/wp-json\/wp\/v2\/posts\/76336","targetHints":{"allow":["GET"]}}],"collection":[{"href":"https:\/\/linitiative.ca\/International\/wp-json\/wp\/v2\/posts"}],"about":[{"href":"https:\/\/linitiative.ca\/International\/wp-json\/wp\/v2\/types\/post"}],"author":[{"embeddable":true,"href":"https:\/\/linitiative.ca\/International\/wp-json\/wp\/v2\/users\/1788"}],"replies":[{"embeddable":true,"href":"https:\/\/linitiative.ca\/International\/wp-json\/wp\/v2\/comments?post=76336"}],"version-history":[{"count":0,"href":"https:\/\/linitiative.ca\/International\/wp-json\/wp\/v2\/posts\/76336\/revisions"}],"wp:attachment":[{"href":"https:\/\/linitiative.ca\/International\/wp-json\/wp\/v2\/media?parent=76336"}],"wp:term":[{"taxonomy":"category","embeddable":true,"href":"https:\/\/linitiative.ca\/International\/wp-json\/wp\/v2\/categories?post=76336"},{"taxonomy":"post_tag","embeddable":true,"href":"https:\/\/linitiative.ca\/International\/wp-json\/wp\/v2\/tags?post=76336"}],"curies":[{"name":"wp","href":"https:\/\/api.w.org\/{rel}","templated":true}]}}