{"id":76338,"date":"2020-02-17T11:17:46","date_gmt":"2020-02-17T16:17:46","guid":{"rendered":"https:\/\/linitiative.ca\/International\/plaidoyer-pour-une-communication-continue-entre-les-acteurs-sociaux\/"},"modified":"2020-02-17T11:17:46","modified_gmt":"2020-02-17T16:17:46","slug":"plaidoyer-pour-une-communication-continue-entre-les-acteurs-sociaux","status":"publish","type":"post","link":"https:\/\/linitiative.ca\/International\/plaidoyer-pour-une-communication-continue-entre-les-acteurs-sociaux\/","title":{"rendered":"Plaidoyer pour une communication \u00ab\u00a0continue\u00a0\u00bb entre les acteurs sociaux"},"content":{"rendered":"<div readability=\"37\">\n<p>Marrakech \u2013 Les participants \u00e0 un colloque organis\u00e9, le weekend dernier \u00e0 Marrakech, autour de \u00ab\u00a0L\u2019employabilit\u00e9 et la paix sociale dans les pays maghr\u00e9bins\u00a0\u00bb, ont plaid\u00e9 en faveur d\u2019une communication \u00ab\u00a0constructive\u00a0\u00bb et \u00ab\u00a0continue\u00a0\u00bb entre les diff\u00e9rents acteurs sociaux.<\/p>\n<\/div>\n<div readability=\"93\">\n<p>Dans les recommandations et conclusions ayant sanctionn\u00e9 les travaux de cette Rencontre de deux jours, initi\u00e9e par l\u2019Organisation de l\u2019Action Maghr\u00e9bine (OAM) et le Laboratoire des \u00e9tudes juridiques, civiles et fonci\u00e8res, en partenariat notamment avec la Fondation allemande Hanns Seidel et le Centre international d\u2019\u00e9tudes et de conseils juridiques, ils ont insist\u00e9 sur l\u2019importance des n\u00e9gociations sociales dans la cons\u00e9cration de la paix sociale, tout en appelant \u00e0 une meilleure compr\u00e9hension et perception des aspirations et attentes de la jeunesse maghr\u00e9bine.<\/p>\n<p>Les participants \u00e0 ce conclave, dont des chercheurs, des experts, des professeurs universitaires et des acteurs des droits de l\u2019Homme, ont \u00e9galement mis l\u2019accent sur la promotion de la recherche scientifique dans le domaine des droits \u00e9conomiques, sociaux et culturels, ainsi que sur le renforcement des engagements de l\u2019Etat en mati\u00e8re de cons\u00e9cration des droits li\u00e9s au travail et ce, conform\u00e9ment aux explications et pr\u00e9cisions apport\u00e9es par les experts de l\u2019Organisation Internationale du Travail (OIT) afin de consacrer la s\u00e9curit\u00e9 dans son concept global.<\/p>\n<p>Ils ont, en outre, pr\u00e9conis\u00e9 l\u2019institutionnalisation du dialogue social et le renforcement de son r\u00f4le dans la pr\u00e9servation de la dignit\u00e9 et la r\u00e9alisation de la justice sociale, soulignant l\u2019imp\u00e9ratif de la dynamisation du r\u00f4le des universit\u00e9s publiques en tant qu\u2019espace pour l\u2019encadrement politique et syndical.<\/p>\n<p>Les recommandations issues de cette rencontre ont aussi port\u00e9 sur la r\u00e9vision des politiques en mati\u00e8re d\u2019emploi \u00e0 m\u00eame de r\u00e9pondre aux besoins de la soci\u00e9t\u00e9, et la coordination des efforts entre les pays du Maghreb afin de r\u00e9aliser la paix sociale.<\/p>\n<p>Les participants ont, d\u2019autre part, appel\u00e9 \u00e0 la simplification des proc\u00e9dures inh\u00e9rentes \u00e0 l\u2019indemnit\u00e9 pour perte d\u2019emploi et \u00e0 la r\u00e9vision du montant qui y est consacr\u00e9, plaidant en faveur de la r\u00e9duction du nombre d\u2019heures de travail de nuit pour les femmes.<\/p>\n<p>Ce colloque a \u00e9t\u00e9 l\u2019occasion pour d\u00e9battre de l\u2019efficience et de l\u2019efficacit\u00e9 des l\u00e9gislations en mati\u00e8re d\u2019emploi dans les pays maghr\u00e9bins pour la promotion de ce secteur, la r\u00e9alisation du d\u00e9veloppement \u00e9conomique et la garantie de la paix sociale.<\/p>\n<p>Le programme de cette rencontre pr\u00e9voyait une s\u00e9rie de sessions anim\u00e9es par des enseignants, des experts et des acteurs des droits de l\u2019Homme, venus des diff\u00e9rents pays du Maghreb.<\/p>\n<p>\u00ab\u00a0L\u2019employabilit\u00e9 et les politiques publiques dans les pays du Maghreb\u00a0\u00bb, \u00ab\u00a0l\u2019employabilit\u00e9 et la paix sociale dans le contexte maghr\u00e9bin\u00a0\u00bb, \u00ab\u00a0le syst\u00e8me d\u2019\u00e9ducation et de formation professionnelle et les enjeux de l\u2019employabilit\u00e9\u00a0\u00bb, \u00ab\u00a0l\u2019\u00e9quation de l\u2019employabilit\u00e9, du ch\u00f4mage et de la fuite des cerveaux\u00a0\u00bb, \u00ab\u00a0les l\u00e9gislations dans les pays maghr\u00e9bins et les enjeux de l\u2019employabilit\u00e9 et de la croissance \u00e9conomique\u00a0\u00bb ainsi que \u00ab\u00a0le r\u00f4le de la r\u00e9gionalisation avanc\u00e9e dans la promotion de l\u2019emploi et l\u2019instauration de la paix sociale\u00a0\u00bb, sont autant de th\u00e8mes abord\u00e9s lors de ce colloque.<\/p>\n<\/div>\n<p>Auteur: Meriem IGASS<br \/>\n<a href=\"http:\/\/www.mapmarrakech.ma\/fr\/plaidoyer-pour-une-communication-continue-entre-les-acteurs-sociaux\/\">Cliquez ici pour lire l&rsquo;article depuis sa source.<\/a><\/p>\n","protected":false},"excerpt":{"rendered":"<p>Marrakech \u2013 Les participants \u00e0 un colloque organis\u00e9, le weekend dernier \u00e0 Marrakech, autour de \u00ab\u00a0L\u2019employabilit\u00e9 et la paix sociale dans les pays maghr\u00e9bins\u00a0\u00bb, ont plaid\u00e9 en faveur d\u2019une communication \u00ab\u00a0constructive\u00a0\u00bb et \u00ab\u00a0continue\u00a0\u00bb entre les diff\u00e9rents acteurs sociaux. Dans les recommandations et conclusions ayant sanctionn\u00e9 les travaux de cette Rencontre de deux jours, initi\u00e9e par [&hellip;]<\/p>\n","protected":false},"author":1788,"featured_media":0,"comment_status":"closed","ping_status":"closed","sticky":false,"template":"","format":"standard","meta":{"fifu_image_url":"","fifu_image_alt":"","footnotes":""},"categories":[54,76],"tags":[],"class_list":["post-76338","post","type-post","status-publish","format-standard","hentry","category-maroc","category-regions"],"_links":{"self":[{"href":"https:\/\/linitiative.ca\/International\/wp-json\/wp\/v2\/posts\/76338","targetHints":{"allow":["GET"]}}],"collection":[{"href":"https:\/\/linitiative.ca\/International\/wp-json\/wp\/v2\/posts"}],"about":[{"href":"https:\/\/linitiative.ca\/International\/wp-json\/wp\/v2\/types\/post"}],"author":[{"embeddable":true,"href":"https:\/\/linitiative.ca\/International\/wp-json\/wp\/v2\/users\/1788"}],"replies":[{"embeddable":true,"href":"https:\/\/linitiative.ca\/International\/wp-json\/wp\/v2\/comments?post=76338"}],"version-history":[{"count":0,"href":"https:\/\/linitiative.ca\/International\/wp-json\/wp\/v2\/posts\/76338\/revisions"}],"wp:attachment":[{"href":"https:\/\/linitiative.ca\/International\/wp-json\/wp\/v2\/media?parent=76338"}],"wp:term":[{"taxonomy":"category","embeddable":true,"href":"https:\/\/linitiative.ca\/International\/wp-json\/wp\/v2\/categories?post=76338"},{"taxonomy":"post_tag","embeddable":true,"href":"https:\/\/linitiative.ca\/International\/wp-json\/wp\/v2\/tags?post=76338"}],"curies":[{"name":"wp","href":"https:\/\/api.w.org\/{rel}","templated":true}]}}