{"id":76340,"date":"2020-02-17T10:59:11","date_gmt":"2020-02-17T15:59:11","guid":{"rendered":"https:\/\/linitiative.ca\/International\/ouargla-la-prison-a-vie-prononcee-par-contumace-a-lencontre-de-narcotrafiquants\/"},"modified":"2020-02-17T10:59:11","modified_gmt":"2020-02-17T15:59:11","slug":"ouargla-la-prison-a-vie-prononcee-par-contumace-a-lencontre-de-narcotrafiquants","status":"publish","type":"post","link":"https:\/\/linitiative.ca\/International\/ouargla-la-prison-a-vie-prononcee-par-contumace-a-lencontre-de-narcotrafiquants\/","title":{"rendered":"Ouargla: la prison \u00e0 vie prononc\u00e9e par contumace \u00e0 l\u2019encontre de narcotrafiquants"},"content":{"rendered":"<p><span class=\"sp-nh-title\">Le FLN appelle au renforcement du front interne pour le resserrement des rangs<\/span> &#8211; <span class=\"sp-nh-date\">lundi 17 f\u00e9vrier 2020 19:57<\/span><\/p>\n<p><span class=\"sp-nh-title\">Le Pr\u00e9sident Tebboune se r\u00e9unit avec les walis de la R\u00e9publique<\/span> &#8211; <span class=\"sp-nh-date\">lundi 17 f\u00e9vrier 2020 19:53<\/span><\/p>\n<p><span class=\"sp-nh-title\">Appel \u00e0 consacrer davantage d\u2019\u00e9tudes historiques au parcours du cheikh Larbi T\u00e9bessi<\/span> &#8211; <span class=\"sp-nh-date\">lundi 17 f\u00e9vrier 2020 19:36<\/span><\/p>\n<p><span class=\"sp-nh-title\">Gouvernement-walis: un cadre de concertation pour am\u00e9liorer la gestion des collectivit\u00e9s locales<\/span> &#8211; <span class=\"sp-nh-date\">lundi 17 f\u00e9vrier 2020 19:28<\/span><\/p>\n<p><span class=\"sp-nh-title\">Gouvernement-Walis: concr\u00e9tiser la nouvelle feuille de route pour la relance de l&rsquo;investissement et le d\u00e9veloppement local<\/span> &#8211; <span class=\"sp-nh-date\">lundi 17 f\u00e9vrier 2020 19:20<\/span><\/p>\n<p><span class=\"sp-nh-title\">\u00c9valuation de la zone de libre \u00e9change Alg\u00e9rie-l&rsquo;UE : consultation des op\u00e9rateurs et experts<\/span> &#8211; <span class=\"sp-nh-date\">lundi 17 f\u00e9vrier 2020 19:18<\/span><\/p>\n<p><span class=\"sp-nh-title\">Un fichier du produit national fin pr\u00eat dans six mois<\/span> &#8211; <span class=\"sp-nh-date\">lundi 17 f\u00e9vrier 2020 19:15<\/span><\/p>\n<p><span class=\"sp-nh-title\">Les anciens walis de Skikda, Mohamed Bouderbali et Faouzi Benhassine, plac\u00e9s en d\u00e9tention provisoire<\/span> &#8211; <span class=\"sp-nh-date\">lundi 17 f\u00e9vrier 2020 19:14<\/span><\/p>\n<p><span class=\"sp-nh-title\">Appel \u00e0 une approche participative pour la planification \u00e9conomique<\/span> &#8211; <span class=\"sp-nh-date\">lundi 17 f\u00e9vrier 2020 19:07<\/span><\/p>\n<p><span class=\"sp-nh-title\">Trois ateliers urgents pour r\u00e9duire les disparit\u00e9s en mati\u00e8re de d\u00e9veloppement local<\/span> &#8211; <span class=\"sp-nh-date\">lundi 17 f\u00e9vrier 2020 18:59<\/span><\/p>\n<p><span class=\"sp-nh-title\">Lazhari \u00e9lu \u00e0 la pr\u00e9sidence du Comit\u00e9 consultatif du Conseil des droits de l&rsquo;homme \u00e0 Gen\u00e8ve<\/span> &#8211; <span class=\"sp-nh-date\">lundi 17 f\u00e9vrier 2020 18:54<\/span><\/p>\n<p><span class=\"sp-nh-title\">Sa\u00efda: enregistrement de 150 t\u00e9moignages des moudjahidine de la wilaya<\/span> &#8211; <span class=\"sp-nh-date\">lundi 17 f\u00e9vrier 2020 18:53<\/span><\/p>\n<p><span class=\"sp-nh-title\">Journ\u00e9e du chahid: le moudjahid Cheikh se rem\u00e9more les souvenirs de combat<\/span> &#8211; <span class=\"sp-nh-date\">lundi 17 f\u00e9vrier 2020 18:49<\/span><\/p>\n<p><span class=\"sp-nh-title\">Exportation vers l&rsquo;Afrique: Convention entre Logistrans et le club des industriels de la Mitidja<\/span> &#8211; <span class=\"sp-nh-date\">lundi 17 f\u00e9vrier 2020 18:46<\/span><\/p>\n<p><span class=\"sp-nh-title\">Journ\u00e9e du chahid: le moudjahid Cheikh se rem\u00e9more les souvenirs de combat \u00e0 la veille de la c\u00e9l\u00e9bration de cette journ\u00e9e \u00e0 Sa\u00efda<\/span> &#8211; <span class=\"sp-nh-date\">lundi 17 f\u00e9vrier 2020 18:40<\/span><\/p>\n<p><span class=\"sp-nh-title\">Appel \u00e0 l&rsquo;ouverture d&rsquo;un dialogue entre syndicats et minist\u00e8re de l&rsquo;Education nationale<\/span> &#8211; <span class=\"sp-nh-date\">lundi 17 f\u00e9vrier 2020 18:29<\/span><\/p>\n<p><span class=\"sp-nh-title\">L&rsquo;Alg\u00e9rie s&#8217;emploie activement \u00e0 trouver une solution \u00e0 la crise libyenne<\/span> &#8211; <span class=\"sp-nh-date\">lundi 17 f\u00e9vrier 2020 18:16<\/span><\/p>\n<p><span class=\"sp-nh-title\">Le Pr\u00e9sident Tebboune nomme Karim Younes M\u00e9diateur de la R\u00e9publique<\/span> &#8211; <span class=\"sp-nh-date\">lundi 17 f\u00e9vrier 2020 17:40<\/span><\/p>\n<p><span class=\"sp-nh-title\">Transport de marchandises: Opticharge lance sa plateforme logistique digitale<\/span> &#8211; <span class=\"sp-nh-date\">lundi 17 f\u00e9vrier 2020 17:30<\/span><\/p>\n<p><span class=\"sp-nh-title\">Th\u00e9\u00e2tre d&rsquo;Oran: cap sur la num\u00e9risation des prestations<\/span> &#8211; <span class=\"sp-nh-date\">lundi 17 f\u00e9vrier 2020 17:13<\/span><\/p>\n<p>Auteur:<br \/>\n<a href=\"http:\/\/www.aps.dz\/regions\/101769-ouargla-la-prison-a-vie-prononcee-par-contumace-a-l-encontre-de-narcotrafiquants\">Cliquez ici pour lire l&rsquo;article depuis sa source.<\/a><\/p>\n","protected":false},"excerpt":{"rendered":"<p>Le FLN appelle au renforcement du front interne pour le resserrement des rangs &#8211; lundi 17 f\u00e9vrier 2020 19:57 Le Pr\u00e9sident Tebboune se r\u00e9unit avec les walis de la R\u00e9publique &#8211; lundi 17 f\u00e9vrier 2020 19:53 Appel \u00e0 consacrer davantage d\u2019\u00e9tudes historiques au parcours du cheikh Larbi T\u00e9bessi &#8211; lundi 17 f\u00e9vrier 2020 19:36 Gouvernement-walis: [&hellip;]<\/p>\n","protected":false},"author":1790,"featured_media":0,"comment_status":"closed","ping_status":"closed","sticky":false,"template":"","format":"standard","meta":{"fifu_image_url":"","fifu_image_alt":"","footnotes":""},"categories":[53,76],"tags":[],"class_list":["post-76340","post","type-post","status-publish","format-standard","hentry","category-algerie","category-regions"],"_links":{"self":[{"href":"https:\/\/linitiative.ca\/International\/wp-json\/wp\/v2\/posts\/76340","targetHints":{"allow":["GET"]}}],"collection":[{"href":"https:\/\/linitiative.ca\/International\/wp-json\/wp\/v2\/posts"}],"about":[{"href":"https:\/\/linitiative.ca\/International\/wp-json\/wp\/v2\/types\/post"}],"author":[{"embeddable":true,"href":"https:\/\/linitiative.ca\/International\/wp-json\/wp\/v2\/users\/1790"}],"replies":[{"embeddable":true,"href":"https:\/\/linitiative.ca\/International\/wp-json\/wp\/v2\/comments?post=76340"}],"version-history":[{"count":0,"href":"https:\/\/linitiative.ca\/International\/wp-json\/wp\/v2\/posts\/76340\/revisions"}],"wp:attachment":[{"href":"https:\/\/linitiative.ca\/International\/wp-json\/wp\/v2\/media?parent=76340"}],"wp:term":[{"taxonomy":"category","embeddable":true,"href":"https:\/\/linitiative.ca\/International\/wp-json\/wp\/v2\/categories?post=76340"},{"taxonomy":"post_tag","embeddable":true,"href":"https:\/\/linitiative.ca\/International\/wp-json\/wp\/v2\/tags?post=76340"}],"curies":[{"name":"wp","href":"https:\/\/api.w.org\/{rel}","templated":true}]}}