{"id":76341,"date":"2020-02-17T12:49:06","date_gmt":"2020-02-17T17:49:06","guid":{"rendered":"https:\/\/linitiative.ca\/International\/journee-du-chahid-le-moudjahid-cheikh-se-rememore-les-souvenirs-de-combat\/"},"modified":"2020-02-17T12:49:06","modified_gmt":"2020-02-17T17:49:06","slug":"journee-du-chahid-le-moudjahid-cheikh-se-rememore-les-souvenirs-de-combat","status":"publish","type":"post","link":"https:\/\/linitiative.ca\/International\/journee-du-chahid-le-moudjahid-cheikh-se-rememore-les-souvenirs-de-combat\/","title":{"rendered":"Journ\u00e9e du chahid: le moudjahid \u00ab\u00a0Cheikh\u00a0\u00bb se rem\u00e9more les souvenirs de combat"},"content":{"rendered":"<div readability=\"39\">\n<p><strong>SAIDA &#8211; Le moudjahid \u00ab\u00a0Cheikh Medjahed\u00a0\u00bb se rem\u00e9more, \u00e0 la vielle de la c\u00e9l\u00e9bration de la journ\u00e9e nationale du chahid, dont les festivit\u00e9s officielles seront organis\u00e9es cette ann\u00e9e \u00e0 Sa\u00efda, des souvenirs de son combat dans la zone 5 \u00e0 Sidi Bel-Abb\u00e8s lors de la glorieuse guerre de lib\u00e9ration nationale, ainsi que la lutte h\u00e9ro\u00efque de ses compagnons qui se sont sacrifi\u00e9s pour le recouvrement de la souverainet\u00e9 sur le sol alg\u00e9rien.<\/strong><\/p>\n<\/div>\n<div readability=\"99\">\n<p>El-Hadj Medjahed Cheikh \u00e9voque les souvenirs de sa participation dans quatre grandes batailles durant la lutte arm\u00e9e dans la zone 5, dont la bataille de \u00ab\u00a0Djerab\u00a0\u00bb au sud de Telagh (Sidi Bel-Abb\u00e8s) en 1958, indiquant apr\u00e8s avoir re\u00e7u des informations sur l&rsquo;arriv\u00e9e de troupes fran\u00e7aises dans une op\u00e9ration de ratissage et d&rsquo;encerclement de la zone 5 \u00e0 Sidi Bel-Abb\u00e8s. \u00ab\u00a0Nous sommes entr\u00e9s dans un accrochage avec eux, o\u00f9 un de nos compagnons,,Youb Ould Sahraoui est tomb\u00e9 au champ d&rsquo;honneur\u00a0\u00bb, a-t-il soulign\u00e9.<\/p>\n<p>\u00ab\u00a0Le 3 mars 1959, dans une autre bataille qui a eu lieu \u00e0 \u00ab\u00a0Djebel A\u00efn Khelifa\u00a0\u00bb situ\u00e9 entre la wilaya de Sa\u00efda et Sidi Bel-Abb\u00e8s, gravement bless\u00e9 \u00e0 la jambe, je fus arr\u00eat\u00e9 et transf\u00e9r\u00e9 \u00e0 une prison de Sidi Bel-Abb\u00e8s, puis \u00e0 Oran et Chlef jusqu&rsquo;au mois d&rsquo;avril 1962 o\u00f9 j&rsquo;ai \u00e9t\u00e9 lib\u00e9r\u00e9 avec plusieurs moudjahidine\u00a0\u00bb, a-t-li ajout\u00e9.<\/p>\n<p>Parmi les \u00e9v\u00e9nements qui ont marqu\u00e9 Medjahed Cheikh, figure l&rsquo;annonce du \u00ab\u00a0cessez le feu\u00a0\u00bb.<\/p>\n<p>\u00ab\u00a0Dans la prison, nous \u00e9tions en train d&rsquo;\u00e9couter la d\u00e9claration du pr\u00e9sident du Gouvernement provisoire, Youcef Benklhedda, qui a annonc\u00e9 le cessez le feu. C&rsquo;\u00e9tait des moments o\u00f9 se m\u00ealaient la joie de la victoire et le souvenir de nos compagnons tomb\u00e9s au champ d&rsquo;honneur\u00a0\u00bb, a-t-il d\u00e9clar\u00e9.<\/p>\n<p>Le Moudjahid se souvient \u00e9galement du jour de son retour \u00e0 sa r\u00e9gion natale et ses retrouvailles avec son p\u00e8re, qui travaillait alors dans le domaine de la construction \u00e0 Sa\u00efda et sa joie \u00e9tait double, la premi\u00e8re c&rsquo;\u00e9tait la victoire et l&rsquo;autre d&rsquo;avoir retrouv\u00e9 son fils.<\/p>\n<p>A ce propos, le moudjahid a soulign\u00e9 que \u00ab\u00a0la d\u00e9termination et la volont\u00e9 ont permis au peuple d&rsquo;aller en avant dans sa lutte pour r\u00e9aliser la victoire et recouvrir la souverainet\u00e9 de sa patrie\u00a0\u00bb, affirmant que \u00ab\u00a0les moudjahidine se distinguaient par leur patience et une volont\u00e9 exemplaire dans la continuation de la lutte sans r\u00e9pit, ni repli, m\u00eame si tous savaient et pr\u00e9voyaient qu&rsquo;ils allaient mourir en martyrs\u00a0\u00bb.<\/p>\n<p>Le moudjahid Medjahed Cheikh a fait part de son espoir que tous les acteurs dans le domaine de l&rsquo;histoire participent \u00e0 enregistrer les sacrifices et l&rsquo;h\u00e9ro\u00efsme de la g\u00e9n\u00e9ration de la guerre pour pr\u00e9server l&rsquo;histoire et la m\u00e9moire d&rsquo;un peuple dont la r\u00e9volution qu&rsquo;il a men\u00e9e a constitu\u00e9 une source d&rsquo;inspiration pour les mouvements de lib\u00e9ration dans le monde entier et un exemple pour briser toutes les cha\u00eenes de la tyrannie et de l&rsquo;occupation coloniale.<\/p>\n<p>Cheikh Medjahed, appel\u00e9 Abdelfettah est consid\u00e9r\u00e9 comme l&rsquo;un des h\u00e9ros de l&rsquo;Ouarsenis qui avaient foi dans la lutte arm\u00e9e comme seule moyen pour arracher la libert\u00e9 et l&rsquo;ind\u00e9pendance du pays.<\/p>\n<p>Le moudjahid a \u00e9t\u00e9 form\u00e9 dans les \u00e9coles coraniques de la r\u00e9gion d&rsquo;A\u00efn El-Manaa (Sa\u00efda) et a fait partie du premier contingent ayant rejoint les rangs de la glorieuse Arm\u00e9e de lib\u00e9ration nationale (ALN) juste apr\u00e8s avoir particip\u00e9 \u00e0 un guet-apens contre un officier fran\u00e7ais.<\/p>\n<p>N\u00e9 en 1936 et issu de la r\u00e9gion d&rsquo;A\u00efn El-Manaa, ce valeureux moudjahid a occup\u00e9 de nombreux postes de responsabilit\u00e9 dans les rangs de l&rsquo;ALN dans la r\u00e9gion de Sfisef (Sidi Bel-Abb\u00e8s). Il a eu \u00e9galement la responsabilit\u00e9 de former et d&rsquo;entra\u00eener de nombreux moudjahidine (moussabiline). De nombreux centres entrainement ont \u00e9t\u00e9 cr\u00e9\u00e9s dans les monts de Moksi, Sfisef, Sidi Douma et Ouled Sahraoui pour les pr\u00e9parer militairement pour la lutte arm\u00e9e.<\/p>\n<\/div>\n<p>Auteur:<br \/>\n<a href=\"http:\/\/www.aps.dz\/regions\/101780-journee-du-chahid-le-moudjahid-cheikh-se-rememore-les-souvenirs-de-combat\">Cliquez ici pour lire l&rsquo;article depuis sa source.<\/a><\/p>\n","protected":false},"excerpt":{"rendered":"<p>SAIDA &#8211; Le moudjahid \u00ab\u00a0Cheikh Medjahed\u00a0\u00bb se rem\u00e9more, \u00e0 la vielle de la c\u00e9l\u00e9bration de la journ\u00e9e nationale du chahid, dont les festivit\u00e9s officielles seront organis\u00e9es cette ann\u00e9e \u00e0 Sa\u00efda, des souvenirs de son combat dans la zone 5 \u00e0 Sidi Bel-Abb\u00e8s lors de la glorieuse guerre de lib\u00e9ration nationale, ainsi que la lutte h\u00e9ro\u00efque [&hellip;]<\/p>\n","protected":false},"author":1790,"featured_media":0,"comment_status":"closed","ping_status":"closed","sticky":false,"template":"","format":"standard","meta":{"fifu_image_url":"","fifu_image_alt":"","footnotes":""},"categories":[53,76],"tags":[],"class_list":["post-76341","post","type-post","status-publish","format-standard","hentry","category-algerie","category-regions"],"_links":{"self":[{"href":"https:\/\/linitiative.ca\/International\/wp-json\/wp\/v2\/posts\/76341","targetHints":{"allow":["GET"]}}],"collection":[{"href":"https:\/\/linitiative.ca\/International\/wp-json\/wp\/v2\/posts"}],"about":[{"href":"https:\/\/linitiative.ca\/International\/wp-json\/wp\/v2\/types\/post"}],"author":[{"embeddable":true,"href":"https:\/\/linitiative.ca\/International\/wp-json\/wp\/v2\/users\/1790"}],"replies":[{"embeddable":true,"href":"https:\/\/linitiative.ca\/International\/wp-json\/wp\/v2\/comments?post=76341"}],"version-history":[{"count":0,"href":"https:\/\/linitiative.ca\/International\/wp-json\/wp\/v2\/posts\/76341\/revisions"}],"wp:attachment":[{"href":"https:\/\/linitiative.ca\/International\/wp-json\/wp\/v2\/media?parent=76341"}],"wp:term":[{"taxonomy":"category","embeddable":true,"href":"https:\/\/linitiative.ca\/International\/wp-json\/wp\/v2\/categories?post=76341"},{"taxonomy":"post_tag","embeddable":true,"href":"https:\/\/linitiative.ca\/International\/wp-json\/wp\/v2\/tags?post=76341"}],"curies":[{"name":"wp","href":"https:\/\/api.w.org\/{rel}","templated":true}]}}