{"id":76344,"date":"2020-02-17T10:22:05","date_gmt":"2020-02-17T15:22:05","guid":{"rendered":"https:\/\/linitiative.ca\/International\/les-marocaines-des-deux-rives-en-conclave-a-oujda\/"},"modified":"2020-02-17T10:22:05","modified_gmt":"2020-02-17T15:22:05","slug":"les-marocaines-des-deux-rives-en-conclave-a-oujda","status":"publish","type":"post","link":"https:\/\/linitiative.ca\/International\/les-marocaines-des-deux-rives-en-conclave-a-oujda\/","title":{"rendered":"Les Marocaines des deux rives en conclave \u00e0 Oujda"},"content":{"rendered":"<p><iframe loading=\"lazy\" width=\"1170\" height=\"658\" src=\"https:\/\/www.youtube.com\/embed\/35Hlz7S3_io?feature=oembed\" frameborder=\"0\" allow=\"accelerometer; autoplay; encrypted-media; gyroscope; picture-in-picture\" allowfullscreen=\"\">[embedded content]<\/iframe><\/p>\n<div class=\"post-header-inner\">\n<div class=\"post-header-title\">\n<p>\n\t\t\t\t<span class=\"time\"><time class=\"post-published updated\" datetime=\"2020-02-17T16:22:05+00:00\"><b><b> 17 f\u00e9vrier 2020 <\/b> <\/b><\/time><\/span>\n\t\t\t<\/p>\n<\/p><\/div>\n<\/p><\/div>\n<div class=\"single-post-excerpt post-excerpt-bc\" readability=\"36\">\n<p>La capitale de l\u2019Oriental a abrit\u00e9, les travaux de la premi\u00e8re \u00e9dition du Colloque des Marocaines des deux rives, sous le th\u00e8me \u00abLes Marocaines des deux rives actrices majeures du d\u00e9veloppement : acquis et enjeux\u00bb.<\/p>\n<\/div>\n<p>Auteur: Soufiane ELAHMAR<br \/>\n<a href=\"http:\/\/www.mapoujda.ma\/fr\/les-marocaines-des-deux-rives-en-conclave-a-oujda-video\/\">Cliquez ici pour lire l&rsquo;article depuis sa source.<\/a><\/p>\n","protected":false},"excerpt":{"rendered":"<p>[embedded content] 17 f\u00e9vrier 2020 La capitale de l\u2019Oriental a abrit\u00e9, les travaux de la premi\u00e8re \u00e9dition du Colloque des Marocaines des deux rives, sous le th\u00e8me \u00abLes Marocaines des deux rives actrices majeures du d\u00e9veloppement : acquis et enjeux\u00bb. Auteur: Soufiane ELAHMAR Cliquez ici pour lire l&rsquo;article depuis sa source.<\/p>\n","protected":false},"author":1788,"featured_media":0,"comment_status":"closed","ping_status":"closed","sticky":false,"template":"","format":"standard","meta":{"fifu_image_url":"","fifu_image_alt":"","footnotes":""},"categories":[54,76],"tags":[],"class_list":["post-76344","post","type-post","status-publish","format-standard","hentry","category-maroc","category-regions"],"_links":{"self":[{"href":"https:\/\/linitiative.ca\/International\/wp-json\/wp\/v2\/posts\/76344","targetHints":{"allow":["GET"]}}],"collection":[{"href":"https:\/\/linitiative.ca\/International\/wp-json\/wp\/v2\/posts"}],"about":[{"href":"https:\/\/linitiative.ca\/International\/wp-json\/wp\/v2\/types\/post"}],"author":[{"embeddable":true,"href":"https:\/\/linitiative.ca\/International\/wp-json\/wp\/v2\/users\/1788"}],"replies":[{"embeddable":true,"href":"https:\/\/linitiative.ca\/International\/wp-json\/wp\/v2\/comments?post=76344"}],"version-history":[{"count":0,"href":"https:\/\/linitiative.ca\/International\/wp-json\/wp\/v2\/posts\/76344\/revisions"}],"wp:attachment":[{"href":"https:\/\/linitiative.ca\/International\/wp-json\/wp\/v2\/media?parent=76344"}],"wp:term":[{"taxonomy":"category","embeddable":true,"href":"https:\/\/linitiative.ca\/International\/wp-json\/wp\/v2\/categories?post=76344"},{"taxonomy":"post_tag","embeddable":true,"href":"https:\/\/linitiative.ca\/International\/wp-json\/wp\/v2\/tags?post=76344"}],"curies":[{"name":"wp","href":"https:\/\/api.w.org\/{rel}","templated":true}]}}