{"id":76348,"date":"2020-02-17T04:45:00","date_gmt":"2020-02-17T09:45:00","guid":{"rendered":"https:\/\/linitiative.ca\/International\/libye-lonu-approuve-une-resolution\/"},"modified":"2020-02-17T04:45:00","modified_gmt":"2020-02-17T09:45:00","slug":"libye-lonu-approuve-une-resolution","status":"publish","type":"post","link":"https:\/\/linitiative.ca\/International\/libye-lonu-approuve-une-resolution\/","title":{"rendered":"Libye: L&rsquo;ONU approuve une r\u00e9solution"},"content":{"rendered":"<p class=\"rtejustify\">Le Conseil de s\u00e9curit\u00e9 de l&rsquo;ONU a approuv\u00e9 en milieu de semaine une r\u00e9solution r\u00e9clamant qu&rsquo;un cessez-le-feu durable succ\u00e8de en Libye. Le texte, r\u00e9dig\u00e9 par le Royaume-Uni, a \u00e9t\u00e9 approuv\u00e9 par 14 voix sur 15, la Russie s&rsquo;abstenant. Il a fait l&rsquo;objet d&rsquo;\u00e2pres discussions pendant plus de trois semaines.<\/p>\n<p class=\"rtejustify\">Londres a choisi de maintenir dans le texte la mention de la pr\u00e9occupation (du Conseil) devant l&rsquo;implication croissante de mercenaires en Libye. C\u2019\u00e9tait l\u2019objet la semaine derni\u00e8re d&rsquo;un blocage des n\u00e9gociations par la Russie qui r\u00e9clamait de remplacer le mot \u00abmercenaires\u00bb par \u00abcombattants terroristes \u00e9trangers\u00bb.<\/p>\n<p class=\"rtejustify\">La Russie est accus\u00e9e depuis plusieurs mois d&rsquo;avoir soutenu l&rsquo;acheminement en Libye de plusieurs milliers de mercenaires du groupe priv\u00e9 Wagner r\u00e9put\u00e9 proche de la pr\u00e9sidence russe. Ceci au profit du mar\u00e9chal Khalifa Haftar qui cherche depuis le 4 avril 2019 \u00e0 s&#8217;emparer militairement de Tripoli o\u00f9 si\u00e8ge le Gouvernement d&rsquo;union nationale (GNA) de Fayez al-Sarraj, reconnu par l&rsquo;ONU. Moscou a ni\u00e9 tout r\u00f4le dans le d\u00e9ploiement en Libye de mercenaires russes.<\/p>\n<p class=\"rtejustify\">L&rsquo;ambassadrice am\u00e9ricaine adjointe \u00e0 l&rsquo;ONU, Cherith Norman Chalet, a regrett\u00e9 apr\u00e8s le vote que le Conseil de s\u00e9curit\u00e9 n&rsquo;ait pas \u00e9t\u00e9 uni. De son c\u00f4t\u00e9, l&rsquo;ambassadeur russe \u00e0 l&rsquo;ONU, Vassily Nebenzia, a expliqu\u00e9 l&rsquo;abstention de son pays par \u00abdes doutes \u00e0 Moscou sur la possibilit\u00e9 de faire appliquer cette r\u00e9solution alors que les modalit\u00e9s d&rsquo;un cessez-le-feu ne sont pas encore arr\u00eat\u00e9es par les bellig\u00e9rants\u00bb.<\/p>\n<p class=\"rtejustify\">La r\u00e9solution r\u00e9clame la poursuite des n\u00e9gociations de la commission militaire conjointe cr\u00e9\u00e9e en janvier et r\u00e9unissant les deux camps. Le but est d\u2019aboutir \u00e0 un \u00abcessez-le-feu permanent incluant un m\u00e9canisme de contr\u00f4le, une s\u00e9paration des forces et des mesures de confiance\u00bb. R\u00e9unie \u00e0 Gen\u00e8ve, cette commission s&rsquo;est s\u00e9par\u00e9e samedi dernier sans parvenir \u00e0 un accord, l&rsquo;ONU proposant de reprendre les discussions \u00e0 partir du 18 f\u00e9vrier. Les membres de l&rsquo;UE si\u00e9geant au Conseil de s\u00e9curit\u00e9 (Estonie, Belgique, France, Allemagne et la Pologne, ex-membre non permanent) &#8211; sans le Royaume-Uni, ont exprim\u00e9 leur avis dans une d\u00e9claration commune. Pour eux: \u00abil est clair qu&rsquo;il n&rsquo;y a pas de solution militaire en Libye\u00bb.<\/p>\n<p class=\"rtejustify\">La r\u00e9solution demande au secr\u00e9taire g\u00e9n\u00e9ral de l&rsquo;ONU, Antonio Guterres, de soumettre des propositions sur le contr\u00f4le d&rsquo;un cessez-le-feu \u00abd\u00e8s que possible, une fois (que celui-ci) sera d\u00e9cid\u00e9 par les parties libyennes\u00bb. Le texte interpelle aussi les organisations r\u00e9gionales, notamment l&rsquo;Union africaine, la Ligue des Etats arabes et l&rsquo;UE pour soutenir l&rsquo;ONU dans sa recherche d&rsquo;une solution politique et d&rsquo;une supervision d&rsquo;un cessez-le-feu. Le texte ent\u00e9rine enfin les conclusions du sommet de Berlin qui demandait aux Etats membres de s&rsquo;abstenir de toute interf\u00e9rence dans le conflit libyen.<\/p>\n<p class=\"rtejustify\">L&#8217;embargo sur les armes a \u00e9t\u00e9 prolong\u00e9 par l&rsquo;ONU jusqu&rsquo;au 30 avril 2021, sans que son application ait \u00e9t\u00e9 renforc\u00e9e. L&rsquo;UE a promis en janvier de s&rsquo;y atteler, sans r\u00e9sultat concret \u00e0 ce jour.<\/p>\n<blockquote readability=\"18\">\n<p class=\"rtecenter\"><strong><span>La solution ne peut \u00eatre que politique<\/span><\/strong><\/p>\n<p class=\"rtejustify\">Le 33e sommet de l\u2019Union africaine (UA), qui s\u2019est tenu cette semaine \u00e0 Addis-Abeba, a appel\u00e9 \u00e0 un r\u00e8glement politique et pacifique de la crise libyenne conform\u00e9ment \u00e0 l\u2019Accord de Skhirat de 2015. Le Maroc, par la voix du ministre des Affaires \u00e9trang\u00e8res, de la Coop\u00e9ration africaine et des Marocains r\u00e9sidant \u00e0 l\u2019\u00e9tranger, Nasser Bourita, avait r\u00e9affirm\u00e9 que \u00abla crise libyenne ne peut \u00eatre r\u00e9gl\u00e9e que par les Libyens eux-m\u00eames\u2026\u00bb. \u00abLa solution \u00e0 cette crise ne peut \u00eatre que politique\u00bb, a dit Bourita, tout en mettant en garde que les interventions \u00e9trang\u00e8res sont \u00able principal facteur qui complique le probl\u00e8me\u2026\u00bb.<\/p>\n<\/blockquote>\n<p class=\"rtejustify\"><em>F. Z. T. avec agences<\/em><\/p>\n<p>Auteur: hlafriqi<br \/>\n<a href=\"https:\/\/www.leconomiste.com\/article\/1057333-libye-l-onu-approuve-une-resolution\">Cliquez ici pour lire l&rsquo;article depuis sa source.<\/a><\/p>\n","protected":false},"excerpt":{"rendered":"<p>Le Conseil de s\u00e9curit\u00e9 de l&rsquo;ONU a approuv\u00e9 en milieu de semaine une r\u00e9solution r\u00e9clamant qu&rsquo;un cessez-le-feu durable succ\u00e8de en Libye. Le texte, r\u00e9dig\u00e9 par le Royaume-Uni, a \u00e9t\u00e9 approuv\u00e9 par 14 voix sur 15, la Russie s&rsquo;abstenant. Il a fait l&rsquo;objet d&rsquo;\u00e2pres discussions pendant plus de trois semaines. Londres a choisi de maintenir dans [&hellip;]<\/p>\n","protected":false},"author":1763,"featured_media":0,"comment_status":"closed","ping_status":"closed","sticky":false,"template":"","format":"standard","meta":{"fifu_image_url":"","fifu_image_alt":"","footnotes":""},"categories":[78,54],"tags":[],"class_list":["post-76348","post","type-post","status-publish","format-standard","hentry","category-economie","category-maroc"],"_links":{"self":[{"href":"https:\/\/linitiative.ca\/International\/wp-json\/wp\/v2\/posts\/76348","targetHints":{"allow":["GET"]}}],"collection":[{"href":"https:\/\/linitiative.ca\/International\/wp-json\/wp\/v2\/posts"}],"about":[{"href":"https:\/\/linitiative.ca\/International\/wp-json\/wp\/v2\/types\/post"}],"author":[{"embeddable":true,"href":"https:\/\/linitiative.ca\/International\/wp-json\/wp\/v2\/users\/1763"}],"replies":[{"embeddable":true,"href":"https:\/\/linitiative.ca\/International\/wp-json\/wp\/v2\/comments?post=76348"}],"version-history":[{"count":0,"href":"https:\/\/linitiative.ca\/International\/wp-json\/wp\/v2\/posts\/76348\/revisions"}],"wp:attachment":[{"href":"https:\/\/linitiative.ca\/International\/wp-json\/wp\/v2\/media?parent=76348"}],"wp:term":[{"taxonomy":"category","embeddable":true,"href":"https:\/\/linitiative.ca\/International\/wp-json\/wp\/v2\/categories?post=76348"},{"taxonomy":"post_tag","embeddable":true,"href":"https:\/\/linitiative.ca\/International\/wp-json\/wp\/v2\/tags?post=76348"}],"curies":[{"name":"wp","href":"https:\/\/api.w.org\/{rel}","templated":true}]}}