{"id":76349,"date":"2020-02-17T05:00:00","date_gmt":"2020-02-17T10:00:00","guid":{"rendered":"https:\/\/linitiative.ca\/International\/leconomie-europeenne-reste-en-bonne-voie\/"},"modified":"2020-02-17T05:00:00","modified_gmt":"2020-02-17T10:00:00","slug":"leconomie-europeenne-reste-en-bonne-voie","status":"publish","type":"post","link":"https:\/\/linitiative.ca\/International\/leconomie-europeenne-reste-en-bonne-voie\/","title":{"rendered":"L&rsquo;\u00e9conomie europ\u00e9enne reste en bonne voie"},"content":{"rendered":"<div class=\"dnd-atom-wrapper type-image context-sdl_editor_representation atom-align-right\" contenteditable=\"false\">\n<div class=\"dnd-drop-wrapper\">\n<div class=\"image\"><img loading=\"lazy\" decoding=\"async\" typeof=\"foaf:Image\" class=\"img-responsive\" src=\"https:\/\/leconomiste.com\/sites\/default\/files\/eco7\/public\/thumbnails\/image\/croissance-ue-098.jpg\" width=\"327\" height=\"454\" alt=\"croissance-ue-098.jpg\" title=\"croissance-ue-098.jpg\"\/><\/div>\n<\/div>\n<\/div>\n<p class=\"rtejustify\">L&rsquo;\u00e9conomie europ\u00e9enne devrait se maintenir sur une trajectoire r\u00e9guli\u00e8re de croissance mod\u00e9r\u00e9e. C\u2019est ce que pr\u00e9voit la Commission europ\u00e9enne dans ses pr\u00e9visions \u00e9conomiques de l&rsquo;hiver 2020. La zone euro conna\u00eet sa plus longue p\u00e9riode de croissance soutenue depuis la cr\u00e9ation de l&rsquo;euro en 1999. Les pr\u00e9visions annoncent qu\u2019elle restera stable \u00e0 1,2% en 2020 et 2021.<\/p>\n<p class=\"rtejustify\">Toute relance aura un effet positif sur l\u2019\u00e9conomie marocaine qui devrait b\u00e9n\u00e9ficier de toute acc\u00e9l\u00e9ration de la croissance de ses partenaires europ\u00e9ens. Pour l&rsquo;ensemble de l&rsquo;UE, il faudrait s\u2019attendre \u00e0 1,4% en 2020 comme en 2021. Sur le plan positif, l&rsquo;\u00e9conomie europ\u00e9enne pourrait b\u00e9n\u00e9ficier de politiques budg\u00e9taires plus expansionnistes et propices \u00e0 la croissance, ainsi que des retomb\u00e9es positives de conditions de financement plus favorables dans certains Etats membres de la zone euro.<\/p>\n<p class=\"rtejustify\"><strong>\u25a0 Une trajectoire de croissance mod\u00e9r\u00e9e:<\/strong> L&rsquo;environnement ext\u00e9rieur reste difficile. Toutefois, la bonne tenue des cr\u00e9ations d&#8217;emplois, la croissance soutenue des salaires et un dosage macro\u00e9conomique appropri\u00e9 devraient aider l&rsquo;\u00e9conomie europ\u00e9enne \u00e0 se maintenir sur une trajectoire de croissance mod\u00e9r\u00e9e. La consommation priv\u00e9e et l&rsquo;investissement, en particulier dans le secteur de la construction, continueront \u00e0 alimenter la croissance \u00e9conomique. Les investissements publics, en particulier dans les infrastructures num\u00e9riques et de transport, devraient augmenter de mani\u00e8re significative dans un certain nombre d&rsquo;Etats membres. Ces facteurs, conjugu\u00e9s \u00e0 la stabilisation qui semble se dessiner dans le secteur manufacturier et \u00e0 un possible arr\u00eat du d\u00e9clin des \u00e9changes commerciaux mondiaux, devraient permettre \u00e0 l&rsquo;\u00e9conomie europ\u00e9enne de poursuivre sa croissance. Cependant, ils semblent insuffisants pour la faire passer \u00e0 une vitesse sup\u00e9rieure.<\/p>\n<p class=\"rtejustify\"><strong>\u25a0Taux d\u2019inflation: <\/strong>Les pr\u00e9visions (indice des prix \u00e0 la consommation harmonis\u00e9) de la zone euro ont \u00e9t\u00e9 relev\u00e9es \u00e0 1,3% pour 2020 et \u00e0 1,4% pour 2021. Il s\u2019agit d\u2019une hausse de 0,1 point de pourcentage pour chaque ann\u00e9e par rapport aux pr\u00e9visions \u00e9conomiques de l&rsquo;automne 2019. Cette r\u00e9vision est li\u00e9e \u00e0 l&rsquo;apparition de signes semblant indiquer que les hausses de salaires commencent \u00e0 se r\u00e9percuter sur les prix \u00e0 la consommation et \u00e0 un l\u00e9ger rel\u00e8vement des hypoth\u00e8ses de prix du p\u00e9trole. Sur l&rsquo;ensemble de l&rsquo;UE pour 2020, la pr\u00e9vision du taux d&rsquo;inflation a \u00e9galement \u00e9t\u00e9 relev\u00e9e de 0,1 point de pourcentage, \u00e0 1,5%. Pour 2021, elle restera inchang\u00e9e, \u00e0 1,6%.<\/p>\n<p class=\"rtejustify\"><strong>\u25a0 Al\u00e9as entourant les pr\u00e9visions: <\/strong>L&rsquo;accord commercial de \u00abphase 1\u00bb entre les Etats-Unis et la Chine a contribu\u00e9 \u00e0 r\u00e9duire dans une certaine mesure les risques, mais le degr\u00e9 \u00e9lev\u00e9 d&rsquo;incertitude qui entoure la politique commerciale des Etats-Unis emp\u00eache toujours une am\u00e9lioration plus g\u00e9n\u00e9ralis\u00e9e du climat des affaires. En Am\u00e9rique latine, les troubles sociaux risquent de faire d\u00e9railler la reprise \u00e9conomique. Au Moyen-Orient, les tensions g\u00e9opolitiques accrues ont aiguis\u00e9 le risque de conflit. En ce qui concerne les relations commerciales entre l&rsquo;UE et le Royaume-Uni, la situation est clarifi\u00e9e pour la p\u00e9riode de transition, mais d&rsquo;importantes incertitudes demeurent quant au futur partenariat avec ce pays. Bruxelles pr\u00e9sente d\u2019ailleurs une hypoth\u00e8se purement technique pour le Royaume-Uni.<\/p>\n<p class=\"rtejustify\"><strong>\u25a0 Impact de l&rsquo;\u00e9pid\u00e9mie de coronavirus \u00abCovid-19\u00bb: <\/strong>Elle constitue un nouvel al\u00e9a baissier, compte tenu de ses cons\u00e9quences pour la sant\u00e9 publique, l&rsquo;activit\u00e9 \u00e9conomique et le commerce, en particulier en Chine. L&rsquo;hypoth\u00e8se retenue dans le sc\u00e9nario de r\u00e9f\u00e9rence est que le pic de l&rsquo;\u00e9pid\u00e9mie sera atteint au premier trimestre, et que la propagation \u00e0 l&rsquo;\u00e9chelle mondiale sera relativement limit\u00e9e. Cependant, plus l&rsquo;\u00e9pid\u00e9mie durera, plus elle sera susceptible d&rsquo;avoir des r\u00e9percussions sur le climat \u00e9conomique et sur les conditions de financement au niveau mondial. Enfin, bien que les risques li\u00e9s au changement climatique soient principalement \u00e0 long terme, les \u00e9conomistes ne peuvent pas exclure l&rsquo;existence de tels risques \u00e0 court terme.<\/p>\n<p class=\"rtejustify\"><em>F. Z. T.<\/em><\/p>\n<p>Auteur: hlafriqi<br \/>\n<a href=\"https:\/\/www.leconomiste.com\/article\/1057327-l-economie-europeenne-reste-en-bonne-voie\">Cliquez ici pour lire l&rsquo;article depuis sa source.<\/a><\/p>\n","protected":false},"excerpt":{"rendered":"<p>L&rsquo;\u00e9conomie europ\u00e9enne devrait se maintenir sur une trajectoire r\u00e9guli\u00e8re de croissance mod\u00e9r\u00e9e. C\u2019est ce que pr\u00e9voit la Commission europ\u00e9enne dans ses pr\u00e9visions \u00e9conomiques de l&rsquo;hiver 2020. La zone euro conna\u00eet sa plus longue p\u00e9riode de croissance soutenue depuis la cr\u00e9ation de l&rsquo;euro en 1999. Les pr\u00e9visions annoncent qu\u2019elle restera stable \u00e0 1,2% en 2020 et [&hellip;]<\/p>\n","protected":false},"author":1763,"featured_media":76350,"comment_status":"closed","ping_status":"closed","sticky":false,"template":"","format":"standard","meta":{"fifu_image_url":"","fifu_image_alt":"","footnotes":""},"categories":[78,54],"tags":[],"class_list":["post-76349","post","type-post","status-publish","format-standard","has-post-thumbnail","hentry","category-economie","category-maroc"],"_links":{"self":[{"href":"https:\/\/linitiative.ca\/International\/wp-json\/wp\/v2\/posts\/76349","targetHints":{"allow":["GET"]}}],"collection":[{"href":"https:\/\/linitiative.ca\/International\/wp-json\/wp\/v2\/posts"}],"about":[{"href":"https:\/\/linitiative.ca\/International\/wp-json\/wp\/v2\/types\/post"}],"author":[{"embeddable":true,"href":"https:\/\/linitiative.ca\/International\/wp-json\/wp\/v2\/users\/1763"}],"replies":[{"embeddable":true,"href":"https:\/\/linitiative.ca\/International\/wp-json\/wp\/v2\/comments?post=76349"}],"version-history":[{"count":0,"href":"https:\/\/linitiative.ca\/International\/wp-json\/wp\/v2\/posts\/76349\/revisions"}],"wp:featuredmedia":[{"embeddable":true,"href":"https:\/\/linitiative.ca\/International\/wp-json\/"}],"wp:attachment":[{"href":"https:\/\/linitiative.ca\/International\/wp-json\/wp\/v2\/media?parent=76349"}],"wp:term":[{"taxonomy":"category","embeddable":true,"href":"https:\/\/linitiative.ca\/International\/wp-json\/wp\/v2\/categories?post=76349"},{"taxonomy":"post_tag","embeddable":true,"href":"https:\/\/linitiative.ca\/International\/wp-json\/wp\/v2\/tags?post=76349"}],"curies":[{"name":"wp","href":"https:\/\/api.w.org\/{rel}","templated":true}]}}