{"id":76351,"date":"2020-02-17T05:15:00","date_gmt":"2020-02-17T10:15:00","guid":{"rendered":"https:\/\/linitiative.ca\/International\/concurrence-une-enquete-sur-les-geants-de-la-tech\/"},"modified":"2020-02-17T05:15:00","modified_gmt":"2020-02-17T10:15:00","slug":"concurrence-une-enquete-sur-les-geants-de-la-tech","status":"publish","type":"post","link":"https:\/\/linitiative.ca\/International\/concurrence-une-enquete-sur-les-geants-de-la-tech\/","title":{"rendered":"Concurrence: Une enqu\u00eate sur les g\u00e9ants de la tech"},"content":{"rendered":"<div class=\"author\" readability=\"5.6\">Par <a href=\"\/content\/l-economiste\">L&rsquo;Economiste<\/a> <a href=\"\/node\/\"> <\/a> | Edition N\u00b0:5698 Le 14\/02\/2020 | Partager <\/div>\n<div class=\"body\">\n<div class=\"field field-name-body field-type-text-with-summary field-label-hidden\">\n<div class=\"field-items\" readability=\"14\">\n<div class=\"field-item even\" property=\"content:encoded\" readability=\"23\">\n<p class=\"rtejustify\">L&rsquo;\u00e9tau se resserre sur les g\u00e9ants de la tech rassembl\u00e9s sous l&rsquo;acronyme GAFAM, (Google, Apple, Facebook, Amazon et Microsoft). Soup\u00e7onn\u00e9es de ne pas respecter les r\u00e8gles de la concurrence, ces entreprises ont \u00e9t\u00e9 formellement somm\u00e9es par la FTC, l&rsquo;agence am\u00e9ricaine charg\u00e9e de la protection des consommateurs et de la concurrence, de fournir des informations et des documents relatifs \u00e0 leurs transactions effectu\u00e9es entre le 1er janvier 2010 et le 31 d\u00e9cembre 2019. L&rsquo;agence n&rsquo;a pas cit\u00e9 d&rsquo;op\u00e9rations en particulier. Elle invoque en revanche le fait que ces entreprises ne se seraient pas conform\u00e9es \u00e0 la r\u00e9glementation qui exige de d\u00e9poser des documents aupr\u00e8s des autorit\u00e9s veillant \u00e0 la non concurrence. L&rsquo;initiative de l\u2019agence am\u00e9ricaine intervient alors qu&rsquo;au Congr\u00e8s, la commission judiciaire de la Chambre des repr\u00e9sentants enqu\u00eate, elle aussi, sur les pratiques des GAFA. Par ailleurs, l&rsquo;agence m\u00e8ne une enqu\u00eate s\u00e9par\u00e9e sur Facebook et les effets sur les concurrents du rachat d&rsquo;Instagram et de WhatsApp. Facebook, a lui toujours rejet\u00e9 les accusations de monopole, arguant que les consommateurs avaient de nombreux choix sur la fa\u00e7on d&rsquo;interagir en ligne.<\/p>\n<p class=\"rtejustify\">\u00a0<\/p>\n<\/div>\n<\/div>\n<\/div>\n<\/div>\n<div class=\"eco-conseil\">\n<div class=\"view view-eco-conseil-16 view-id-eco_conseil_16 view-display-id-cookies view-dom-id-fe0ab9e6e8bd49e1ab1846e691c4b192\">\n<div class=\"view-content\">\n<div id=\"views-bootstrap-grid-1\" class=\"views-bootstrap-grid-plugin-style\">\n<div class=\"row\">\n<div class=\" col-xs-12 col-lg-4\">\n<div class=\"row\">\n<div class=\"col col-xs-12 col-lg-12\">\n<div class=\"field-content\"><a href=\"\/article\/1057333-libye-l-onu-approuve-une-resolution\"><img loading=\"lazy\" decoding=\"async\" class=\"img-responsive\" typeof=\"foaf:Image\" src=\"https:\/\/www.leconomiste.com\/sites\/default\/files\/eco7\/public\/styles\/800x400\/public\/default_images\/default_une.jpg?itok=4jZlgnIZ\" width=\"660\" height=\"330\" alt=\"\"\/><\/a><\/div>\n<\/div>\n<div class=\" title_suite_2 col col-xs-12 col-lg-12\"> <a href=\"\/article\/1057333-libye-l-onu-approuve-une-resolution\"\/><span class=\"field-content\">Libye: L&rsquo;ONU approuve une r\u00e9solution<\/span><\/div>\n<\/div>\n<\/div>\n<div class=\" col-xs-12 col-lg-4\">\n<div class=\"row\">\n<div class=\"col col-xs-12 col-lg-12\">\n<div class=\"field-content\"><a href=\"\/article\/1057327-l-economie-europeenne-reste-en-bonne-voie\"><img loading=\"lazy\" decoding=\"async\" class=\"img-responsive\" typeof=\"foaf:Image\" src=\"https:\/\/www.leconomiste.com\/sites\/default\/files\/eco7\/public\/styles\/800x400\/public\/default_images\/default_une.jpg?itok=4jZlgnIZ\" width=\"660\" height=\"330\" alt=\"\"\/><\/a><\/div>\n<\/div>\n<div class=\" title_suite_2 col col-xs-12 col-lg-12\"> <a href=\"\/article\/1057327-l-economie-europeenne-reste-en-bonne-voie\"\/><span class=\"field-content\">L&rsquo;\u00e9conomie europ\u00e9enne reste en bonne voie<\/span><\/div>\n<\/div>\n<\/div>\n<\/div>\n<\/div>\n<\/div>\n<\/div>\n<\/div>\n<p>Auteur: hlafriqi<br \/>\n<a href=\"https:\/\/www.leconomiste.com\/article\/1057325-concurrence-une-enquete-sur-les-geants-de-la-tech\">Cliquez ici pour lire l&rsquo;article depuis sa source.<\/a><\/p>\n","protected":false},"excerpt":{"rendered":"<p>Par L&rsquo;Economiste | Edition N\u00b0:5698 Le 14\/02\/2020 | Partager L&rsquo;\u00e9tau se resserre sur les g\u00e9ants de la tech rassembl\u00e9s sous l&rsquo;acronyme GAFAM, (Google, Apple, Facebook, Amazon et Microsoft). Soup\u00e7onn\u00e9es de ne pas respecter les r\u00e8gles de la concurrence, ces entreprises ont \u00e9t\u00e9 formellement somm\u00e9es par la FTC, l&rsquo;agence am\u00e9ricaine charg\u00e9e de la protection des consommateurs [&hellip;]<\/p>\n","protected":false},"author":1763,"featured_media":0,"comment_status":"closed","ping_status":"closed","sticky":false,"template":"","format":"standard","meta":{"fifu_image_url":"","fifu_image_alt":"","footnotes":""},"categories":[78,54],"tags":[],"class_list":["post-76351","post","type-post","status-publish","format-standard","hentry","category-economie","category-maroc"],"_links":{"self":[{"href":"https:\/\/linitiative.ca\/International\/wp-json\/wp\/v2\/posts\/76351","targetHints":{"allow":["GET"]}}],"collection":[{"href":"https:\/\/linitiative.ca\/International\/wp-json\/wp\/v2\/posts"}],"about":[{"href":"https:\/\/linitiative.ca\/International\/wp-json\/wp\/v2\/types\/post"}],"author":[{"embeddable":true,"href":"https:\/\/linitiative.ca\/International\/wp-json\/wp\/v2\/users\/1763"}],"replies":[{"embeddable":true,"href":"https:\/\/linitiative.ca\/International\/wp-json\/wp\/v2\/comments?post=76351"}],"version-history":[{"count":0,"href":"https:\/\/linitiative.ca\/International\/wp-json\/wp\/v2\/posts\/76351\/revisions"}],"wp:attachment":[{"href":"https:\/\/linitiative.ca\/International\/wp-json\/wp\/v2\/media?parent=76351"}],"wp:term":[{"taxonomy":"category","embeddable":true,"href":"https:\/\/linitiative.ca\/International\/wp-json\/wp\/v2\/categories?post=76351"},{"taxonomy":"post_tag","embeddable":true,"href":"https:\/\/linitiative.ca\/International\/wp-json\/wp\/v2\/tags?post=76351"}],"curies":[{"name":"wp","href":"https:\/\/api.w.org\/{rel}","templated":true}]}}