{"id":76352,"date":"2020-02-17T15:14:03","date_gmt":"2020-02-17T20:14:03","guid":{"rendered":"https:\/\/linitiative.ca\/International\/pros-feghouli-recoit-les-eloges-de-fatih-terim\/"},"modified":"2020-02-17T15:14:03","modified_gmt":"2020-02-17T20:14:03","slug":"pros-feghouli-recoit-les-eloges-de-fatih-terim","status":"publish","type":"post","link":"https:\/\/linitiative.ca\/International\/pros-feghouli-recoit-les-eloges-de-fatih-terim\/","title":{"rendered":"Pros : Feghouli re\u00e7oit les \u00e9loges de Fatih Terim"},"content":{"rendered":"<div readability=\"32\">\n<p>Auteur : <span>Riad O.<\/span> <span class=\"time\">lundi 17 f\u00e9vrier 2020 18:27<\/span><\/p>\n<\/div>\n<div id=\"post_core\" readability=\"43\">\n<p>Pour sa part, le premier responsable de la barre technique du Galatasaray, Fatih Terim n\u2019a pas tari d\u2019\u00e9loges sur son joueur milieu de terrain Alg\u00e9rien, Sofiane Feghouli. Ce dernier a retrouv\u00e9 son meilleur niveau en ce d\u00e9but d\u2019ann\u00e9e. Le coach du Galatasaray a ainsi d\u00e9clar\u00e9\u00a0:\u00a0\u00abFeghouli est la cl\u00e9 de la r\u00e9ussite du Galatasaray en cette seconde partie de saison. C\u2019est un joueur tr\u00e8s important pour nous.\u00bb a-t-il d\u00e9clar\u00e9, avant d\u2019ajouter\u00a0:\u00a0\u00abFeghouli ne s\u2019arr\u00eate jamais. Il sera encore meilleur \u00e0 l\u2019avenir.\u00bb L\u2019entra\u00eeneur du Galatasaray a aussi d\u00e9clar\u00e9\u00a0:\u00a0\u00abIl s\u2019entend d\u00e9sormais bien avec\u00a0 Mariano. Les deux sont tr\u00e8s compl\u00e9mentaires. Sur l\u2019ensemble, et comme je l\u2019ai d\u00e9j\u00e0 d\u00e9clar\u00e9, Feghouili est un joueur tr\u00e8s important pour nous.\u00bb<\/p>\n<p><strong>Publi\u00e9 dans :<\/strong> <span>Feghouli<\/span> <span>Fatih Terim<\/span><\/p>\n<\/div>\n<p>Auteur:<br \/>\n<a href=\"http:\/\/www.lebuteur.com\/article\/detail?titre=feghouli-recoit-les-eloges-de-fatih-terim&#038;id=94864&#038;utm_source=feedburner&#038;utm_medium=feed&#038;utm_campaign=Feed%3A+GalerieFArtciles+%28Les+derniers+articles++-+lebuteur.com%29\">Cliquez ici pour lire l&rsquo;article depuis sa source.<\/a><\/p>\n","protected":false},"excerpt":{"rendered":"<p>Auteur : Riad O. lundi 17 f\u00e9vrier 2020 18:27 Pour sa part, le premier responsable de la barre technique du Galatasaray, Fatih Terim n\u2019a pas tari d\u2019\u00e9loges sur son joueur milieu de terrain Alg\u00e9rien, Sofiane Feghouli. Ce dernier a retrouv\u00e9 son meilleur niveau en ce d\u00e9but d\u2019ann\u00e9e. Le coach du Galatasaray a ainsi d\u00e9clar\u00e9\u00a0:\u00a0\u00abFeghouli est [&hellip;]<\/p>\n","protected":false},"author":1738,"featured_media":76353,"comment_status":"closed","ping_status":"closed","sticky":false,"template":"","format":"standard","meta":{"fifu_image_url":"","fifu_image_alt":"","footnotes":""},"categories":[53,75],"tags":[],"class_list":["post-76352","post","type-post","status-publish","format-standard","has-post-thumbnail","hentry","category-algerie","category-sport"],"_links":{"self":[{"href":"https:\/\/linitiative.ca\/International\/wp-json\/wp\/v2\/posts\/76352","targetHints":{"allow":["GET"]}}],"collection":[{"href":"https:\/\/linitiative.ca\/International\/wp-json\/wp\/v2\/posts"}],"about":[{"href":"https:\/\/linitiative.ca\/International\/wp-json\/wp\/v2\/types\/post"}],"author":[{"embeddable":true,"href":"https:\/\/linitiative.ca\/International\/wp-json\/wp\/v2\/users\/1738"}],"replies":[{"embeddable":true,"href":"https:\/\/linitiative.ca\/International\/wp-json\/wp\/v2\/comments?post=76352"}],"version-history":[{"count":0,"href":"https:\/\/linitiative.ca\/International\/wp-json\/wp\/v2\/posts\/76352\/revisions"}],"wp:featuredmedia":[{"embeddable":true,"href":"https:\/\/linitiative.ca\/International\/wp-json\/"}],"wp:attachment":[{"href":"https:\/\/linitiative.ca\/International\/wp-json\/wp\/v2\/media?parent=76352"}],"wp:term":[{"taxonomy":"category","embeddable":true,"href":"https:\/\/linitiative.ca\/International\/wp-json\/wp\/v2\/categories?post=76352"},{"taxonomy":"post_tag","embeddable":true,"href":"https:\/\/linitiative.ca\/International\/wp-json\/wp\/v2\/tags?post=76352"}],"curies":[{"name":"wp","href":"https:\/\/api.w.org\/{rel}","templated":true}]}}