{"id":76354,"date":"2020-02-17T15:14:05","date_gmt":"2020-02-17T20:14:05","guid":{"rendered":"https:\/\/linitiative.ca\/International\/pros-slimani-dans-lequipe-type-de-france-football\/"},"modified":"2020-02-17T15:14:05","modified_gmt":"2020-02-17T20:14:05","slug":"pros-slimani-dans-lequipe-type-de-france-football","status":"publish","type":"post","link":"https:\/\/linitiative.ca\/International\/pros-slimani-dans-lequipe-type-de-france-football\/","title":{"rendered":"Pros : Slimani dans l\u2019\u00e9quipe type de France Football"},"content":{"rendered":"<div readability=\"32\">\n<p>Auteur : <span>Riad O.<\/span> <span class=\"time\">lundi 17 f\u00e9vrier 2020 18:29<\/span><\/p>\n<\/div>\n<div id=\"post_core\" readability=\"55\">\n<p>Islam Slimani continue de faire parler de lui en France. L\u2019attaquant Alg\u00e9rien de l\u2019AS Monaco, qui a retrouv\u00e9 la confiance de son coach espagnol Robert Moreno, est en feu ces derniers temps. Ayant r\u00e9ussi \u00e0 offrir six points \u00e0 son team lors des deux pr\u00e9c\u00e9dentes rencontres de championnat face \u00e0 Amiens et contre Montpellier, Slimani continue de recevoir les \u00e9loges en France. C\u2019est d\u2019ailleurs en toute logique qu\u2019il a fait partie de l\u2019\u00e9quipe-type de la 25\u00e8me journ\u00e9e de la Ligue 1 Conforama de France Football. Ayant obtenu la bonne note de 7\/10, Slimani a inscrit neuf buts et d\u00e9livr\u00e9 huit passes d\u00e9cisives depuis le d\u00e9but du championnat de France. C\u2019est aussi la premi\u00e8re fois depuis le d\u00e9but de sa carri\u00e8re qu\u2019il est parvenu \u00e0 inscrire en trois matchs de suite.<\/p>\n<p>L\u2019\u00e9quipe-type de la 25\u00e8me journ\u00e9e de la Ligue 1 Conforama de France Football:<\/p>\n<p>Steve Mandanda (Marseille), Christophe H\u00e9relle (Nice), Axel Disasi (Reims), Lo\u00efck Landre (N\u00eemes), Romain Perraud (Brest), Moreto Cassama (Reims), Sidy Sarr (N\u00eemes), Val\u00e8re Germain (Marseille), Mounir Chouiar (Dijon), Islam Slimani (Monaco), Serhou Guirassy (Amiens).<\/p>\n<p><strong>Publi\u00e9 dans :<\/strong> <span>slimani<\/span><\/p>\n<\/div>\n<p>Auteur:<br \/>\n<a href=\"http:\/\/www.lebuteur.com\/article\/detail?titre=slimani-dans-lequipe-type-de-france-football&#038;id=94865&#038;utm_source=feedburner&#038;utm_medium=feed&#038;utm_campaign=Feed%3A+GalerieFArtciles+%28Les+derniers+articles++-+lebuteur.com%29\">Cliquez ici pour lire l&rsquo;article depuis sa source.<\/a><\/p>\n","protected":false},"excerpt":{"rendered":"<p>Auteur : Riad O. lundi 17 f\u00e9vrier 2020 18:29 Islam Slimani continue de faire parler de lui en France. L\u2019attaquant Alg\u00e9rien de l\u2019AS Monaco, qui a retrouv\u00e9 la confiance de son coach espagnol Robert Moreno, est en feu ces derniers temps. Ayant r\u00e9ussi \u00e0 offrir six points \u00e0 son team lors des deux pr\u00e9c\u00e9dentes rencontres [&hellip;]<\/p>\n","protected":false},"author":1738,"featured_media":76355,"comment_status":"closed","ping_status":"closed","sticky":false,"template":"","format":"standard","meta":{"fifu_image_url":"","fifu_image_alt":"","footnotes":""},"categories":[53,75],"tags":[],"class_list":["post-76354","post","type-post","status-publish","format-standard","has-post-thumbnail","hentry","category-algerie","category-sport"],"_links":{"self":[{"href":"https:\/\/linitiative.ca\/International\/wp-json\/wp\/v2\/posts\/76354","targetHints":{"allow":["GET"]}}],"collection":[{"href":"https:\/\/linitiative.ca\/International\/wp-json\/wp\/v2\/posts"}],"about":[{"href":"https:\/\/linitiative.ca\/International\/wp-json\/wp\/v2\/types\/post"}],"author":[{"embeddable":true,"href":"https:\/\/linitiative.ca\/International\/wp-json\/wp\/v2\/users\/1738"}],"replies":[{"embeddable":true,"href":"https:\/\/linitiative.ca\/International\/wp-json\/wp\/v2\/comments?post=76354"}],"version-history":[{"count":0,"href":"https:\/\/linitiative.ca\/International\/wp-json\/wp\/v2\/posts\/76354\/revisions"}],"wp:featuredmedia":[{"embeddable":true,"href":"https:\/\/linitiative.ca\/International\/wp-json\/"}],"wp:attachment":[{"href":"https:\/\/linitiative.ca\/International\/wp-json\/wp\/v2\/media?parent=76354"}],"wp:term":[{"taxonomy":"category","embeddable":true,"href":"https:\/\/linitiative.ca\/International\/wp-json\/wp\/v2\/categories?post=76354"},{"taxonomy":"post_tag","embeddable":true,"href":"https:\/\/linitiative.ca\/International\/wp-json\/wp\/v2\/tags?post=76354"}],"curies":[{"name":"wp","href":"https:\/\/api.w.org\/{rel}","templated":true}]}}