{"id":76356,"date":"2020-02-17T15:14:07","date_gmt":"2020-02-17T20:14:07","guid":{"rendered":"https:\/\/linitiative.ca\/International\/international-ces-trois-cadors-anglais-qui-sinteressent-deja-a-mahrez\/"},"modified":"2020-02-17T15:14:07","modified_gmt":"2020-02-17T20:14:07","slug":"international-ces-trois-cadors-anglais-qui-sinteressent-deja-a-mahrez","status":"publish","type":"post","link":"https:\/\/linitiative.ca\/International\/international-ces-trois-cadors-anglais-qui-sinteressent-deja-a-mahrez\/","title":{"rendered":"International : Ces trois cadors anglais qui s\u2019int\u00e9ressent, d\u00e9j\u00e0, \u00e0 Mahrez"},"content":{"rendered":"<div readability=\"32\">\n<p>Auteur : <span>Riad O.<\/span> <span class=\"time\">lundi 17 f\u00e9vrier 2020 18:30<\/span><\/p>\n<\/div>\n<div id=\"post_core\" readability=\"43\">\n<p>Selon l\u2019avocat du sport John Mehrzad, les joueurs de Manchester City peuvent avoir des motifs de r\u00e9silier leur contrat si l\u2019interdiction de la Ligue des champions du club est confirm\u00e9e par le TAS.\u00a0 Selon le m\u00e9dia anglais, The Sun, les joueurs de Manchester City pourraient quitter le club gratuitement cet \u00e9t\u00e9. Bien s\u00fbr, tout cela n\u2019est que sp\u00e9culation. Tant que le TAS n\u2019aura pas rendu sa d\u00e9cision sur la question, nous ne conna\u00eetrons pas l\u2019ampleur des retomb\u00e9es de l\u2019interdiction de la Ligue des champions de Man City. Cependant, l\u2019on commence d\u2019ores et d\u00e9j\u00e0 en Angleterre \u00e0 sp\u00e9culer sur l\u2019avenir de Riyad Mahrez avec les Citizens. Selon la presse anglaise, pas moins de trois cadors anglais seraient tent\u00e9s par le recrutement de Mahrez. Il s\u2019agit des Gunners d\u2019Arsenal, des Blues de Chelsea ainsi que des Spurs de Tottenham.\u00a0<\/p>\n<p><strong>Publi\u00e9 dans :<\/strong> <span>Mahrez<\/span><\/p>\n<\/div>\n<p>Auteur:<br \/>\n<a href=\"http:\/\/www.lebuteur.com\/article\/detail?titre=ces-trois-cadors-anglais-qui-sinteressent-deja-a-mahrez&#038;id=94866&#038;utm_source=feedburner&#038;utm_medium=feed&#038;utm_campaign=Feed%3A+GalerieFArtciles+%28Les+derniers+articles++-+lebuteur.com%29\">Cliquez ici pour lire l&rsquo;article depuis sa source.<\/a><\/p>\n","protected":false},"excerpt":{"rendered":"<p>Auteur : Riad O. lundi 17 f\u00e9vrier 2020 18:30 Selon l\u2019avocat du sport John Mehrzad, les joueurs de Manchester City peuvent avoir des motifs de r\u00e9silier leur contrat si l\u2019interdiction de la Ligue des champions du club est confirm\u00e9e par le TAS.\u00a0 Selon le m\u00e9dia anglais, The Sun, les joueurs de Manchester City pourraient quitter [&hellip;]<\/p>\n","protected":false},"author":1738,"featured_media":76357,"comment_status":"closed","ping_status":"closed","sticky":false,"template":"","format":"standard","meta":{"fifu_image_url":"","fifu_image_alt":"","footnotes":""},"categories":[53,75],"tags":[],"class_list":["post-76356","post","type-post","status-publish","format-standard","has-post-thumbnail","hentry","category-algerie","category-sport"],"_links":{"self":[{"href":"https:\/\/linitiative.ca\/International\/wp-json\/wp\/v2\/posts\/76356","targetHints":{"allow":["GET"]}}],"collection":[{"href":"https:\/\/linitiative.ca\/International\/wp-json\/wp\/v2\/posts"}],"about":[{"href":"https:\/\/linitiative.ca\/International\/wp-json\/wp\/v2\/types\/post"}],"author":[{"embeddable":true,"href":"https:\/\/linitiative.ca\/International\/wp-json\/wp\/v2\/users\/1738"}],"replies":[{"embeddable":true,"href":"https:\/\/linitiative.ca\/International\/wp-json\/wp\/v2\/comments?post=76356"}],"version-history":[{"count":0,"href":"https:\/\/linitiative.ca\/International\/wp-json\/wp\/v2\/posts\/76356\/revisions"}],"wp:featuredmedia":[{"embeddable":true,"href":"https:\/\/linitiative.ca\/International\/wp-json\/"}],"wp:attachment":[{"href":"https:\/\/linitiative.ca\/International\/wp-json\/wp\/v2\/media?parent=76356"}],"wp:term":[{"taxonomy":"category","embeddable":true,"href":"https:\/\/linitiative.ca\/International\/wp-json\/wp\/v2\/categories?post=76356"},{"taxonomy":"post_tag","embeddable":true,"href":"https:\/\/linitiative.ca\/International\/wp-json\/wp\/v2\/tags?post=76356"}],"curies":[{"name":"wp","href":"https:\/\/api.w.org\/{rel}","templated":true}]}}