{"id":76358,"date":"2020-02-17T15:14:09","date_gmt":"2020-02-17T20:14:09","guid":{"rendered":"https:\/\/linitiative.ca\/International\/international-arsene-wenger-sans-pitie-avec-manchester-city\/"},"modified":"2020-02-17T15:14:09","modified_gmt":"2020-02-17T20:14:09","slug":"international-arsene-wenger-sans-pitie-avec-manchester-city","status":"publish","type":"post","link":"https:\/\/linitiative.ca\/International\/international-arsene-wenger-sans-pitie-avec-manchester-city\/","title":{"rendered":"International : Ars\u00e8ne Wenger sans piti\u00e9 avec Manchester City"},"content":{"rendered":"<div readability=\"32\">\n<p>Auteur : <span class=\"time\">lundi 17 f\u00e9vrier 2020 20:08<\/span><\/p>\n<\/div>\n<div id=\"post_core\" readability=\"44\">\n<p>Pour rappel, le club Citizen a \u00e9t\u00e9 exclu de toutes comp\u00e9titions europ\u00e9ennes, et a \u00e9t\u00e9 condamn\u00e9 \u00e0 payer une amende de 30 millions d\u2019euros par l\u2019UEFA pour les deux prochaines ann\u00e9es, pour ne pas avoir respect\u00e9 les r\u00e8gles de fair-play financier : \u00ab\u00a0Les r\u00e8gles sont ce qu&rsquo;elles sont et ceux qui ne les respectent pas doivent \u00eatre punis.\u00a0Si cela est prouv\u00e9 [&#8230;], on ne peut pas laisser \u00e7a impuni\u00a0\u00bb, a d\u00e9clar\u00e9 l&rsquo;actuel directeur du d\u00e9veloppement de la Fifa lors du Laureus Sport Awards \u00e0 Berlin et comme le rapporte Sport24.\u00a0Le coach de Liverpool J\u00fcrgen Klopp, au contraire du tacticien fran\u00e7ais de 70 ans, \u00e9tait \u00abd\u00e9sol\u00e9\u00bb pour l\u2019\u00e9quipe de Guardiola.<\/p>\n<p><strong>Publi\u00e9 dans :<\/strong> <span>Manchester City<\/span><\/p>\n<\/div>\n<p>Auteur:<br \/>\n<a href=\"http:\/\/www.lebuteur.com\/article\/detail?titre=arsene-wenger-sans-pitie-avec-manchester-city&#038;id=94867&#038;utm_source=feedburner&#038;utm_medium=feed&#038;utm_campaign=Feed%3A+GalerieFArtciles+%28Les+derniers+articles++-+lebuteur.com%29\">Cliquez ici pour lire l&rsquo;article depuis sa source.<\/a><\/p>\n","protected":false},"excerpt":{"rendered":"<p>Auteur : lundi 17 f\u00e9vrier 2020 20:08 Pour rappel, le club Citizen a \u00e9t\u00e9 exclu de toutes comp\u00e9titions europ\u00e9ennes, et a \u00e9t\u00e9 condamn\u00e9 \u00e0 payer une amende de 30 millions d\u2019euros par l\u2019UEFA pour les deux prochaines ann\u00e9es, pour ne pas avoir respect\u00e9 les r\u00e8gles de fair-play financier : \u00ab\u00a0Les r\u00e8gles sont ce qu&rsquo;elles sont [&hellip;]<\/p>\n","protected":false},"author":1738,"featured_media":76359,"comment_status":"closed","ping_status":"closed","sticky":false,"template":"","format":"standard","meta":{"fifu_image_url":"","fifu_image_alt":"","footnotes":""},"categories":[53,75],"tags":[],"class_list":["post-76358","post","type-post","status-publish","format-standard","has-post-thumbnail","hentry","category-algerie","category-sport"],"_links":{"self":[{"href":"https:\/\/linitiative.ca\/International\/wp-json\/wp\/v2\/posts\/76358","targetHints":{"allow":["GET"]}}],"collection":[{"href":"https:\/\/linitiative.ca\/International\/wp-json\/wp\/v2\/posts"}],"about":[{"href":"https:\/\/linitiative.ca\/International\/wp-json\/wp\/v2\/types\/post"}],"author":[{"embeddable":true,"href":"https:\/\/linitiative.ca\/International\/wp-json\/wp\/v2\/users\/1738"}],"replies":[{"embeddable":true,"href":"https:\/\/linitiative.ca\/International\/wp-json\/wp\/v2\/comments?post=76358"}],"version-history":[{"count":0,"href":"https:\/\/linitiative.ca\/International\/wp-json\/wp\/v2\/posts\/76358\/revisions"}],"wp:featuredmedia":[{"embeddable":true,"href":"https:\/\/linitiative.ca\/International\/wp-json\/"}],"wp:attachment":[{"href":"https:\/\/linitiative.ca\/International\/wp-json\/wp\/v2\/media?parent=76358"}],"wp:term":[{"taxonomy":"category","embeddable":true,"href":"https:\/\/linitiative.ca\/International\/wp-json\/wp\/v2\/categories?post=76358"},{"taxonomy":"post_tag","embeddable":true,"href":"https:\/\/linitiative.ca\/International\/wp-json\/wp\/v2\/tags?post=76358"}],"curies":[{"name":"wp","href":"https:\/\/api.w.org\/{rel}","templated":true}]}}