{"id":76362,"date":"2020-02-16T18:00:00","date_gmt":"2020-02-16T23:00:00","guid":{"rendered":"https:\/\/linitiative.ca\/International\/rencontre-gouvernement-walis\/"},"modified":"2020-02-16T18:00:00","modified_gmt":"2020-02-16T23:00:00","slug":"rencontre-gouvernement-walis","status":"publish","type":"post","link":"https:\/\/linitiative.ca\/International\/rencontre-gouvernement-walis\/","title":{"rendered":"Rencontre gouvernement- walis"},"content":{"rendered":"<div readability=\"83\">\n<p>Le ministre de l&rsquo;Education nationale, Mohamed Ouadjaout, a mis en avant l&rsquo;imp\u00e9ratif de garantir un enseignement \u00ab\u00e9quitable\u00bb \u00e0 l&rsquo;ensemble des \u00e9l\u00e8ves \u00e0 travers la r\u00e9duction des disparit\u00e9s enregistr\u00e9es entre wilayas et parfois dans une m\u00eame wilaya. Le ministre a mis l&rsquo;accent sur l&rsquo;imp\u00e9ratif de \u00abgarantir un enseignement de qualit\u00e9, \u00e9quitable et global au profit de tous les \u00e9l\u00e8ves, et ce, \u00e0 travers la r\u00e9duction des disparit\u00e9s enregistr\u00e9es entre wilayas et parfois dans une m\u00eame wilaya en mati\u00e8re de normes de scolarisation, d&rsquo;encadrement p\u00e9dagogique et de syst\u00e8me de double vacation\u00bb.<\/p>\n<p>Il a appel\u00e9, \u00e0 cet effet, \u00e0 \u00abla mise en place de programmes et de contenus p\u00e9dagogiques s&rsquo;inscrivant dans le cadre des pr\u00e9occupations nationales en vue de pr\u00e9parer le citoyen de demain et concr\u00e9tiser les objectifs de la soci\u00e9t\u00e9, \u00e0 savoir la promotion de l&rsquo;\u00e9cole en un espace de prosp\u00e9rit\u00e9 et de progr\u00e8s pour r\u00e9aliser les objectifs de la r\u00e9duction des disparit\u00e9s sociales et \u00e9conomiques \u00e0 travers les diff\u00e9rentes r\u00e9gions du pays, notamment les zones isol\u00e9es et enclav\u00e9es\u00bb. M. Ouadjaout a estim\u00e9, dans ce sens, que \u00able principe d&rsquo;\u00e9galit\u00e9 est important pour l&rsquo;Etat, d&rsquo;o\u00f9 l&rsquo;imp\u00e9ratif pour tous d&rsquo;\u0153uvrer au renforcement de la bonne gouvernance \u00e0 la lumi\u00e8re des principes de transparence, d&rsquo;\u00e9galit\u00e9 et de respect de la loi\u00bb, soulignant \u00abla n\u00e9cessit\u00e9 du respect de la souverainet\u00e9 de la loi, de la valorisation du m\u00e9rite et de la comp\u00e9tence et de l&rsquo;introduction des technologies de l&rsquo;information et de la communication (TIC), afin de garantir l&rsquo;efficacit\u00e9 dans les \u00e9tablissements \u00e9ducatifs, outre la rationalisation des d\u00e9penses, la lutte contre toutes les formes de gaspillage et l&rsquo;encouragement des ressources humaines \u00e0 travers la communication permanente avec les parties concern\u00e9es, notamment au niveau local\u00bb.<\/p>\n<p>Le minist\u00e8re de l&rsquo;Education prend en charge, en collaboration avec d&rsquo;autres d\u00e9partements minist\u00e9riels, \u00abnombre d&rsquo;op\u00e9rations de soutien et de solidarit\u00e9 scolaires \u00e0 travers l&rsquo;octroi de la bourse scolaire (5.000 DA), en sus de la fourniture de livres et d&rsquo;affaires scolaires \u00e0 titre gracieux ainsi que le transport\u00bb. Concernant l&rsquo;introduction des TIC, le ministre a insist\u00e9 sur l&rsquo;importance de poursuivre les efforts afin de consolider la num\u00e9risation et d\u00e9velopper un syst\u00e8me informatique permettant le suivi de la situation, soulignant \u00abl&rsquo;importance de l&rsquo;am\u00e9lioration du service public pour la prise en charge des pr\u00e9occupations des corporations \u00e9ducatives et la mise en place d&rsquo;un cadre de gestion bas\u00e9 sur la reddition de compte\u00bb. Il a rappel\u00e9, dans ce contexte, que le secteur s&rsquo;attelle \u00e0 l&rsquo;\u00e9laboration de \u00abr\u00e9f\u00e9rences de comp\u00e9tences professionnelles et des plans de formation au profit de tous les personnels parall\u00e8lement \u00e0 la promotion de la formation \u00e0 distance pour le personnes de l&rsquo;Education, \u00e0 la production de contenus num\u00e9riques avec la mise en place d&rsquo;un r\u00e9seau national num\u00e9rique. Le ministre a \u00e9voqu\u00e9, en outre, l&rsquo;int\u00e9r\u00eat \u00e0 accorder aux instituts de formation et la r\u00e9vision de leurs missions juridiques avec la refonte du syst\u00e8me de la formation sp\u00e9cialis\u00e9e et continue.<\/p>\n<p>Par ailleurs, M. Ouadjaout a plaid\u00e9 pour une approche \u00abparticipative\u00bb \u00e0 construire avec les parties concern\u00e9es \u00e0 travers l&rsquo;adoption d&rsquo;une feuille de route consensuelle, qui aura l&rsquo;appui de tous les acteurs, outre le renforcement du dialogue et de la concertation avec tous les partenaires sociaux \u00e0 la faveur de rencontres p\u00e9riodiques pour instaurer un climat de mobilisation permettant la r\u00e9solution des probl\u00e8mes pour am\u00e9liorer les conditions de vie et du travail des personnels de l&rsquo;Education. Affirmant que son secteur \u0153uvrait \u00e0 la cons\u00e9cration de la culture de s\u00e9curit\u00e9 routi\u00e8re dans les programmes \u00e9ducatifs, notamment durant le cycle primaire \u00e0 travers la mati\u00e8re de l&rsquo;\u00e9ducation civile, le ministre a mis en avant l&rsquo;importance d&rsquo;\u0153uvrer davantage \u00e0 l&rsquo;introduction de num\u00e9rique et des TIC dans le domaine de l&rsquo;\u00e9ducation, avec l&rsquo;adoption d&rsquo;une exp\u00e9rience pilote d&rsquo;utilisation de tablettes \u00e9lectroniques dans le cadre de l&rsquo;all\u00e8gement du poids du cartable, en application des instructions du pr\u00e9sident de la R\u00e9publique.\u00a0<\/p>\n<div readability=\"47\">\n<hr \/>\n<p><strong>Start-up\u00a0<\/strong><\/p>\n<p><strong>Une conf\u00e9rence internationale prochainement \u00e0 Alger\u00a0<\/strong><\/p>\n<p>Le ministre de la Micro-entreprise, des Start-up et de l\u2019Economie de la connaissance, Yassine Djerid\u00e8ne, a annonc\u00e9 la tenue prochainement d\u2019une conf\u00e9rence internationale d\u00e9di\u00e9e au d\u00e9veloppement des start-up en Alg\u00e9rie. M. Djerid\u00e8ne a indiqu\u00e9 que son d\u00e9partement est en phase de pr\u00e9paration d\u2019une conf\u00e9rence internationale d\u00e9di\u00e9e au d\u00e9veloppement des start-up en Alg\u00e9rie, avec une forte participation des comp\u00e9tences nationales et d&rsquo;experts alg\u00e9riens install\u00e9s \u00e0 l\u2019\u00e9tranger.<\/p>\n<p>Cette conf\u00e9rence sera ouverte \u00e0 toutes les comp\u00e9tences nationales r\u00e9sidant dans le pays et \u00e0 l\u2019\u00e9tranger ainsi qu&rsquo;aux experts internationaux voulant contribuer au d\u00e9veloppement des micro-entreprises et des start-up en Alg\u00e9rie, a ajout\u00e9 le ministre pr\u00e9cisant que son d\u00e9partement \u0153uvre \u00e0 associer les autorit\u00e9s locales \u00e0 la concr\u00e9tisation de son plan d\u2019action s\u2019inscrivant dans le programme du pr\u00e9sident de la R\u00e9publique.<\/p>\n<p>La soci\u00e9t\u00e9 civile sera aussi mise \u00e0 contribution, a-t-il fait savoir, annon\u00e7ant dans ce sillage le lancement de l\u2019initiative intitul\u00e9e \u00ab\u00a0Algerian start-up challenge\u00a0\u00bb dans 5 wilayas (B\u00e9char, Oran, Constantine, Ouargla et Alger). Celle-ci vise l\u2019encouragement des projets dans quatre secteurs \u00e9conomiques cl\u00e9s, \u00e0 savoir l\u2019\u00e9conomie num\u00e9rique, les transports, les \u00e9nergies renouvelables et l\u2019am\u00e9lioration des services publics. Parmi les autres chantiers du minist\u00e8re de la Micro-entreprise et des Start-up, M. Djerid\u00e8ne a fait part de la cr\u00e9ation d&rsquo;instituts de transfert technologiques au niveau des grandes \u00e9coles sup\u00e9rieures pour un meilleur encadrement de l\u2019\u00e9lite, en tenant compte des sp\u00e9cificit\u00e9s et des orientations de chaque wilaya o\u00f9 se trouvent les \u00e9coles concern\u00e9es.\u00a0<\/p>\n<p>Ces instituts seront r\u00e9alis\u00e9s dans des domaines leaders, comme l\u2019intelligence artificielle, le monde virtuel et dans le domaine de l\u2019internet, et l\u2019agriculture intelligente.\u00a0 La transformation des \u00e9tudes de recherche dans le domaine agricole en des entreprises nouvelles sous forme de start-up et leur assurer un encadrement dans le cadre des incubateurs pour leur d\u00e9veloppement a \u00e9t\u00e9 \u00e9galement \u00e9voqu\u00e9 par le ministre lors de sa communication. S\u2019adressant aux walis participants \u00e0 cette r\u00e9union, M. Djerid\u00e8ne a indiqu\u00e9 qu\u2019un fonds de financement des projets des jeunes et promoteurs des nouvelles entreprises sera mis en\u00a0 place, en sus de l\u2019\u00e9laboration d\u2019un cadre juridique pour d\u00e9finir les micro-entreprises et les start-up.<\/p>\n<hr \/>\n<\/div>\n<\/div>\n<div readability=\"36\">\n<p><strong>E-administration locale\u00a0<\/strong><\/p>\n<p><strong>Plaidoyer pour une nouvelle strat\u00e9gie<\/strong><\/p>\n<div readability=\"60\">\n<p>La n\u00e9cessit\u00e9 de la mise en place d&rsquo;une nouvelle strat\u00e9gie de d\u00e9veloppement de l&rsquo;administration \u00e9lectronique (e-administration), visant \u00e0 am\u00e9liorer la qualit\u00e9 du service public local et de simplifier les proc\u00e9dures aux citoyens, a \u00e9t\u00e9 soulign\u00e9e hier \u00e0 Alger, \u00e0 l&rsquo;occasion de la rencontre gouvernement-walis.<\/p>\n<p>Intervenant lors d&rsquo;un atelier intitul\u00e9 \u00abLa digitalisation et l&rsquo;intelligence collective, leviers d&rsquo;un nouveau service public local\u00bb, qui a regroup\u00e9 des walis, chefs de da\u00efra, cadres centraux et locaux, \u00e9lus ainsi que des partenaires \u00e9conomiques, les participants ont expliqu\u00e9 que cette strat\u00e9gie \u00abdoit reposer sur un cadre l\u00e9gislatif et r\u00e9glementaire favorable \u00e0 une gestion moderne et intelligente du service public local\u00bb.<\/p>\n<p>Il s&rsquo;agit aussi de lancer un \u00abvaste programme de modernisation dont l&rsquo;objectif est d&rsquo;avoir une administration \u00e9lectronique \u00e0 m\u00eame de permettre notamment aux citoyens de retirer les documents d&rsquo;\u00e9tat civil en ligne, et non plus au niveau des communes, comme cela est en vigueur actuellement\u00bb.<\/p>\n<p>Le processus de digitalisation, qui doit \u00eatre men\u00e9 par la wilaya (\u00e0 travers les services d\u00e9concentr\u00e9s de l\u2019Etat), \u00abdoit \u00eatre acc\u00e9l\u00e9r\u00e9\u00bb, a-t-on relev\u00e9 lors de cette rencontre, qui a mis en avant la \u00abn\u00e9cessit\u00e9 d&rsquo;aller vers l&rsquo;objectif ultime qui est de parvenir \u00e0 une administration d\u00e9mat\u00e9rialis\u00e9e avec z\u00e9ro papier\u00bb. Les participants ont, en outre, plaid\u00e9 pour la \u00abmutualisation et la rationalisation\u00bb des investissements en mati\u00e8re de digitalisation des prestations de service public.\u00a0 Ils ont appel\u00e9 \u00e0 la mise en place d\u2019un \u00e9cosyst\u00e8me \u00abfavorable\u00bb au d\u00e9veloppement des startups, qui activent dans le domaine des services publics locaux, lesquelles \u0153uvreront \u00e0 trouver des solutions intelligentes et innovantes visant l&rsquo;am\u00e9lioration de la qualit\u00e9 de service offerte aux citoyens.<\/p>\n<p>Il a \u00e9t\u00e9 relev\u00e9 aussi que la num\u00e9risation pourra mettre un terme aux \u00abpratiques et lourdeurs bureaucratiques, le gaspillage et le co\u00fbt on\u00e9reux de la gestion des services publics locaux\u00bb. Les insuffisances en mati\u00e8re de ressource humaine qualifi\u00e9e dans le domaine des technologies de l&rsquo;information et de la communication au niveau des collectivit\u00e9s locales ont \u00e9t\u00e9 \u00e9galement mises en avant par les participants qui ont appel\u00e9 au recrutement d&rsquo;un personnel qualifi\u00e9 et \u00e0 l&rsquo;organisation de formations dans le domaine des TIC pour lancer cette politique de digitalisation tous azimuts des services des collectivit\u00e9s locales au b\u00e9n\u00e9fice des citoyens.<\/p>\n<p>Les intervenants ont mis l&rsquo;accent sur l&rsquo;imp\u00e9ratif pour les collectivit\u00e9s locales de cr\u00e9er des cellules de veille et d&rsquo;\u00e9coute, en ligne, afin de s&rsquo;adapter aux mutations de la soci\u00e9t\u00e9 connect\u00e9e et pouvoir, ainsi, r\u00e9pondre, dans les meilleurs d\u00e9lais, aux pr\u00e9occupations des citoyens.<\/p>\n<div readability=\"39.5\">\n<hr \/>\n<p><strong>Jeunesse\u00a0<\/strong><\/p>\n<p><strong>Fonder un nouveau pacte social\u00a0<\/strong><\/p>\n<div readability=\"70\">\n<p>Le ministre de la Jeunesse et des Sports, Sid Ali Khaldi, a affirm\u00e9 que l&rsquo;objectif supr\u00eame du programme de son secteur \u00e9tait de \u00abraviver l&rsquo;espoir et r\u00e9tablir la confiance perdue entre les jeunes et les institutions de l&rsquo;\u00c9tat, \u00e0 la faveur d&rsquo;un nouveau pacte social avec les jeunes\u00bb. D\u00e9taillant le programme de son secteur, M. Khaldi a fait savoir que la promotion des jeunes a \u00e9t\u00e9 class\u00e9e au rang des priorit\u00e9s nationales des engagements du Pr\u00e9sident de la R\u00e9publique, soulignant que \u00ables jeunes sont un partenaire \u00e0 part enti\u00e8re dans la dynamique d&rsquo;\u00e9dification d&rsquo;une nouvelle R\u00e9publique\u00bb.\u00a0 \u00abCompte tenu de la conjoncture et des d\u00e9fis actuels, le processus de redressement national, que vise le pr\u00e9sident de la R\u00e9publique, passe par une contribution pleine et efficace des jeunes\u00bb, a poursuivi le ministre, \u00e9voquant, dans ce sens, \u00abune politique nationale unifi\u00e9e, coh\u00e9rente et int\u00e9gr\u00e9e relative aux jeune\u00bb.<\/p>\n<p>Il s&rsquo;agit d&rsquo;une politique horizontale adopt\u00e9e par l&rsquo;ensemble des institutions publiques, \u00e0 leur t\u00eate \u00ables collectivit\u00e9s locales et les d\u00e9partements minist\u00e9riels, avec la participation de la soci\u00e9t\u00e9 civile et du mouvement associatif\u00bb, a-t-il dit. M. Khaldi a mis l&rsquo;accent sur \u00abl&rsquo;attention particuli\u00e8re accord\u00e9e aux jeunes du Sud, des r\u00e9gions montagneuses isol\u00e9es, des zones d&rsquo;ombre et aux handicap\u00e9s, qui ont le droit \u00e0 l&rsquo;\u00e9galit\u00e9 des chances, au m\u00eame titre que les autres jeunes\u00bb. Le ministre a affirm\u00e9 que l&rsquo;objectif principal consiste \u00e0 \u00abraviver l&rsquo;espoir et r\u00e9tablir la confiance perdue entre les jeunes et les institutions de l&rsquo;\u00c9tat, \u00e0 travers un nouveau pacte social avec les jeunes\u00bb.<\/p>\n<p>Le Plan d&rsquo;action, que le ministre de la Jeunesse et des Sports tente d&rsquo;appliquer, est bas\u00e9 sur une approche triptyque partant de \u00abla politique nationale pour la promotion des jeunes\u00bb, qui sera concr\u00e9tis\u00e9e par \u00abla mise en \u0153uvre d&rsquo;un plan national des jeunes s&rsquo;inscrivant dans le cadre des priorit\u00e9s du gouvernement\u00bb.\u00a0 \u00abL&rsquo;objectif final \u00e9tant d&rsquo;impr\u00e9gner nos jeunes des valeurs de nationalisme et de citoyennet\u00e9, et l&rsquo;ouverture sur le monde, ainsi que sa mobilisation pour le d\u00e9veloppement national\u00bb, a-t-il pr\u00e9cis\u00e9.<\/p>\n<p>\u00abSortir la jeunesse de cette conception \u00e9troite la r\u00e9duisant au divertissement vers la contribution au d\u00e9veloppement et \u00e0 la gestion des affaires publiques, c&rsquo;est ce \u00e0 quoi tend ce Plan en accordant l&rsquo;int\u00e9r\u00eat aux diff\u00e9rents aspects, \u00e0 savoir la formation, l&#8217;emploi, l&rsquo;entrepreneuriat, le logement, le sport, la culture, le divertissement, la technologie, la num\u00e9risation et la participation \u00e0 la vie publique et \u00e0 la politique\u00bb, a-t-il expliqu\u00e9.<\/p>\n<p>Pour la mise en \u0153uvre de ce Plan, le ministre a estim\u00e9 imp\u00e9ratif la concertation et la coordination ente diff\u00e9rents secteurs et instances et institutions nationales, d&rsquo;o\u00f9 la n\u00e9cessit\u00e9 de cr\u00e9er un comit\u00e9 intersectoriel regroupant tous les secteurs et intervenants concern\u00e9s par les affaires de la jeunesse.\u00a0<\/p>\n<hr \/>\n<\/div>\n<\/div>\n<\/div>\n<\/div>\n<div readability=\"77\">\n<p><strong>Promotion de l&#8217;emploi<\/strong><\/p>\n<p><strong>appel \u00e0 une participation totale et r\u00e9elle des autorit\u00e9s locales\u00a0<\/strong><\/p>\n<p>Le ministre du Travail, de l&rsquo;Emploi et de la S\u00e9curit\u00e9 sociale, Chawki Acheuk Youcef, a affirm\u00e9, hier \u00e0 Alger, que les comit\u00e9s locaux de promotion de l&#8217;emploi pr\u00e9sid\u00e9s par les walis constituent un instrument strat\u00e9gique pour le renforcement de la coordination au niveau local, estimant qu&rsquo;\u00abaucune d\u00e9cision ni aucune politique ne saurait \u00eatre activ\u00e9e sans une participation totale et r\u00e9elle des autorit\u00e9s locales\u00bb.\u00a0<\/p>\n<p>Intervenant lors de la rencontre gouvernement-walis, le ministre a indiqu\u00e9 que les comit\u00e9s locaux de promotion de l&#8217;emploi pr\u00e9sid\u00e9s par les walis \u00abconstituent un instrument strat\u00e9gique pour la consolidation de la coordination au niveau local\u00bb, estimant qu&rsquo;\u00abaucune d\u00e9cision, ni aucune politique ne saurait \u00eatre activ\u00e9e sans une participation totale et r\u00e9elle des autorit\u00e9s locales\u00bb. Concernant l&#8217;emploi et la lutte contre le ch\u00f4mage \u00e0 travers l&rsquo;encouragement du travail r\u00e9mun\u00e9r\u00e9 et le d\u00e9veloppement de l&rsquo;esprit d&rsquo;entrepreneuriat, M. Acheuk Youcef a fait savoir que\u00a0 son secteur avait proc\u00e9d\u00e9 \u00e0 \u00abune \u00e9valuation globale des m\u00e9canismes d&#8217;emploi et de soutien \u00e0 la cr\u00e9ation de l&rsquo;activit\u00e9 en vue de leur r\u00e9activation dans le cadre d&rsquo;une nouvelle approche \u00e9conomique\u00bb.<\/p>\n<p>\u00abLe dispositif d&rsquo;aide \u00e0 l&rsquo;insertion professionnelle, mis en \u0153uvre depuis onze ans, a montr\u00e9 ses limites voire une contradiction entre les moyens mobilis\u00e9s et les r\u00e9sultats r\u00e9alis\u00e9s\u00bb, a-t-il expliqu\u00e9, r\u00e9v\u00e9lant que de nouveaux m\u00e9canismes d&rsquo;insertion sont en cours d&rsquo;\u00e9laboration, fond\u00e9s sur \u00abune approche \u00e9conomique ax\u00e9e sur la formation et l&rsquo;apprentissage en vue de cr\u00e9er des postes d&#8217;emploi s&rsquo;appuyant sur la valeur ajout\u00e9e qu&rsquo;apporte le travailleur\u00bb.<\/p>\n<p>A ce propos, le ministre de l&rsquo;Emploi a affirm\u00e9 que le secteur \u00absollicite les walis en leur qualit\u00e9 de pr\u00e9sidents des comit\u00e9s de wilaya de veiller au bon d\u00e9roulement de l&rsquo;op\u00e9ration d&rsquo;insertion des b\u00e9n\u00e9ficiaires du dispositif d&rsquo;aide \u00e0 l&rsquo;insertion professionnelle\u00bb.<\/p>\n<p>oncernant la probl\u00e9matique de l&#8217;emploi, notamment dans les wilayas du Sud, le ministre a affirm\u00e9 que ce probl\u00e8me \u00abn\u00e9cessite la conjugaison des efforts de tous les acteurs, et qu&rsquo;il ne concerne pas seulement les services locaux de l&#8217;emploi, pour cr\u00e9er des postes d&#8217;emploi d&rsquo;une part et am\u00e9liorer les aptitudes de la main-d&rsquo;\u0153uvre, d&rsquo;autre part, afin d&rsquo;int\u00e9grer un plus grand nombre de demandeurs d&#8217;emploi\u00bb. Pour ce qui est du d\u00e9veloppement de l&rsquo;esprit d&rsquo;entrepreneuriat, M. Acheuk Youcef a affirm\u00e9 que son secteur a initi\u00e9 \u00abune \u00e9valuation de l&rsquo;Agence nationale de soutien \u00e0 l&#8217;emploi des jeunes (ANSEJ), et de la Caisse nationale d&rsquo;assurance ch\u00f4mage (CNAC) afin de redynamiser et de relancer l&rsquo;activit\u00e9 dans le cadre d&rsquo;une nouvelle vision \u00e9conomique\u00bb. Dans ce cadre, le ministre a appel\u00e9 les walis \u00e0 \u00ab\u00e9laborer des cartographies d&rsquo;activit\u00e9s et \u00e0 d\u00e9finir les moyens et les besoins de cr\u00e9ation de l&rsquo;activit\u00e9 dans chaque r\u00e9gion, ce qui n\u00e9cessite une vision claire du d\u00e9veloppement local, qui renforcera le d\u00e9veloppement \u00e9conomique local et national et contribuera \u00e0 capter l&rsquo;investissement cr\u00e9ateur d&#8217;emplois d\u00e9cents\u00bb.<\/p>\n<p>S&rsquo;agissant de la pr\u00e9servation et du d\u00e9veloppement du syst\u00e8me de la s\u00e9curit\u00e9 sociale, le ministre a affirm\u00e9 que le secteur \u00ab\u0153uvrera \u00e0 la cr\u00e9ation de moyens et de m\u00e9canismes d&rsquo;affiliation automatique et d&rsquo;affiliation volontaire, en recourant \u00e0 la coop\u00e9ration mutuelle et \u00e0 l&rsquo;assistance administrative\u00bb, ajoutant que \u00able dispositif et les outils de recouvrement seront renforc\u00e9s pour augmenter l&rsquo;efficacit\u00e9 des m\u00e9canismes de recouvrement et de contr\u00f4le\u00bb. Il a mis en avant, dans ce sens, l&rsquo;imp\u00e9ratif d&rsquo;\u0153uvrer \u00e0 la lutte contre toutes formes de fraude dans les prestations de la s\u00e9curit\u00e9 sociale en mettant en place un dispositif pr\u00e9ventif et coercitif apr\u00e8s la sensibilisation des parties concern\u00e9es\u00bb.<\/p>\n<p>Pour le ministre, cette d\u00e9marche n\u00e9cessite la conjugaison des efforts et leur dynamisation au niveau local, en sollicitant l&rsquo;aide des walis, afin de garantir le bon fonctionnement des structures de la s\u00e9curit\u00e9 sociale et faciliter la coordination avec les services des secteurs repr\u00e9sent\u00e9s au niveau local, estimant que \u00abla centralisation n&rsquo;aura aucune efficacit\u00e9 sans la participation totale au niveau local\u00bb.\u00a0<\/p>\n<\/div>\n<p>Auteur: elmoudjahid<br \/>\n<a href=\"http:\/\/www.elmoudjahid.com\/fr\/actualites\/148467\">Cliquez ici pour lire l&rsquo;article depuis sa source.<\/a><\/p>\n","protected":false},"excerpt":{"rendered":"<p>Le ministre de l&rsquo;Education nationale, Mohamed Ouadjaout, a mis en avant l&rsquo;imp\u00e9ratif de garantir un enseignement \u00ab\u00e9quitable\u00bb \u00e0 l&rsquo;ensemble des \u00e9l\u00e8ves \u00e0 travers la r\u00e9duction des disparit\u00e9s enregistr\u00e9es entre wilayas et parfois dans une m\u00eame wilaya. Le ministre a mis l&rsquo;accent sur l&rsquo;imp\u00e9ratif de \u00abgarantir un enseignement de qualit\u00e9, \u00e9quitable et global au profit de [&hellip;]<\/p>\n","protected":false},"author":1744,"featured_media":0,"comment_status":"closed","ping_status":"closed","sticky":false,"template":"","format":"standard","meta":{"fifu_image_url":"","fifu_image_alt":"","footnotes":""},"categories":[73,53],"tags":[],"class_list":["post-76362","post","type-post","status-publish","format-standard","hentry","category-actualite","category-algerie"],"_links":{"self":[{"href":"https:\/\/linitiative.ca\/International\/wp-json\/wp\/v2\/posts\/76362","targetHints":{"allow":["GET"]}}],"collection":[{"href":"https:\/\/linitiative.ca\/International\/wp-json\/wp\/v2\/posts"}],"about":[{"href":"https:\/\/linitiative.ca\/International\/wp-json\/wp\/v2\/types\/post"}],"author":[{"embeddable":true,"href":"https:\/\/linitiative.ca\/International\/wp-json\/wp\/v2\/users\/1744"}],"replies":[{"embeddable":true,"href":"https:\/\/linitiative.ca\/International\/wp-json\/wp\/v2\/comments?post=76362"}],"version-history":[{"count":0,"href":"https:\/\/linitiative.ca\/International\/wp-json\/wp\/v2\/posts\/76362\/revisions"}],"wp:attachment":[{"href":"https:\/\/linitiative.ca\/International\/wp-json\/wp\/v2\/media?parent=76362"}],"wp:term":[{"taxonomy":"category","embeddable":true,"href":"https:\/\/linitiative.ca\/International\/wp-json\/wp\/v2\/categories?post=76362"},{"taxonomy":"post_tag","embeddable":true,"href":"https:\/\/linitiative.ca\/International\/wp-json\/wp\/v2\/tags?post=76362"}],"curies":[{"name":"wp","href":"https:\/\/api.w.org\/{rel}","templated":true}]}}