{"id":76363,"date":"2020-02-16T18:00:00","date_gmt":"2020-02-16T23:00:00","guid":{"rendered":"https:\/\/linitiative.ca\/International\/le-plan-daction-du-gouvernement-adopte-au-conseil-de-la-nation\/"},"modified":"2020-02-16T18:00:00","modified_gmt":"2020-02-16T23:00:00","slug":"le-plan-daction-du-gouvernement-adopte-au-conseil-de-la-nation","status":"publish","type":"post","link":"https:\/\/linitiative.ca\/International\/le-plan-daction-du-gouvernement-adopte-au-conseil-de-la-nation\/","title":{"rendered":"Le Plan d\u2019action du gouvernement adopt\u00e9 au Conseil de la Nation"},"content":{"rendered":"<p>C\u2019est \u00e0 la majorit\u00e9 absolue que les membres du Conseil de la Nation ont adopt\u00e9 hier le Plan d\u2019action du gouvernement, lors d\u2019une s\u00e9ance pl\u00e9ni\u00e8re pr\u00e9sid\u00e9e par M. Salah Goudjil, pr\u00e9sident par int\u00e9rim, en pr\u00e9sence du Premier ministre et des membres de l\u2019Ex\u00e9cutif.<\/p>\n<div readability=\"40\">\n<p>La s\u00e9ance a d\u00e9but\u00e9 par les interventions des chefs des groupes parlementaires du RND, du tiers pr\u00e9sidentiel et du FLN, auxquelles a succ\u00e9d\u00e9 la prise de parole du Premier ministre qui a apport\u00e9 des clarifications et des r\u00e9ponses aux pr\u00e9occupations soulev\u00e9es par les s\u00e9nateurs, lors des d\u00e9bats sur le Plan d\u2019action avant son adoption, d\u2019abord par une motion sp\u00e9ciale d\u2019adh\u00e9sion et de confiance, puis par le vote \u00e0 main lev\u00e9e.\u00a0<\/p>\n<p>La r\u00e9ponse de M. Djerad atteste d\u2019entr\u00e9e de la volont\u00e9 de l\u2019Ex\u00e9cutif d\u2019op\u00e9rer des r\u00e9formes structurelles pouvant servir de solide plate-forme \u00e0 l\u2019instauration de l\u2019Alg\u00e9rie nouvelle, conform\u00e9ment aux 54 engagements du pr\u00e9sident de la R\u00e9publique. \u00c0 ce titre, le premier volet \u00e9voqu\u00e9 par le Premier ministre est celui traitant des ressources de financement du Plan d\u2019action du gouvernement. Il fera savoir sur ce chapitre que ce plan comprend \u00abune s\u00e9rie de m\u00e9canismes d\u2019ordre qualitatif et ne se limite pas uniquement \u00e0 la r\u00e9alisation des projets d\u2019investissements nationaux ou locaux\u00bb. \u00abLe Plan d\u2019action du gouvernement rev\u00eat un caract\u00e8re politique important, eu \u00e9gard aux r\u00e9formes qu\u2019il pr\u00e9conise dans l\u2019ensemble des secteurs d\u2019activit\u00e9s\u00bb, indique encore M. Djerad, pr\u00e9cisant qu\u2019il s\u2019agit l\u00e0 d\u2019une dynamique en rupture totale avec les pr\u00e9c\u00e9dents modes de gouvernance en tendant \u00e0 la cons\u00e9cration de l\u2019objectif de b\u00e2tir une nouvelle R\u00e9publique. Cela implique, explique-t-il, une r\u00e9vision profonde de l\u2019ordre des priorit\u00e9s. Dans cette optique, le Premier ministre annonce la r\u00e9alisation d\u2019un plan de recensement g\u00e9n\u00e9ral avec des donn\u00e9es actualis\u00e9es refl\u00e9tant objectivement la situation socio\u00e9conomique du pays. Il est pr\u00e9vu, dans ce cadre, explique-t-il, d\u2019\u00e9tablir un diagnostic d\u00e9taill\u00e9 traitant de chacun des secteurs d\u2019activit\u00e9s et de chacune des wilayas. Un diagnostic en vertu duquel seront men\u00e9es les actions de d\u00e9veloppement visant \u00e0 essentiellement la cr\u00e9ation d\u2019emploi et la consolidation de la stabilit\u00e9 sociale. Il est aussi question, dans la d\u00e9marche du gouvernement, de faire un bilan actualis\u00e9 des ressources financi\u00e8res et d\u2019y int\u00e9grer des m\u00e9canismes garantissant leur exploitation rationnelle. M. Djerad souligne aussi l\u2019importance d\u2019aboutir \u00e0 une meilleure ma\u00eetrise du secteur \u00e9conomique public \u00e0 m\u00eame de g\u00e9n\u00e9rer des ressources au profit du Tr\u00e9sor public. Il mettra l\u2019accent, \u00e0 ce sujet, sur l\u2019importance d\u2019une r\u00e9vision des transactions des march\u00e9s publics en vue de barrer la route \u00e0 tout investissement improductif. Il insiste aussi sur la restitution des biens et des avoirs d\u00e9tourn\u00e9s, tout en pr\u00e9voyant de durcir la lutte contre la corruption et d\u2019\u0153uvrer \u00e0 la promotion d\u2019une gestion saine et transparente. Il fait part, par ailleurs, de la d\u00e9termination du gouvernement d\u2019encourager la d\u00e9centralisation et le principe de la d\u00e9mocratie participative, ajoutant que la prise en charge des couches d\u00e9favoris\u00e9es et des personnes aux besoins sp\u00e9cifiques figure parmi les priorit\u00e9s du gouvernement. Les r\u00e9ponses du Premier ministre ont \u00e9t\u00e9 pr\u00e9c\u00e9d\u00e9es par les intervenions des chefs de groupes parlementaires qui ont salu\u00e9 le contenu du Plan d\u2019action du gouvernement, relevant notamment que celui-ci est coh\u00e9rent et adapt\u00e9 aux aspirations du peuple en mati\u00e8re de changement.<\/p>\n<p><strong>Karim Aoudia<\/strong><\/p>\n<\/div>\n<p>Auteur: elmoudjahid<br \/>\n<a href=\"http:\/\/www.elmoudjahid.com\/fr\/actualites\/148468\">Cliquez ici pour lire l&rsquo;article depuis sa source.<\/a><\/p>\n","protected":false},"excerpt":{"rendered":"<p>C\u2019est \u00e0 la majorit\u00e9 absolue que les membres du Conseil de la Nation ont adopt\u00e9 hier le Plan d\u2019action du gouvernement, lors d\u2019une s\u00e9ance pl\u00e9ni\u00e8re pr\u00e9sid\u00e9e par M. Salah Goudjil, pr\u00e9sident par int\u00e9rim, en pr\u00e9sence du Premier ministre et des membres de l\u2019Ex\u00e9cutif. La s\u00e9ance a d\u00e9but\u00e9 par les interventions des chefs des groupes parlementaires [&hellip;]<\/p>\n","protected":false},"author":1744,"featured_media":0,"comment_status":"closed","ping_status":"closed","sticky":false,"template":"","format":"standard","meta":{"fifu_image_url":"","fifu_image_alt":"","footnotes":""},"categories":[73,53],"tags":[],"class_list":["post-76363","post","type-post","status-publish","format-standard","hentry","category-actualite","category-algerie"],"_links":{"self":[{"href":"https:\/\/linitiative.ca\/International\/wp-json\/wp\/v2\/posts\/76363","targetHints":{"allow":["GET"]}}],"collection":[{"href":"https:\/\/linitiative.ca\/International\/wp-json\/wp\/v2\/posts"}],"about":[{"href":"https:\/\/linitiative.ca\/International\/wp-json\/wp\/v2\/types\/post"}],"author":[{"embeddable":true,"href":"https:\/\/linitiative.ca\/International\/wp-json\/wp\/v2\/users\/1744"}],"replies":[{"embeddable":true,"href":"https:\/\/linitiative.ca\/International\/wp-json\/wp\/v2\/comments?post=76363"}],"version-history":[{"count":0,"href":"https:\/\/linitiative.ca\/International\/wp-json\/wp\/v2\/posts\/76363\/revisions"}],"wp:attachment":[{"href":"https:\/\/linitiative.ca\/International\/wp-json\/wp\/v2\/media?parent=76363"}],"wp:term":[{"taxonomy":"category","embeddable":true,"href":"https:\/\/linitiative.ca\/International\/wp-json\/wp\/v2\/categories?post=76363"},{"taxonomy":"post_tag","embeddable":true,"href":"https:\/\/linitiative.ca\/International\/wp-json\/wp\/v2\/tags?post=76363"}],"curies":[{"name":"wp","href":"https:\/\/api.w.org\/{rel}","templated":true}]}}