{"id":76364,"date":"2020-02-17T08:00:00","date_gmt":"2020-02-17T13:00:00","guid":{"rendered":"https:\/\/linitiative.ca\/International\/karim-younes-nomme-mediateur-de-la-republique\/"},"modified":"2020-02-17T08:00:00","modified_gmt":"2020-02-17T13:00:00","slug":"karim-younes-nomme-mediateur-de-la-republique","status":"publish","type":"post","link":"https:\/\/linitiative.ca\/International\/karim-younes-nomme-mediateur-de-la-republique\/","title":{"rendered":"Karim Younes nomm\u00e9 m\u00e9diateur de la R\u00e9publique"},"content":{"rendered":"<p>.Cette nomination intervient suite \u00e0 l&rsquo;audience qu&rsquo;a accord\u00e9e le chef de l&rsquo;Etat \u00e0 Karim Younes.<\/p>\n<p><strong>(BIO-EXPRESS)<\/strong><\/p>\n<p>L&rsquo;ancien coordonnateur de l&rsquo;Instance nationale de dialogue et de m\u00e9diation (INDM), Karim Younes a \u00e9t\u00e9 nomm\u00e9, lundi, m\u00e9diateur de la R\u00e9publique par le pr\u00e9sident de la R\u00e9publique, AbdelamdjidTebboune.<\/p>\n<p>N\u00e9 le 1er janvier 1948 \u00e0 B\u00e9jaia, Karim Younes est un homme politique et \u00e9crivain dont \u0153uvre comprend plusieurs ouvrages sur l&rsquo;histoire contemporaine de l&rsquo;Alg\u00e9rie.Licenci\u00e9 de fran\u00e7ais de l\u2019Universit\u00e9 d\u2019Alger en 1978, il a \u00e9t\u00e9 pr\u00e9sident de l&rsquo;Assembl\u00e9e populaire nationale (APN) de juin 2002 \u00e0 juin 2004. Il a \u00e9t\u00e9 secr\u00e9taire d\u2019Etat puis ministre de la Formation professionnelle de juin 1997 \u00e0 mai 2002.(APS)<\/p>\n<p>Auteur: elmoudjahid<br \/>\n<a href=\"http:\/\/www.elmoudjahid.com\/fr\/actualites\/148469\">Cliquez ici pour lire l&rsquo;article depuis sa source.<\/a><\/p>\n","protected":false},"excerpt":{"rendered":"<p>.Cette nomination intervient suite \u00e0 l&rsquo;audience qu&rsquo;a accord\u00e9e le chef de l&rsquo;Etat \u00e0 Karim Younes. (BIO-EXPRESS) L&rsquo;ancien coordonnateur de l&rsquo;Instance nationale de dialogue et de m\u00e9diation (INDM), Karim Younes a \u00e9t\u00e9 nomm\u00e9, lundi, m\u00e9diateur de la R\u00e9publique par le pr\u00e9sident de la R\u00e9publique, AbdelamdjidTebboune. N\u00e9 le 1er janvier 1948 \u00e0 B\u00e9jaia, Karim Younes est un [&hellip;]<\/p>\n","protected":false},"author":1744,"featured_media":0,"comment_status":"closed","ping_status":"closed","sticky":false,"template":"","format":"standard","meta":{"fifu_image_url":"","fifu_image_alt":"","footnotes":""},"categories":[73,53],"tags":[],"class_list":["post-76364","post","type-post","status-publish","format-standard","hentry","category-actualite","category-algerie"],"_links":{"self":[{"href":"https:\/\/linitiative.ca\/International\/wp-json\/wp\/v2\/posts\/76364","targetHints":{"allow":["GET"]}}],"collection":[{"href":"https:\/\/linitiative.ca\/International\/wp-json\/wp\/v2\/posts"}],"about":[{"href":"https:\/\/linitiative.ca\/International\/wp-json\/wp\/v2\/types\/post"}],"author":[{"embeddable":true,"href":"https:\/\/linitiative.ca\/International\/wp-json\/wp\/v2\/users\/1744"}],"replies":[{"embeddable":true,"href":"https:\/\/linitiative.ca\/International\/wp-json\/wp\/v2\/comments?post=76364"}],"version-history":[{"count":0,"href":"https:\/\/linitiative.ca\/International\/wp-json\/wp\/v2\/posts\/76364\/revisions"}],"wp:attachment":[{"href":"https:\/\/linitiative.ca\/International\/wp-json\/wp\/v2\/media?parent=76364"}],"wp:term":[{"taxonomy":"category","embeddable":true,"href":"https:\/\/linitiative.ca\/International\/wp-json\/wp\/v2\/categories?post=76364"},{"taxonomy":"post_tag","embeddable":true,"href":"https:\/\/linitiative.ca\/International\/wp-json\/wp\/v2\/tags?post=76364"}],"curies":[{"name":"wp","href":"https:\/\/api.w.org\/{rel}","templated":true}]}}