{"id":76365,"date":"2020-02-17T14:00:00","date_gmt":"2020-02-17T19:00:00","guid":{"rendered":"https:\/\/linitiative.ca\/International\/coronavirus-le-president-tebboune-satisfait-du-bon-etat-de-sante-des-personnes-rapatriees-de-wuhan\/"},"modified":"2020-02-17T14:00:00","modified_gmt":"2020-02-17T19:00:00","slug":"coronavirus-le-president-tebboune-satisfait-du-bon-etat-de-sante-des-personnes-rapatriees-de-wuhan","status":"publish","type":"post","link":"https:\/\/linitiative.ca\/International\/coronavirus-le-president-tebboune-satisfait-du-bon-etat-de-sante-des-personnes-rapatriees-de-wuhan\/","title":{"rendered":"Coronavirus: Le Pr\u00e9sident Tebboune satisfait du bon \u00e9tat de sant\u00e9 des personnes rapatri\u00e9es de Wuhan"},"content":{"rendered":"<p>\u00ab\u00a0C&rsquo;est avec une grande satisfaction que j&rsquo;ai appris la nouvelle de la sortie de nos enfants, sains et saufs, de tout virus, \u00e0 la fin de la p\u00e9riode de quarantaine.<\/p>\n<p>Je vous souhaite la pleine sant\u00e9 et la r\u00e9ussite dans vos \u00e9tudes et partage avec vos familles et proches la joie que vous soyez en bonne sant\u00e9, tout en pr\u00e9sentant mes vifs remerciements \u00e0 l&rsquo;\u00e9quipe qui s&rsquo;est charg\u00e9e de votre rapatriement et \u00e0 toute personne ayant particip\u00e9 \u00e0 votre prise en charge\u00a0\u00bb, a \u00e9crit M. Tebboune dans un tweet sur son compte officiel.<\/p>\n<p>Pour rappel, les ressortissants alg\u00e9riens, libyens et mauritaniens rapatri\u00e9s de Wuhan, en Chine, en raison de l&rsquo;\u00e9pid\u00e9mie du nouveau Coronavirus, avaient \u00e9t\u00e9 autoris\u00e9s dimanche soir \u00e0 quitter l&rsquo;h\u00f4tel Ra\u00efs \u00e0 Alger, o\u00f9 ils \u00e9taient confin\u00e9s pendant deux semaines.<\/p>\n<p>Un avion sp\u00e9cial de la compagnie nationale, Air Alg\u00e9rie, avait \u00e9t\u00e9 d\u00e9p\u00each\u00e9 le 2 f\u00e9vrier dernier sur instruction du Pr\u00e9sident de la R\u00e9publique pour rapatrier les Alg\u00e9riens \u00e9tablis dans la ville chinoise de Wuhan.<\/p>\n<p>Ce vol sp\u00e9cial a permis l&rsquo;\u00e9vacuation de 31 Alg\u00e9riens et de 17 ressortissants tunisiens, libyens et mauritaniens.<\/p>\n<p>Les 31 Alg\u00e9riens, les 3 libyens et 4 mauritaniens rapatri\u00e9s de Chine, ainsi que les membres d&rsquo;\u00e9quipage et le staff m\u00e9dical ont \u00e9t\u00e9 transf\u00e9r\u00e9s \u00e0 leur descente d&rsquo;avion, le 3 f\u00e9vrier dernier, vers un h\u00f4tel de la capitale o\u00f9 ils ont \u00e9t\u00e9 plac\u00e9s en quarantaine, conform\u00e9ment aux recommandations de l&rsquo;Organisation mondiale de la sant\u00e9 (OMS).\u00a0<strong>APS<\/strong><\/p>\n<p>Auteur: elmoudjahid<br \/>\n<a href=\"http:\/\/www.elmoudjahid.com\/fr\/actualites\/148482\">Cliquez ici pour lire l&rsquo;article depuis sa source.<\/a><\/p>\n","protected":false},"excerpt":{"rendered":"<p>\u00ab\u00a0C&rsquo;est avec une grande satisfaction que j&rsquo;ai appris la nouvelle de la sortie de nos enfants, sains et saufs, de tout virus, \u00e0 la fin de la p\u00e9riode de quarantaine. Je vous souhaite la pleine sant\u00e9 et la r\u00e9ussite dans vos \u00e9tudes et partage avec vos familles et proches la joie que vous soyez en [&hellip;]<\/p>\n","protected":false},"author":1744,"featured_media":0,"comment_status":"closed","ping_status":"closed","sticky":false,"template":"","format":"standard","meta":{"fifu_image_url":"","fifu_image_alt":"","footnotes":""},"categories":[73,53],"tags":[],"class_list":["post-76365","post","type-post","status-publish","format-standard","hentry","category-actualite","category-algerie"],"_links":{"self":[{"href":"https:\/\/linitiative.ca\/International\/wp-json\/wp\/v2\/posts\/76365","targetHints":{"allow":["GET"]}}],"collection":[{"href":"https:\/\/linitiative.ca\/International\/wp-json\/wp\/v2\/posts"}],"about":[{"href":"https:\/\/linitiative.ca\/International\/wp-json\/wp\/v2\/types\/post"}],"author":[{"embeddable":true,"href":"https:\/\/linitiative.ca\/International\/wp-json\/wp\/v2\/users\/1744"}],"replies":[{"embeddable":true,"href":"https:\/\/linitiative.ca\/International\/wp-json\/wp\/v2\/comments?post=76365"}],"version-history":[{"count":0,"href":"https:\/\/linitiative.ca\/International\/wp-json\/wp\/v2\/posts\/76365\/revisions"}],"wp:attachment":[{"href":"https:\/\/linitiative.ca\/International\/wp-json\/wp\/v2\/media?parent=76365"}],"wp:term":[{"taxonomy":"category","embeddable":true,"href":"https:\/\/linitiative.ca\/International\/wp-json\/wp\/v2\/categories?post=76365"},{"taxonomy":"post_tag","embeddable":true,"href":"https:\/\/linitiative.ca\/International\/wp-json\/wp\/v2\/tags?post=76365"}],"curies":[{"name":"wp","href":"https:\/\/api.w.org\/{rel}","templated":true}]}}