{"id":76366,"date":"2020-02-17T14:00:00","date_gmt":"2020-02-17T19:00:00","guid":{"rendered":"https:\/\/linitiative.ca\/International\/coronavirus-les-algeriens-rapatries-de-wuhan-autorises-a-quitter-leur-lieu-de-confinement\/"},"modified":"2020-02-17T14:00:00","modified_gmt":"2020-02-17T19:00:00","slug":"coronavirus-les-algeriens-rapatries-de-wuhan-autorises-a-quitter-leur-lieu-de-confinement","status":"publish","type":"post","link":"https:\/\/linitiative.ca\/International\/coronavirus-les-algeriens-rapatries-de-wuhan-autorises-a-quitter-leur-lieu-de-confinement\/","title":{"rendered":"Coronavirus : Les Alg\u00e9riens rapatri\u00e9s de Wuhan, autoris\u00e9s \u00e0 quitter leur lieu de confinement"},"content":{"rendered":"<p>\u00ab\u00a0Je suis tr\u00e8s heureux d&rsquo;annoncer la lev\u00e9e des mesures de mise en quarantaine qui avaient \u00e9t\u00e9 impos\u00e9es aux ressortissants alg\u00e9riens, libyens et mauritaniens apr\u00e8s une p\u00e9riode d&rsquo;isolement de 14 jours\u00a0\u00bb, dur\u00e9e d&rsquo;incubation du virus, a d\u00e9clar\u00e9 le ministre de la Sant\u00e9, de la Population et de la R\u00e9forme hospitali\u00e8re, M. Abderrahmane Benbouzid lors d&rsquo;une c\u00e9r\u00e9monie organis\u00e9e sur le lieu de confinement.<\/p>\n<p>Le ministre s&rsquo;est dit, \u00e0 l&rsquo;occasion, \u00ab\u00a0tr\u00e8s satisfait\u00a0\u00bb de constater que toutes les personnes rapatri\u00e9es de Wuhan soient en bonne sant\u00e9, exprimant sa \u00ab\u00a0gratitude\u00a0\u00bb au Pr\u00e9sident de la R\u00e9publique, Abdelmadjid Tebboune qui a ordonn\u00e9 le rapatriement des Alg\u00e9riens \u00e9tablis dans cette ville, conform\u00e9ment \u00e0 ses engagements de prot\u00e9ger et de porter assistance \u00e0 la communaut\u00e9 nationale \u00e9tablie \u00e0 l&rsquo;\u00e9tranger.<\/p>\n<p>Un avion sp\u00e9cial de la compagnie nationale, Air Alg\u00e9rie, avait \u00e9t\u00e9 d\u00e9p\u00each\u00e9 le 2 f\u00e9vrier dernier sur instruction du Pr\u00e9sident de la R\u00e9publique pour rapatrier les Alg\u00e9riens \u00e9tablis dans la ville chinoise de Wuhan.<\/p>\n<p>Ce vol sp\u00e9cial a permis l&rsquo;\u00e9vacuation de 31 Alg\u00e9riens et de 17 ressortissants tunisiens, libyens et mauritaniens.<\/p>\n<p>Les 31 Alg\u00e9riens, les 3 libyens et 4 mauritaniens rapatri\u00e9s de Chine, ainsi que les membres d&rsquo;\u00e9quipage et le staff m\u00e9dical ont \u00e9t\u00e9 transf\u00e9r\u00e9s \u00e0 leur descente d&rsquo;avion, le 3 f\u00e9vrier dernier, vers un h\u00f4tel de la capitale o\u00f9 ils ont \u00e9t\u00e9 plac\u00e9s en quarantaine, conform\u00e9ment aux recommandations de l&rsquo;Organisation mondiale de la sant\u00e9 (OMS).<\/p>\n<p>\u00ab\u00a0Aucun cas positif n&rsquo;a \u00e9t\u00e9 enregistr\u00e9 parmi les personnes rapatri\u00e9es de la ville chinoise de Wuhan, touch\u00e9e par l&rsquo;\u00e9pid\u00e9mie du coronavirus\u00a0\u00bb, avait assur\u00e9 M. Abderrahmane Benbouzid il y a quelques jours.<\/p>\n<p>La ministre de la Solidarit\u00e9 nationale, de la Famille et de la Condition de la femme, Kaoutar Krikou s&rsquo;est dit, pour sa part, \u00ab\u00a0tr\u00e8s \u00e9mue\u00a0\u00bb par l&rsquo;\u00e9lan de solidarit\u00e9 dont ont fait preuve les Alg\u00e9riens, saluant particuli\u00e8rement le courage des femmes qui ont particip\u00e9 \u00e0 l&rsquo;op\u00e9ration de rapatriement et de celles qui ont veill\u00e9 au bien \u00eatre des ressortissants alg\u00e9riens et \u00e9trangers durant la p\u00e9riode d&rsquo;isolement.<\/p>\n<p>Le P-DG de la compagnie Air Alg\u00e9rie a salu\u00e9, de son c\u00f4t\u00e9, le \u00ab\u00a0professionnalisme et le sens du devoir\u00a0\u00bb de l&rsquo;\u00e9quipage et du staff m\u00e9dical qui a men\u00e9 l&rsquo;op\u00e9ration de rapatriement des ressortissants alg\u00e9riens et maghr\u00e9bins, se f\u00e9licitant de constater qu'\u00a0\u00bbaucun cas suspect n&rsquo;a \u00e9t\u00e9 d\u00e9tect\u00e9 parmi les personnes \u00e9vacu\u00e9es de Chine\u00a0\u00bb.<\/p>\n<p>De leur c\u00f4t\u00e9, les ressortissants alg\u00e9riens, libyens et mauritaniens ont exprim\u00e9 \u00e0 l&rsquo;occasion leur \u00ab\u00a0gratitude\u00a0\u00bb aux autorit\u00e9s alg\u00e9riennes pour les efforts d\u00e9ploy\u00e9s pour leur \u00ab\u00a0\u00e9vacuation rapide\u00a0\u00bb et dans de \u00ab\u00a0bonnes conditions\u00a0\u00bb.<\/p>\n<p>Les membres d&rsquo;\u00e9quipage du vol sp\u00e9cial qui a permis le rapatriement des Alg\u00e9riens et des autres Maghr\u00e9bins, ainsi que le staff m\u00e9dical qui a particip\u00e9 \u00e0 l&rsquo;op\u00e9ration, ont \u00e9t\u00e9 honor\u00e9s lors de cette c\u00e9r\u00e9monie par le minist\u00e8re de la Sant\u00e9.<\/p>\n<p>APS\u00a0<\/p>\n<p>Auteur: elmoudjahid<br \/>\n<a href=\"http:\/\/www.elmoudjahid.com\/fr\/actualites\/148483\">Cliquez ici pour lire l&rsquo;article depuis sa source.<\/a><\/p>\n","protected":false},"excerpt":{"rendered":"<p>\u00ab\u00a0Je suis tr\u00e8s heureux d&rsquo;annoncer la lev\u00e9e des mesures de mise en quarantaine qui avaient \u00e9t\u00e9 impos\u00e9es aux ressortissants alg\u00e9riens, libyens et mauritaniens apr\u00e8s une p\u00e9riode d&rsquo;isolement de 14 jours\u00a0\u00bb, dur\u00e9e d&rsquo;incubation du virus, a d\u00e9clar\u00e9 le ministre de la Sant\u00e9, de la Population et de la R\u00e9forme hospitali\u00e8re, M. Abderrahmane Benbouzid lors d&rsquo;une c\u00e9r\u00e9monie [&hellip;]<\/p>\n","protected":false},"author":1744,"featured_media":0,"comment_status":"closed","ping_status":"closed","sticky":false,"template":"","format":"standard","meta":{"fifu_image_url":"","fifu_image_alt":"","footnotes":""},"categories":[73,53],"tags":[],"class_list":["post-76366","post","type-post","status-publish","format-standard","hentry","category-actualite","category-algerie"],"_links":{"self":[{"href":"https:\/\/linitiative.ca\/International\/wp-json\/wp\/v2\/posts\/76366","targetHints":{"allow":["GET"]}}],"collection":[{"href":"https:\/\/linitiative.ca\/International\/wp-json\/wp\/v2\/posts"}],"about":[{"href":"https:\/\/linitiative.ca\/International\/wp-json\/wp\/v2\/types\/post"}],"author":[{"embeddable":true,"href":"https:\/\/linitiative.ca\/International\/wp-json\/wp\/v2\/users\/1744"}],"replies":[{"embeddable":true,"href":"https:\/\/linitiative.ca\/International\/wp-json\/wp\/v2\/comments?post=76366"}],"version-history":[{"count":0,"href":"https:\/\/linitiative.ca\/International\/wp-json\/wp\/v2\/posts\/76366\/revisions"}],"wp:attachment":[{"href":"https:\/\/linitiative.ca\/International\/wp-json\/wp\/v2\/media?parent=76366"}],"wp:term":[{"taxonomy":"category","embeddable":true,"href":"https:\/\/linitiative.ca\/International\/wp-json\/wp\/v2\/categories?post=76366"},{"taxonomy":"post_tag","embeddable":true,"href":"https:\/\/linitiative.ca\/International\/wp-json\/wp\/v2\/tags?post=76366"}],"curies":[{"name":"wp","href":"https:\/\/api.w.org\/{rel}","templated":true}]}}