{"id":76371,"date":"2020-02-17T03:48:31","date_gmt":"2020-02-17T08:48:31","guid":{"rendered":"https:\/\/linitiative.ca\/International\/101735-khaldi-appel-a-la-promotion-des-activites-physiques-et-sportives-au-sein-des-ecoles-et-universites\/"},"modified":"2020-02-17T03:48:31","modified_gmt":"2020-02-17T08:48:31","slug":"101735-khaldi-appel-a-la-promotion-des-activites-physiques-et-sportives-au-sein-des-ecoles-et-universites","status":"publish","type":"post","link":"https:\/\/linitiative.ca\/International\/101735-khaldi-appel-a-la-promotion-des-activites-physiques-et-sportives-au-sein-des-ecoles-et-universites\/","title":{"rendered":"Khaldi: appel \u00e0 la promotion des activit\u00e9s physiques et sportives au sein des \u00e9coles et universit\u00e9s"},"content":{"rendered":"<div readability=\"36\">\n<p><strong>ALGER- Le ministre de la Jeunesse et des Sports, a mis en avant dimanche la n\u00e9cessit\u00e9 de promouvoir les activit\u00e9s physiques et sportives au sein des \u00e9coles et universit\u00e9s, \u00e9tant \u00ab\u00a0un v\u00e9ritable r\u00e9servoir de jeunes talents et d&rsquo;\u00e9lite sportive dans l&rsquo;avenir\u00a0\u00bb.<\/strong><\/p>\n<\/div>\n<div readability=\"98.3853606028\">\n<p>S&rsquo;exprimant \u00e0 l&rsquo;occasion de la rencontre Gouvernement-walis, le ministre a rappel\u00e9 que l&rsquo;Alg\u00e9rie comptait \u00ab\u00a09 millions d&rsquo;enfants scolaris\u00e9s et 2 millions \u00e9tudiants universitaires\u00a0\u00bb, un nombre important qui d\u00e9montre, selon le ministre, que les milieux, scolaire et universitaire, repr\u00e9sentent un r\u00e9servoir de jeunes talents et d&rsquo;\u00e9lite sportifs dans l&rsquo;avenir.<\/p>\n<p>Il a soulign\u00e9, dans ce cadre, l&rsquo;importance de la coordination avec les secteurs de l&rsquo;Education et de l&rsquo;Enseignement sup\u00e9rieur en vue de valoriser ces comp\u00e9tences au profit du sport national.<\/p>\n<blockquote readability=\"8\">\n<p><em><strong>Evoquant le sport d&rsquo;\u00e9lite, il s&rsquo;est engag\u00e9 \u00e0 \u00ab\u00a0prendre une s\u00e9rie de mesures pour promouvoir les \u00e9lites et moraliser la pratique du sport sur le plan financement mais aussi en mati\u00e8re de lutte contre les pratiques immorales\u00a0\u00bb.<\/strong><\/em><\/p>\n<\/blockquote>\n<p>Pour M. Khaldi la cr\u00e9ation par le Pr\u00e9sident de la R\u00e9publique du poste de \u00ab\u00a0secr\u00e9taire d&rsquo;Etat charg\u00e9 du sport d&rsquo;\u00e9lite t\u00e9moigne de l&rsquo;importance accord\u00e9e par le Pr\u00e9sident Tebboune au sport d&rsquo;\u00e9lite au regard de sa contribution au d\u00e9veloppement du sport aux niveaux local et international\u00a0\u00bb.<\/p>\n<p>Dans ce cadre, le ministre a insist\u00e9 sur l&rsquo;imp\u00e9rative \u00ab\u00a0prise en charge en urgence et de fa\u00e7on efficace les pr\u00e9paratifs des Jeux olympiques et Paralympiques de Tokyo-2020 ainsi que les Jeux m\u00e9diterran\u00e9ens Oran-2021\u00a0\u00bb.<\/p>\n<hr\/>\n<p><strong>Lire aussi<\/strong>:\u00a0<a href=\"http:\/\/www.aps.dz\/sport\/94104-nouvelle-feuille-de-route-pour-redynamiser-le-sport-scolaire\">Nouvelle feuille de route pour redynamiser le sport scolaire<\/a><\/p>\n<hr\/>\n<p>D\u00e9taillant les r\u00e9formes projet\u00e9es, r\u00e9parties sur trois \u00e9tapes, il a cit\u00e9 \u00ab\u00a0la promotion d&rsquo;une politique bien d\u00e9finie pour la d\u00e9tection et la formation des jeunes talents, la r\u00e9vision de la relation avec les f\u00e9d\u00e9rations sportives nationales conform\u00e9ment \u00e0 des contrats de performance bas\u00e9s sur la r\u00e9alisation des r\u00e9sultats et non sur la consommation des ressources et l&rsquo;application des Statuts du sport d&rsquo;\u00e9lite et de haut niveau et le d\u00e9veloppement du sport professionnel\u00a0\u00bb.<\/p>\n<p>Le deuxi\u00e8me volet concerne \u00ab\u00a0la moralisation et la gouvernance de l&rsquo;\u00e9thique sportive que ce soit au niveau du financement ou de lutte contre les pratiques immorales\u00a0\u00bb, a ajout\u00e9 le ministre, soulignant que cette d\u00e9marche exige la prise d&rsquo;une s\u00e9rie de mesures, consistant en la diversification et la redistribution des ressources de financement du sport ainsi que la rationalisation des d\u00e9penses publiques en insistant sur le rendement et l&rsquo;efficacit\u00e9, \u00e0 la faveur d&rsquo;une gestion bas\u00e9e sur les r\u00e9sultats et non pas sur la distribution des b\u00e9n\u00e9fices.<\/p>\n<blockquote readability=\"14\">\n<p><em><strong>M.Khaldi a insist\u00e9, \u00e0 cet \u00e9gard, sur \u00ab\u00a0la moralisation de l&rsquo;acte de gestion \u00e0 travers des mesures garantissant le contr\u00f4le, la transparence et la gouvernance des structures, des f\u00e9d\u00e9rations et des clubs sportifs\u00a0\u00bb, outre \u00ab\u00a0la lutte contre les diff\u00e9rentes formes de violence dans les milieux sportifs, et la n\u00e9cessit\u00e9 d&rsquo;acc\u00e9l\u00e9rer la cr\u00e9ation d&rsquo;une agence nationale de lutte contre le dopage\u00a0\u00bb.<\/strong><\/em><\/p>\n<\/blockquote>\n<p>Le troisi\u00e8me volet de r\u00e9forme portera sur l&rsquo;am\u00e9lioration de la couverture en mati\u00e8re de structures et d&rsquo;infrastructures sportives. Cela passe par le parach\u00e8vement de la r\u00e9alisation des diff\u00e9rents programmes<\/p>\n<p>d&rsquo;investissement enregistr\u00e9s dans le secteur, notamment les projets des grandes infrastructures devant abriter les manifestations internationales \u00e0 court terme (les jeux m\u00e9diterran\u00e9ens \u00e0 Oran-2021 et le Championnat d&rsquo;Afrique des nations CHAN-2022), a ajout\u00e9 le ministre.<\/p>\n<p>Enfin, le ministre a mis en exergue l&rsquo;importance de \u00ab\u00a0mettre \u00e0 la disposition de l&rsquo;\u00e9lite sportive, les infrastructures omnisports r\u00e9alis\u00e9es ou en cours de r\u00e9alisation\u00a0\u00bb et \u00ab\u00a0la cr\u00e9ation d&rsquo;organismes \u00e9conomiques pour la gestion et l&rsquo;exploitation des grands complexes sportifs en se basant sur<\/p>\n<p>un personnel qualifi\u00e9\u00a0\u00bb en associant les instituts et les \u00e9coles sp\u00e9cialis\u00e9s dans le domaine.<\/p>\n<\/div>\n<p>Auteur:<br \/>\n<a href=\"http:\/\/www.aps.dz\/sport\/101735-khaldi-appel-a-la-promotion-des-activites-physiques-et-sportives-au-sein-des-ecoles-et-universites?utm_source=feedburner&#038;utm_medium=feed&#038;utm_campaign=Feed%3A+aps-sport+%28APS+-+SPORT%29\">Cliquez ici pour lire l&rsquo;article depuis sa source.<\/a><\/p>\n","protected":false},"excerpt":{"rendered":"<p>ALGER- Le ministre de la Jeunesse et des Sports, a mis en avant dimanche la n\u00e9cessit\u00e9 de promouvoir les activit\u00e9s physiques et sportives au sein des \u00e9coles et universit\u00e9s, \u00e9tant \u00ab\u00a0un v\u00e9ritable r\u00e9servoir de jeunes talents et d&rsquo;\u00e9lite sportive dans l&rsquo;avenir\u00a0\u00bb. S&rsquo;exprimant \u00e0 l&rsquo;occasion de la rencontre Gouvernement-walis, le ministre a rappel\u00e9 que l&rsquo;Alg\u00e9rie comptait [&hellip;]<\/p>\n","protected":false},"author":1790,"featured_media":0,"comment_status":"closed","ping_status":"closed","sticky":false,"template":"","format":"standard","meta":{"fifu_image_url":"","fifu_image_alt":"","footnotes":""},"categories":[53,75],"tags":[],"class_list":["post-76371","post","type-post","status-publish","format-standard","hentry","category-algerie","category-sport"],"_links":{"self":[{"href":"https:\/\/linitiative.ca\/International\/wp-json\/wp\/v2\/posts\/76371","targetHints":{"allow":["GET"]}}],"collection":[{"href":"https:\/\/linitiative.ca\/International\/wp-json\/wp\/v2\/posts"}],"about":[{"href":"https:\/\/linitiative.ca\/International\/wp-json\/wp\/v2\/types\/post"}],"author":[{"embeddable":true,"href":"https:\/\/linitiative.ca\/International\/wp-json\/wp\/v2\/users\/1790"}],"replies":[{"embeddable":true,"href":"https:\/\/linitiative.ca\/International\/wp-json\/wp\/v2\/comments?post=76371"}],"version-history":[{"count":0,"href":"https:\/\/linitiative.ca\/International\/wp-json\/wp\/v2\/posts\/76371\/revisions"}],"wp:attachment":[{"href":"https:\/\/linitiative.ca\/International\/wp-json\/wp\/v2\/media?parent=76371"}],"wp:term":[{"taxonomy":"category","embeddable":true,"href":"https:\/\/linitiative.ca\/International\/wp-json\/wp\/v2\/categories?post=76371"},{"taxonomy":"post_tag","embeddable":true,"href":"https:\/\/linitiative.ca\/International\/wp-json\/wp\/v2\/tags?post=76371"}],"curies":[{"name":"wp","href":"https:\/\/api.w.org\/{rel}","templated":true}]}}