{"id":76372,"date":"2020-02-17T11:13:00","date_gmt":"2020-02-17T16:13:00","guid":{"rendered":"https:\/\/linitiative.ca\/International\/justice-zeghmati-plaide-pour-lhumanisation-de-lincarceration\/"},"modified":"2020-02-17T11:13:00","modified_gmt":"2020-02-17T16:13:00","slug":"justice-zeghmati-plaide-pour-lhumanisation-de-lincarceration","status":"publish","type":"post","link":"https:\/\/linitiative.ca\/International\/justice-zeghmati-plaide-pour-lhumanisation-de-lincarceration\/","title":{"rendered":"JUSTICE : Zeghmati plaide pour l&rsquo;humanisation de l&rsquo;incarc\u00e9ration"},"content":{"rendered":"<p><br id=\"sep_para_1\" class=\"sep_para access\"\/><\/p>\n<div id=\"para_1\" class=\"para_35574083 resize\">\n<div class=\"photo shadow left\"><a href=\"javascript:void(0)\" rel=\"https:\/\/www.reflexiondz.net\/photo\/art\/grande\/42858554-35574083.jpg?v=1581965387&#038;ibox\" title=\"JUSTICE : Zeghmati plaide pour l'humanisation de l'incarc\u00e9ration\"><img decoding=\"async\" class=\"responsive c9\" src=\"https:\/\/www.reflexiondz.net\/photo\/art\/grande\/42858554-35574083.jpg?v=1581965387\" alt=\"JUSTICE : Zeghmati plaide pour l'humanisation de l'incarc\u00e9ration\" title=\"JUSTICE : Zeghmati plaide pour l'humanisation de l'incarc\u00e9ration\"\/><img decoding=\"async\" class=\"not-responsive\" src=\"https:\/\/www.reflexiondz.net\/photo\/art\/default\/42858554-35574083.jpg?v=1581965387\" alt=\"JUSTICE : Zeghmati plaide pour l'humanisation de l'incarc\u00e9ration\" title=\"JUSTICE : Zeghmati plaide pour l'humanisation de l'incarc\u00e9ration\"\/><\/a><\/div>\n<div class=\"texte access firstletter\">Le ministre de la Justice, Garde des Sceaux, Belkacem Zeghmati, a plaid\u00e9 \u00e0 Alger pour \u00ab\u00a0l&rsquo;humanisation des conditions d&rsquo;incarc\u00e9ration\u00a0\u00bb \u00e0 travers une r\u00e9duction de la population carc\u00e9rale, mettant les walis face \u00e0 la responsabilit\u00e9 d&rsquo;acc\u00e9l\u00e9rer les projets en cours pour la r\u00e9alisation des \u00e9tablissements p\u00e9nitentiaires. Intervenant \u00e0 la rencontre Gouvernement-Walis, M. Zeghmati a mis en avant \u00ab\u00a0l&rsquo;importance majeure\u00a0\u00bb que rev\u00eat le parach\u00e8vement des travaux de r\u00e9alisation des \u00e9tablissements p\u00e9nitentiaires, dont les chantiers ont d\u00e9j\u00e0 \u00e9t\u00e9 lanc\u00e9s, affirmant qu&rsquo;il s&rsquo;agit d&rsquo;une mission \u00ab\u00a0qui incombe aux walis, qui doivent redoubler davantage d&rsquo;efforts pour rem\u00e9dier \u00e0 la situation actuelle et prendre en compte l&rsquo;environnement s\u00e9curitaire des \u00e9tablissements p\u00e9nitentiaires, lors de l&rsquo;octroi des permis de construction\u00a0\u00bb. Apr\u00e8s avoir rappel\u00e9 que \u00ab\u00a0l&rsquo;humanisation des conditions d&rsquo;incarc\u00e9ration\u00a0\u00bb figurait parmi les objectifs du programme pr\u00e9sidentiel, M. Zeghmati a indiqu\u00e9 que le syst\u00e8me p\u00e9nitentiaire alg\u00e9rien a h\u00e9rit\u00e9 des \u00e9tablissements datant de l&rsquo;\u00e9poque coloniale, \u00ab\u00a0d&rsquo;o\u00f9 la difficult\u00e9 d&rsquo;assurer les meilleures conditions d&rsquo;incarc\u00e9ration au vu du probl\u00e8me de surcharge\u00a0\u00bb. Il a pr\u00e9cis\u00e9 que \u00ab\u00a0le retard accus\u00e9 dans le parach\u00e8vement des \u00e9tablissements inscrits par des\u00a0 lenteurs dans l&rsquo;\u00e9laboration des dossiers justificatifs des demandes de r\u00e9\u00e9valuation, la non prise en charge du raccordement des projets aux diff\u00e9rents r\u00e9seaux externes et le faible suivi technique de ces projets\u00a0\u00bb. Par ailleurs, le ministre de la Justice a appel\u00e9 les walis \u00e0 \u0153uvrer \u00e0 l&rsquo;acc\u00e9l\u00e9ration des travaux\u00a0 des projets d\u00e9centralis\u00e9s du secteur, consistant en 11 cours de justice, 30 tribunaux, 7 tribunaux administratifs, 3 annexes de tribunaux et 4 centres d&rsquo;archives r\u00e9gionaux.<\/div>\n<\/div>\n<p>Auteur: Nadine<br \/>\n<a href=\"https:\/\/www.reflexiondz.net\/JUSTICE-Zeghmati-plaide-pour-l-humanisation-de-l-incarceration_a60712.html\">Cliquez ici pour lire l&rsquo;article depuis sa source.<\/a><\/p>\n","protected":false},"excerpt":{"rendered":"<p>Le ministre de la Justice, Garde des Sceaux, Belkacem Zeghmati, a plaid\u00e9 \u00e0 Alger pour \u00ab\u00a0l&rsquo;humanisation des conditions d&rsquo;incarc\u00e9ration\u00a0\u00bb \u00e0 travers une r\u00e9duction de la population carc\u00e9rale, mettant les walis face \u00e0 la responsabilit\u00e9 d&rsquo;acc\u00e9l\u00e9rer les projets en cours pour la r\u00e9alisation des \u00e9tablissements p\u00e9nitentiaires. Intervenant \u00e0 la rencontre Gouvernement-Walis, M. Zeghmati a mis en [&hellip;]<\/p>\n","protected":false},"author":1740,"featured_media":0,"comment_status":"closed","ping_status":"closed","sticky":false,"template":"","format":"standard","meta":{"fifu_image_url":"","fifu_image_alt":"","footnotes":""},"categories":[53,76],"tags":[],"class_list":["post-76372","post","type-post","status-publish","format-standard","hentry","category-algerie","category-regions"],"_links":{"self":[{"href":"https:\/\/linitiative.ca\/International\/wp-json\/wp\/v2\/posts\/76372","targetHints":{"allow":["GET"]}}],"collection":[{"href":"https:\/\/linitiative.ca\/International\/wp-json\/wp\/v2\/posts"}],"about":[{"href":"https:\/\/linitiative.ca\/International\/wp-json\/wp\/v2\/types\/post"}],"author":[{"embeddable":true,"href":"https:\/\/linitiative.ca\/International\/wp-json\/wp\/v2\/users\/1740"}],"replies":[{"embeddable":true,"href":"https:\/\/linitiative.ca\/International\/wp-json\/wp\/v2\/comments?post=76372"}],"version-history":[{"count":0,"href":"https:\/\/linitiative.ca\/International\/wp-json\/wp\/v2\/posts\/76372\/revisions"}],"wp:attachment":[{"href":"https:\/\/linitiative.ca\/International\/wp-json\/wp\/v2\/media?parent=76372"}],"wp:term":[{"taxonomy":"category","embeddable":true,"href":"https:\/\/linitiative.ca\/International\/wp-json\/wp\/v2\/categories?post=76372"},{"taxonomy":"post_tag","embeddable":true,"href":"https:\/\/linitiative.ca\/International\/wp-json\/wp\/v2\/tags?post=76372"}],"curies":[{"name":"wp","href":"https:\/\/api.w.org\/{rel}","templated":true}]}}