{"id":76373,"date":"2020-02-17T13:27:00","date_gmt":"2020-02-17T18:27:00","guid":{"rendered":"https:\/\/linitiative.ca\/International\/le-nouvel-aeroport-doran-operationnel-en-2021\/"},"modified":"2020-02-17T13:27:00","modified_gmt":"2020-02-17T18:27:00","slug":"le-nouvel-aeroport-doran-operationnel-en-2021","status":"publish","type":"post","link":"https:\/\/linitiative.ca\/International\/le-nouvel-aeroport-doran-operationnel-en-2021\/","title":{"rendered":"Le nouvel a\u00e9roport d\u2019Oran op\u00e9rationnel en 2021"},"content":{"rendered":"<p><br id=\"sep_para_1\" class=\"sep_para access\"\/><\/p>\n<div id=\"para_1\" class=\"para_35576280 resize\">\n<div class=\"photo shadow left\"><a href=\"javascript:void(0)\" rel=\"https:\/\/www.reflexiondz.net\/photo\/art\/grande\/42863838-35576280.jpg?v=1581965393&#038;ibox\" title=\"Le nouvel a\u00e9roport d\u2019Oran op\u00e9rationnel en 2021\"><img decoding=\"async\" class=\"responsive c9\" src=\"https:\/\/www.reflexiondz.net\/photo\/art\/grande\/42863838-35576280.jpg?v=1581965393\" alt=\"Le nouvel a\u00e9roport d\u2019Oran op\u00e9rationnel en 2021\" title=\"Le nouvel a\u00e9roport d\u2019Oran op\u00e9rationnel en 2021\"\/><img decoding=\"async\" class=\"not-responsive\" src=\"https:\/\/www.reflexiondz.net\/photo\/art\/default\/42863838-35576280.jpg?v=1581965394\" alt=\"Le nouvel a\u00e9roport d\u2019Oran op\u00e9rationnel en 2021\" title=\"Le nouvel a\u00e9roport d\u2019Oran op\u00e9rationnel en 2021\"\/><\/a><\/div>\n<div class=\"texte access firstletter\">Pr\u00e9vu initialement \u00e0 l\u2019\u00e9t\u00e9 2020, le nouvel a\u00e9roport d\u2019Oran sera r\u00e9ceptionn\u00e9 finalement juste avant le coup d\u2019envoi des jeux m\u00e9diterran\u00e9ens (JM) qu\u2019accueillera la capitale de l\u2019Ouest en 2021, a fait savoir ce dimanche \u00e0 Alger, le ministre des travaux publics et des transports, Farouk Chiali. Outre la r\u00e9ception de l\u2019A\u00e9roport d\u2019Oran, Farouk Chili a d\u00e9taill\u00e9 le plan d\u2019action du secteur des Travaux publics qui pr\u00e9voit selon lui, le parach\u00e8vement de tous les projets ferroviaires inscrits, la finalisation des programmes de routes reliant le Nord et le Sud et la transformation de la route transsaharienne Alger-Lagos en une autoroute.<\/div>\n<\/div>\n<p>Auteur: R\u00e9flexion<br \/>\n<a href=\"https:\/\/www.reflexiondz.net\/Le-nouvel-aeroport-d-Oran-operationnel-en-2021_a60716.html\">Cliquez ici pour lire l&rsquo;article depuis sa source.<\/a><\/p>\n","protected":false},"excerpt":{"rendered":"<p>Pr\u00e9vu initialement \u00e0 l\u2019\u00e9t\u00e9 2020, le nouvel a\u00e9roport d\u2019Oran sera r\u00e9ceptionn\u00e9 finalement juste avant le coup d\u2019envoi des jeux m\u00e9diterran\u00e9ens (JM) qu\u2019accueillera la capitale de l\u2019Ouest en 2021, a fait savoir ce dimanche \u00e0 Alger, le ministre des travaux publics et des transports, Farouk Chiali. Outre la r\u00e9ception de l\u2019A\u00e9roport d\u2019Oran, Farouk Chili a d\u00e9taill\u00e9 [&hellip;]<\/p>\n","protected":false},"author":1740,"featured_media":0,"comment_status":"closed","ping_status":"closed","sticky":false,"template":"","format":"standard","meta":{"fifu_image_url":"","fifu_image_alt":"","footnotes":""},"categories":[53,76],"tags":[],"class_list":["post-76373","post","type-post","status-publish","format-standard","hentry","category-algerie","category-regions"],"_links":{"self":[{"href":"https:\/\/linitiative.ca\/International\/wp-json\/wp\/v2\/posts\/76373","targetHints":{"allow":["GET"]}}],"collection":[{"href":"https:\/\/linitiative.ca\/International\/wp-json\/wp\/v2\/posts"}],"about":[{"href":"https:\/\/linitiative.ca\/International\/wp-json\/wp\/v2\/types\/post"}],"author":[{"embeddable":true,"href":"https:\/\/linitiative.ca\/International\/wp-json\/wp\/v2\/users\/1740"}],"replies":[{"embeddable":true,"href":"https:\/\/linitiative.ca\/International\/wp-json\/wp\/v2\/comments?post=76373"}],"version-history":[{"count":0,"href":"https:\/\/linitiative.ca\/International\/wp-json\/wp\/v2\/posts\/76373\/revisions"}],"wp:attachment":[{"href":"https:\/\/linitiative.ca\/International\/wp-json\/wp\/v2\/media?parent=76373"}],"wp:term":[{"taxonomy":"category","embeddable":true,"href":"https:\/\/linitiative.ca\/International\/wp-json\/wp\/v2\/categories?post=76373"},{"taxonomy":"post_tag","embeddable":true,"href":"https:\/\/linitiative.ca\/International\/wp-json\/wp\/v2\/tags?post=76373"}],"curies":[{"name":"wp","href":"https:\/\/api.w.org\/{rel}","templated":true}]}}