{"id":76378,"date":"2020-02-17T13:08:00","date_gmt":"2020-02-17T18:08:00","guid":{"rendered":"https:\/\/linitiative.ca\/International\/pour-kais-saied-faute-dinvestiture-du-gouvernement-fakhfakh-larp-sera-dissoute-video\/"},"modified":"2020-02-17T13:08:00","modified_gmt":"2020-02-17T18:08:00","slug":"pour-kais-saied-faute-dinvestiture-du-gouvernement-fakhfakh-larp-sera-dissoute-video","status":"publish","type":"post","link":"https:\/\/linitiative.ca\/International\/pour-kais-saied-faute-dinvestiture-du-gouvernement-fakhfakh-larp-sera-dissoute-video\/","title":{"rendered":"Pour Kais Saied, faute d\u2019investiture du gouvernement Fakhfakh, l\u2019ARP sera dissoute (Vid\u00e9o)"},"content":{"rendered":"<p>Le spectre de la dissolution de l&rsquo;ARP et du recours \u00e0 des \u00e9lections l\u00e9gislatives anticip\u00e9es est bien agit\u00e9. Le pr\u00e9sident de la R\u00e9publique est cat\u00e9gorique. \u00ab Si le gouvernement (en cours de formation) n\u2019obtient pas la confiance du Parlement, celui-ci sera dissout et recours sera alors fait au peuple, d\u00e9tenteur de la souverainet\u00e9. \u00bb C\u2019est-\u00e0-dire, des \u00e9lections l\u00e9gislatives anticip\u00e9es et le maintien jusque-l\u00e0, tr\u00e8s probablement de Youssef Chahed \u00e0 la Kasbah.\u00a0<\/p>\n<p class=\"c2\"><iframe loading=\"lazy\" src=\"https:\/\/www.youtube.com\/embed\/XJhBCj8etvM\" allow=\"accelerometer; autoplay; encrypted-media; gyroscope; picture-in-picture\" allowfullscreen=\"\" width=\"560\" height=\"315\" frameborder=\"0\">[embedded content]<\/iframe><\/p>\n<p>Apr\u00e8s une longue journ\u00e9e d\u2019audiences, commenc\u00e9e avec Ely\u00e8s Fakhfakh, le matin, et marqu\u00e9e par un entretien conjoint avec le pr\u00e9sident de l\u2019ARP, Rached Ghannouchi, et le chef du\u00a0 gouvernement, Youssef Chahed, le verdict est tomb\u00e9. Dans la s\u00e9quence vid\u00e9o sonore diffus\u00e9e par Carthage, la dissolution du Parlement, ne figure pas selon l\u2019enregistrement. Elle est cependant dument mentionn\u00e9e dans le verbatim rapport\u00e9 dans le communiqu\u00e9 de presse de la pr\u00e9sidence de la R\u00e9publique.<\/p>\n<p class=\"c2\"><img decoding=\"async\" src=\"\/uploads\/FCK_files\/2cran.jpg\" alt=\"\" width=\"100%\" vspace=\"5\" hspace=\"5\" align=\"middle\"\/><\/p>\n<p>En constitutionnaliste, le pr\u00e9sident Sa\u00efed a largement d\u00e9velopp\u00e9 sa lecture de l\u2019article 89 de la Constitution, faisant r\u00e9f\u00e9rence \u00e0 la motion de censure, tout en pr\u00e9cisant qu\u2019elle ne s\u2019applique pas dans le cas actuel. \u00ab Youssef Chahed avait bien remis sa d\u00e9mission le 15 novembre dernier et a \u00e9t\u00e9 charg\u00e9 d\u2019exp\u00e9dier les affaires courantes. Son gouvernement qui n\u2019a pas \u00e9t\u00e9 investi par la nouvelle ARP, n\u2019assume devant elle aucune responsabilit\u00e9 politique \u00bb, a-t-il soulign\u00e9. Evoquant diverses \u00ab fatwas non innocentes, mais non-fond\u00e9es sur de vraies bases scientifiques \u00bb, il a\u00a0 mis l&rsquo;accent sur la garantie de la continuit\u00e9 de l\u2019Etat dont la responsabilit\u00e9 lui incombe. \u00ab En tant que pr\u00e9sident de la R\u00e9publique, a-t-il affirm\u00e9, \u00abje veille \u00e0 cette continuit\u00e9 comme au primat de la Constitution\u00bb.<\/p>\n<p>Le pr\u00e9sident Sa\u00efed avait d\u2019embl\u00e9e mentionn\u00e9 que sa rencontre ce lundi apr\u00e8s-midi avec Rached Ghannouchi et Youssef Chahed intervient \u00e0 un moment historique alors que la Tunisie traverse une crise in\u00e9dite depuis son ind\u00e9pendance. Il a exhort\u00e9 toutes les parties concern\u00e9es \u00e0 prendre leurs responsabilit\u00e9s en cette \u00e9tape historique cruciale, pleine de d\u00e9fis. \u00bb<\/p>\n<p>D\u00e9sarmant ceux qui agitent le recours \u00e0 une motion de censure positive qui \u00e0 la fois destitue Chahed et charge une personnalit\u00e9 de former un gouvernement pour lui succ\u00e9der, Kais Sa\u00efed, ouvre une nouvelle s\u00e9quence dans le bras de fer constitutionnel qui l\u2019oppose \u00e0 ses contradicteurs.<\/p>\n<p>Au m\u00eame moment, reclus \u00e0 Dar Dhiafa, Ely\u00e8s Fakhfakh, multiplie de son c\u00f4t\u00e9 les concertations, recevant notamment des membres \u00ab ind\u00e9pendants \u00bb de son \u00e9quipe et cherchant une issue favorable \u00e0 son gouvernement.<br \/>\u00a0<br \/>\u00a0<\/p>\n<p>Auteur:<br \/>\n<a href=\"https:\/\/www.leaders.com.tn\/article\/29171-pour-kais-saied-faute-d-investiture-du-gouvernement-fakhfakh-l-arp-sera-dissoute\">Cliquez ici pour lire l&rsquo;article depuis sa source.<\/a><\/p>\n","protected":false},"excerpt":{"rendered":"<p>Le spectre de la dissolution de l&rsquo;ARP et du recours \u00e0 des \u00e9lections l\u00e9gislatives anticip\u00e9es est bien agit\u00e9. Le pr\u00e9sident de la R\u00e9publique est cat\u00e9gorique. \u00ab Si le gouvernement (en cours de formation) n\u2019obtient pas la confiance du Parlement, celui-ci sera dissout et recours sera alors fait au peuple, d\u00e9tenteur de la souverainet\u00e9. \u00bb C\u2019est-\u00e0-dire, [&hellip;]<\/p>\n","protected":false},"author":1772,"featured_media":76379,"comment_status":"closed","ping_status":"closed","sticky":false,"template":"","format":"standard","meta":{"fifu_image_url":"","fifu_image_alt":"","footnotes":""},"categories":[73,55],"tags":[],"class_list":["post-76378","post","type-post","status-publish","format-standard","has-post-thumbnail","hentry","category-actualite","category-tunisie"],"_links":{"self":[{"href":"https:\/\/linitiative.ca\/International\/wp-json\/wp\/v2\/posts\/76378","targetHints":{"allow":["GET"]}}],"collection":[{"href":"https:\/\/linitiative.ca\/International\/wp-json\/wp\/v2\/posts"}],"about":[{"href":"https:\/\/linitiative.ca\/International\/wp-json\/wp\/v2\/types\/post"}],"author":[{"embeddable":true,"href":"https:\/\/linitiative.ca\/International\/wp-json\/wp\/v2\/users\/1772"}],"replies":[{"embeddable":true,"href":"https:\/\/linitiative.ca\/International\/wp-json\/wp\/v2\/comments?post=76378"}],"version-history":[{"count":0,"href":"https:\/\/linitiative.ca\/International\/wp-json\/wp\/v2\/posts\/76378\/revisions"}],"wp:featuredmedia":[{"embeddable":true,"href":"https:\/\/linitiative.ca\/International\/wp-json\/"}],"wp:attachment":[{"href":"https:\/\/linitiative.ca\/International\/wp-json\/wp\/v2\/media?parent=76378"}],"wp:term":[{"taxonomy":"category","embeddable":true,"href":"https:\/\/linitiative.ca\/International\/wp-json\/wp\/v2\/categories?post=76378"},{"taxonomy":"post_tag","embeddable":true,"href":"https:\/\/linitiative.ca\/International\/wp-json\/wp\/v2\/tags?post=76378"}],"curies":[{"name":"wp","href":"https:\/\/api.w.org\/{rel}","templated":true}]}}