{"id":76381,"date":"2020-02-17T05:00:00","date_gmt":"2020-02-17T10:00:00","guid":{"rendered":"https:\/\/linitiative.ca\/International\/au-chevet-du-daesh-local-une-femme\/"},"modified":"2020-02-17T05:00:00","modified_gmt":"2020-02-17T10:00:00","slug":"au-chevet-du-daesh-local-une-femme","status":"publish","type":"post","link":"https:\/\/linitiative.ca\/International\/au-chevet-du-daesh-local-une-femme\/","title":{"rendered":"Au chevet du Daesh local, une femme !"},"content":{"rendered":"<p class=\"c3\">Une enseignante est mise au ban de l\u2019\u00e9cole parce qu\u2019elle a refus\u00e9 de porter le voile et vous voil\u00e0 renouant aussit\u00f4t avec ces ann\u00e9es funestes o\u00f9 la mort planait sur la t\u00eate de celles qui exer\u00e7aient le m\u00eame m\u00e9tier. Elles \u00e9taient \u00e9gorg\u00e9es pour les m\u00eames raisons quand elles ne l\u2019\u00e9taient pas pour avoir tenu t\u00eate aux barbares des groupes arm\u00e9s en continuant \u00e0 donner cours alors qu\u2019on leur ordonnait de rester chez elles. Les mentalit\u00e9s n\u2019auraient donc pas \u00e9volu\u00e9 depuis. Au contraire, les int\u00e9gristes, qui ont d\u00e9j\u00e0 prouv\u00e9 qu\u2019ils ne l\u00e2chaient jamais rien et sacrifiaient tout \u00e0 leur id\u00e9ologie meurtri\u00e8re, veillent au grain.<br \/>On n\u2019est pas tous oblig\u00e9s, au motif qu\u2019il faut coller \u00e0 l\u2019actualit\u00e9, de s\u2019aligner sur les discours qui fleurissent ici et l\u00e0, et encore moins sur la nervosit\u00e9 qui les accompagne pour nous emp\u00eacher de triompher de l\u2019adversit\u00e9.<br \/>La directrice du CEM, o\u00f9 en principe officie la m\u00e8re de deux enfants jug\u00e9e inapte \u00e0 enseigner dans son \u00e9tablissement, menace de la muter ailleurs. Dans un autre CEM, sans doute, jug\u00e9 par elle mieux adapt\u00e9 aux comportements d\u00e9viants et aux fortes t\u00eates, \u00e0 l\u2019image de l\u2019enseignante qui ose dire non. De quel pouvoir dispose cette derni\u00e8re pour d\u00e9cider d\u2019une sentence \u00e0 appliquer \u00e0 une fonctionnaire ? N\u2019est-ce pas \u00e0 la tutelle de statuer sur la sanction \u00e0 lui infliger ou, au contraire, de stopper le harc\u00e8lement dont elle est victime ?\u00a0 Convoquer un conseil de discipline pour lui faire payer ce qu\u2019elle consid\u00e8re comme un \u00e9cart de conduite rel\u00e8verait-il de ce genre d\u2019abus favoris\u00e9s par le fait d\u2019exercer loin des services du minist\u00e8re ? Un d\u00e9partement cens\u00e9 veiller \u00e0 ce que la d\u00e9mocratisation de l\u2019enseignement, tellement vant\u00e9e, on se demande bien pourquoi, ne fasse pas la part belle \u00e0 un corps de fonctionnaires dont des enseignants qui, chemin faisant, la livrent \u00e0 la m\u00e9diocratie ambiante.\u00a0<br \/>Que sommes-nous en droit d\u2019attendre des responsables du minist\u00e8re ? Vont-ils s\u00e9vir contre la directrice qui se comporte en tenanci\u00e8re de harem au lieu de conduire son \u00e9tablissement au niveau d\u2019excellence attendu ou faire la sourde oreille pour ne pas se mettre \u00e0 dos les conservateurs locaux qui conditionnent \u00e0 l\u2019\u00e9chec ?\u00a0 \u00a0<br \/><em><strong>M. B.<\/strong><\/em><\/p>\n<p>Auteur:<br \/>\n<a href=\"https:\/\/www.lesoirdalgerie.com\/soit-dit-en-passant\/au-chevet-du-daesh-local-une-femme-38742\">Cliquez ici pour lire l&rsquo;article depuis sa source.<\/a><\/p>\n","protected":false},"excerpt":{"rendered":"<p>Une enseignante est mise au ban de l\u2019\u00e9cole parce qu\u2019elle a refus\u00e9 de porter le voile et vous voil\u00e0 renouant aussit\u00f4t avec ces ann\u00e9es funestes o\u00f9 la mort planait sur la t\u00eate de celles qui exer\u00e7aient le m\u00eame m\u00e9tier. Elles \u00e9taient \u00e9gorg\u00e9es pour les m\u00eames raisons quand elles ne l\u2019\u00e9taient pas pour avoir tenu t\u00eate [&hellip;]<\/p>\n","protected":false},"author":1741,"featured_media":0,"comment_status":"closed","ping_status":"closed","sticky":false,"template":"","format":"standard","meta":{"fifu_image_url":"","fifu_image_alt":"","footnotes":""},"categories":[73,53],"tags":[],"class_list":["post-76381","post","type-post","status-publish","format-standard","hentry","category-actualite","category-algerie"],"_links":{"self":[{"href":"https:\/\/linitiative.ca\/International\/wp-json\/wp\/v2\/posts\/76381","targetHints":{"allow":["GET"]}}],"collection":[{"href":"https:\/\/linitiative.ca\/International\/wp-json\/wp\/v2\/posts"}],"about":[{"href":"https:\/\/linitiative.ca\/International\/wp-json\/wp\/v2\/types\/post"}],"author":[{"embeddable":true,"href":"https:\/\/linitiative.ca\/International\/wp-json\/wp\/v2\/users\/1741"}],"replies":[{"embeddable":true,"href":"https:\/\/linitiative.ca\/International\/wp-json\/wp\/v2\/comments?post=76381"}],"version-history":[{"count":0,"href":"https:\/\/linitiative.ca\/International\/wp-json\/wp\/v2\/posts\/76381\/revisions"}],"wp:attachment":[{"href":"https:\/\/linitiative.ca\/International\/wp-json\/wp\/v2\/media?parent=76381"}],"wp:term":[{"taxonomy":"category","embeddable":true,"href":"https:\/\/linitiative.ca\/International\/wp-json\/wp\/v2\/categories?post=76381"},{"taxonomy":"post_tag","embeddable":true,"href":"https:\/\/linitiative.ca\/International\/wp-json\/wp\/v2\/tags?post=76381"}],"curies":[{"name":"wp","href":"https:\/\/api.w.org\/{rel}","templated":true}]}}