{"id":76385,"date":"2020-02-17T05:25:19","date_gmt":"2020-02-17T10:25:19","guid":{"rendered":"https:\/\/linitiative.ca\/International\/le-tram-de-rabat-sale-a-transporte-plus-de-273-millions-de-voyageurs\/"},"modified":"2020-02-17T05:25:19","modified_gmt":"2020-02-17T10:25:19","slug":"le-tram-de-rabat-sale-a-transporte-plus-de-273-millions-de-voyageurs","status":"publish","type":"post","link":"https:\/\/linitiative.ca\/International\/le-tram-de-rabat-sale-a-transporte-plus-de-273-millions-de-voyageurs\/","title":{"rendered":"Le TRAM de Rabat-Sal\u00e9 a transport\u00e9 plus de 273 millions de voyageurs"},"content":{"rendered":"<p><strong>Le Tramway de Rabat-Sal\u00e9 a transport\u00e9 plus de 273 millions de voyageurs depuis sa mise en service en mai 2011, a indiqu\u00e9 la soci\u00e9t\u00e9.<\/strong><\/p>\n<div class=\"c10\"\/>\n<p>Le r\u00e9seau enregistre en moyenne 110.000 voyages par jour (jours ouvrables), selon des chiffres fournis \u00e0 la MAP par la <strong>STRS<\/strong>, qui fait savoir que la fr\u00e9quentation samedi et dimanche se situe en moyenne \u00e0 70.000 voyages par jour et celle annuelle moyenne \u00e0 32.9 millions de voyageurs.<\/p>\n<p>Les recettes enregistr\u00e9es \u00e0 travers la vente des tickets unitaires sont toujours les plus importantes et repr\u00e9sentent 73% de la recette globale, ajoute la m\u00eame source qui comptabilise 17.341 contrats d\u2019abonnement actifs, dont 54% des \u00e9tudiants.<\/p>\n<p>La soci\u00e9t\u00e9 \u00e9voque une \u00ab\u00a0bonne\u00a0\u00bb performance financi\u00e8re depuis 2012, m\u00eame si les syst\u00e8mes de <strong>transport urbain<\/strong> sont de par le monde d\u00e9ficitaires en raison du tarif du transport urbain public qui doit rester \u00e0 des niveaux socialement acceptables.<\/p>\n<p>En effet, les ratios de couverture des charges d\u2019exploitation par les recettes sont en moyenne de 94.5 % ce qui constitue \u00ab\u00a0une performance\u00a0\u00bb en comparaison avec le <strong>benchmark<\/strong> de r\u00e9seaux comparables (le petit \u00e9quilibre est quasi atteint ce qui est tr\u00e8s rare dans le transport urbain), pr\u00e9cise la m\u00eame source.<\/p>\n<p>La soci\u00e9t\u00e9 attribue ce r\u00e9sultat \u00e0 un r\u00e9seau optimis\u00e9 (trac\u00e9, dimensionnement) qui conna\u00eet une tr\u00e8s bonne fr\u00e9quentation, combin\u00e9e \u00e0 une bonne ma\u00eetrise des charges de l\u2019exploitation.<\/p>\n<div class=\"c17\">\n<fieldset class=\"c16\">\n<legend><strong><span class=\"c11\">Challenge<\/span><span class=\"c12\">news<\/span><\/strong><\/legend>\n<div class=\"c15\">Le meilleur de Challenge s\u00e9lectionn\u00e9 par la r\u00e9daction :<\/p>\n<\/div>\n<\/fieldset>\n<\/div>\n<p>Auteur: challenge<br \/>\n<a href=\"https:\/\/www.challenge.ma\/le-tram-de-rabat-sale-a-transporte-plus-de-273-millions-de-voyageurs-130322\/\">Cliquez ici pour lire l&rsquo;article depuis sa source.<\/a><\/p>\n","protected":false},"excerpt":{"rendered":"<p>Le Tramway de Rabat-Sal\u00e9 a transport\u00e9 plus de 273 millions de voyageurs depuis sa mise en service en mai 2011, a indiqu\u00e9 la soci\u00e9t\u00e9. Le r\u00e9seau enregistre en moyenne 110.000 voyages par jour (jours ouvrables), selon des chiffres fournis \u00e0 la MAP par la STRS, qui fait savoir que la fr\u00e9quentation samedi et dimanche se [&hellip;]<\/p>\n","protected":false},"author":1787,"featured_media":0,"comment_status":"closed","ping_status":"closed","sticky":false,"template":"","format":"standard","meta":{"fifu_image_url":"","fifu_image_alt":"","footnotes":""},"categories":[78,54],"tags":[],"class_list":["post-76385","post","type-post","status-publish","format-standard","hentry","category-economie","category-maroc"],"_links":{"self":[{"href":"https:\/\/linitiative.ca\/International\/wp-json\/wp\/v2\/posts\/76385","targetHints":{"allow":["GET"]}}],"collection":[{"href":"https:\/\/linitiative.ca\/International\/wp-json\/wp\/v2\/posts"}],"about":[{"href":"https:\/\/linitiative.ca\/International\/wp-json\/wp\/v2\/types\/post"}],"author":[{"embeddable":true,"href":"https:\/\/linitiative.ca\/International\/wp-json\/wp\/v2\/users\/1787"}],"replies":[{"embeddable":true,"href":"https:\/\/linitiative.ca\/International\/wp-json\/wp\/v2\/comments?post=76385"}],"version-history":[{"count":0,"href":"https:\/\/linitiative.ca\/International\/wp-json\/wp\/v2\/posts\/76385\/revisions"}],"wp:attachment":[{"href":"https:\/\/linitiative.ca\/International\/wp-json\/wp\/v2\/media?parent=76385"}],"wp:term":[{"taxonomy":"category","embeddable":true,"href":"https:\/\/linitiative.ca\/International\/wp-json\/wp\/v2\/categories?post=76385"},{"taxonomy":"post_tag","embeddable":true,"href":"https:\/\/linitiative.ca\/International\/wp-json\/wp\/v2\/tags?post=76385"}],"curies":[{"name":"wp","href":"https:\/\/api.w.org\/{rel}","templated":true}]}}