{"id":76389,"date":"2020-02-17T12:01:59","date_gmt":"2020-02-17T17:01:59","guid":{"rendered":"https:\/\/linitiative.ca\/International\/programme-intelaka-la-dynamique-est-en-marche\/"},"modified":"2020-02-17T12:01:59","modified_gmt":"2020-02-17T17:01:59","slug":"programme-intelaka-la-dynamique-est-en-marche","status":"publish","type":"post","link":"https:\/\/linitiative.ca\/International\/programme-intelaka-la-dynamique-est-en-marche\/","title":{"rendered":"Programme Intelaka : la dynamique est en marche"},"content":{"rendered":"<p><strong>Soci\u00e9t\u00e9 civile, secteur bancaire, Bank Al-Maghrib, minist\u00e8re de l\u2019\u00c9conomie et des Finances et minist\u00e8re de l\u2019Int\u00e9rieur ont organis\u00e9 lundi, \u00e0 Rabat, une rencontre avec les repr\u00e9sentants des chambres professionnelles, des CRI, des banques et avec les agents d\u2019autorit\u00e9 pour exposer et discuter le programme Intelaka.<\/strong><\/p>\n<div class=\"c10\"\/>\n<p>Dans son intervention, le ministre de l\u2019\u00c9conomie, des Finances et de la R\u00e9forme de l\u2019Administration, Mohamed Benacha\u00e2boun, a, en particulier, insist\u00e9 sur le caract\u00e8re int\u00e9gr\u00e9 de la d\u00e9marche d\u2019appui adopt\u00e9e pour le d\u00e9veloppement de l\u2019entrepreneuriat, surtout la <strong>TPE<\/strong>, \u00e0 travers le programme Intelaka.<\/p>\n<p>En effet, le <strong>financement<\/strong> n\u2019est qu\u2019un levier parmi tant d\u2019autres. Le d\u00e9veloppement de l\u2019entrepreneuriat est conditionn\u00e9 par une am\u00e9lioration de l\u2019ensemble de l\u2019\u00e9cosyst\u00e8me dans lequel baignent les projets en gestation. Plus exactement, les mesures d\u2019accompagnement d\u00e9finies sont multiples et visent \u00e0 lever tous les obstacles et \u00e0 contribuer ainsi\u00a0 \u00e0 l\u2019\u00e9mergence d\u2019un contexte plus favorable devant mener vers une transformation structurelle, indispensable \u00e0 l\u2019\u00e9mergence d\u2019un mod\u00e8le de d\u00e9veloppement inclusif. Ainsi, dans l\u2019imm\u00e9diat, il est certes question de r\u00e9pondre \u00e0 des attentes urgentes sur la base d\u2019une cartographie des offres, tout en agissant sur l\u2019ensemble des facteurs favorables \u00e0 l\u2019acte d\u2019entreprendre. A moyen terme, l\u2019accumulation des exp\u00e9riences pratiques de terrain devra permettre d\u2019alimenter l\u2019\u00e9laboration d\u2019une strat\u00e9gie de l\u2019<strong>entrepreneuriat<\/strong> pour consolider les acquis et rendre irr\u00e9versible le processus d\u2019appui actuellement entam\u00e9.<\/p>\n<p>Pour sa part, le Wali de Bank Al-Maghrib, Abdellatif Jouahri, a tenu \u00e0 souligner l\u2019importance et l\u2019urgence de la formation au sein des banques pour op\u00e9rationnaliser ce programme et instruire efficacement les projets qui leur sont soumis dans le cadre dudit programme. La pr\u00e9sentation r\u00e9sum\u00e9e du programme <strong>Intelaka<\/strong> a notamment permis de rappeler les avantages financiers pr\u00e9vus, les garanties offertes, et surtout les sp\u00e9cificit\u00e9s inh\u00e9rentes au p\u00e9rim\u00e8tres urbain et au p\u00e9rim\u00e8tre rural.<\/p>\n<p>Le d\u00e9bat a ensuite surtout permis de souligner l\u2019adh\u00e9sion totale des divers acteurs \u00e0 ce chantier. Ainsi, \u00e0 titre d\u2019exemple, les agences r\u00e9gionales de la Banque Populaire ont d\u00e9j\u00e0 commenc\u00e9 \u00e0 recevoir des milliers de demandes et ont donn\u00e9 un accord favorable \u00e0 pas moins de 200 dossiers en moins de 2 semaines.\u00a0\u00a0<\/p>\n<div class=\"c17\">\n<fieldset class=\"c16\">\n<legend><strong><span class=\"c11\">Challenge<\/span><span class=\"c12\">news<\/span><\/strong><\/legend>\n<div class=\"c15\">Le meilleur de Challenge s\u00e9lectionn\u00e9 par la r\u00e9daction :<\/p>\n<\/div>\n<\/fieldset>\n<\/div>\n<p>Auteur: Mohamed Amine<br \/>\n<a href=\"https:\/\/www.challenge.ma\/programme-intelaka-la-dynamique-est-en-marche-130366\/\">Cliquez ici pour lire l&rsquo;article depuis sa source.<\/a><\/p>\n","protected":false},"excerpt":{"rendered":"<p>Soci\u00e9t\u00e9 civile, secteur bancaire, Bank Al-Maghrib, minist\u00e8re de l\u2019\u00c9conomie et des Finances et minist\u00e8re de l\u2019Int\u00e9rieur ont organis\u00e9 lundi, \u00e0 Rabat, une rencontre avec les repr\u00e9sentants des chambres professionnelles, des CRI, des banques et avec les agents d\u2019autorit\u00e9 pour exposer et discuter le programme Intelaka. Dans son intervention, le ministre de l\u2019\u00c9conomie, des Finances et [&hellip;]<\/p>\n","protected":false},"author":1787,"featured_media":0,"comment_status":"closed","ping_status":"closed","sticky":false,"template":"","format":"standard","meta":{"fifu_image_url":"","fifu_image_alt":"","footnotes":""},"categories":[78,54],"tags":[],"class_list":["post-76389","post","type-post","status-publish","format-standard","hentry","category-economie","category-maroc"],"_links":{"self":[{"href":"https:\/\/linitiative.ca\/International\/wp-json\/wp\/v2\/posts\/76389","targetHints":{"allow":["GET"]}}],"collection":[{"href":"https:\/\/linitiative.ca\/International\/wp-json\/wp\/v2\/posts"}],"about":[{"href":"https:\/\/linitiative.ca\/International\/wp-json\/wp\/v2\/types\/post"}],"author":[{"embeddable":true,"href":"https:\/\/linitiative.ca\/International\/wp-json\/wp\/v2\/users\/1787"}],"replies":[{"embeddable":true,"href":"https:\/\/linitiative.ca\/International\/wp-json\/wp\/v2\/comments?post=76389"}],"version-history":[{"count":0,"href":"https:\/\/linitiative.ca\/International\/wp-json\/wp\/v2\/posts\/76389\/revisions"}],"wp:attachment":[{"href":"https:\/\/linitiative.ca\/International\/wp-json\/wp\/v2\/media?parent=76389"}],"wp:term":[{"taxonomy":"category","embeddable":true,"href":"https:\/\/linitiative.ca\/International\/wp-json\/wp\/v2\/categories?post=76389"},{"taxonomy":"post_tag","embeddable":true,"href":"https:\/\/linitiative.ca\/International\/wp-json\/wp\/v2\/tags?post=76389"}],"curies":[{"name":"wp","href":"https:\/\/api.w.org\/{rel}","templated":true}]}}