{"id":76391,"date":"2020-02-17T13:29:11","date_gmt":"2020-02-17T18:29:11","guid":{"rendered":"https:\/\/linitiative.ca\/International\/tunisie-khedher-pretend-que-saied-ne-connait-pas-suffisamment-le-droit-constitutionnel\/"},"modified":"2020-02-17T13:29:11","modified_gmt":"2020-02-17T18:29:11","slug":"tunisie-khedher-pretend-que-saied-ne-connait-pas-suffisamment-le-droit-constitutionnel","status":"publish","type":"post","link":"https:\/\/linitiative.ca\/International\/tunisie-khedher-pretend-que-saied-ne-connait-pas-suffisamment-le-droit-constitutionnel\/","title":{"rendered":"Tunisie \u2013 Khedher pr\u00e9tend que Sa\u00efed ne connait pas suffisamment le droit constitutionnel"},"content":{"rendered":"<div class=\"post-cont-in left relative\">\n<p>Le dirigeant islamiste et chef du cabinet du pr\u00e9sident de l\u2019ARP, Habib Khedher a publi\u00e9 sur sa page Facebook un post dans lequel il assure qu\u2019il ne suffit pas d\u2019\u00eatre sp\u00e9cialiste en quelque chose, pour ne pas se tromper, en allusion au pr\u00e9sident de la R\u00e9publique qui est sp\u00e9cialiste en droit constitutionnel, mais qui s\u2019est, aux yeux de Hebib Khedher, royalement tromp\u00e9 dans l\u2019interpr\u00e9tation du texte de la Constitution.<\/p>\n<div class=\"code-block code-block-1 c3\"><ins class=\"adsbygoogle c2\" data-ad-layout=\"in-article\" data-ad-format=\"fluid\" data-ad-client=\"ca-pub-2102118777505746\" data-ad-slot=\"7301775417\"\/> <\/div>\n<div class=\"swp_social_panel swp_horizontal_panel swp_flat_fresh swp_default_full_color swp_individual_full_color swp_other_full_color scale-100 scale-\" data-min-width=\"1100\" data-float-color=\"#ffffff\" data-float=\"bottom\" data-float-mobile=\"bottom\" data-transition=\"slide\">\n<div class=\"nc_tweetContainer swp_share_button total_shares total_sharesalt\"><span class=\"swp_count\">1K <span class=\"swp_label\">Partages<\/span><\/span><\/div>\n<\/div>\n<p><strong>Que se passe-t-il en Tunisie?<\/strong><br \/>Nous expliquons sur notre <a href=\"https:\/\/www.youtube.com\/channel\/UCRzypVq0B_yBad5eGrwBx0Q?sub_confirmation=1\" target=\"_blank\" rel=\"noopener noreferrer\">cha\u00eene YouTube<\/a> . <a href=\"https:\/\/www.youtube.com\/channel\/UCRzypVq0B_yBad5eGrwBx0Q?sub_confirmation=1\" target=\"_blank\" rel=\"noopener noreferrer\">Abonnez-vous!<\/a><\/p>\n<div class=\"mvp-org-wrap mvp-org-logo\" itemprop=\"publisher\" itemscope=\"\" itemtype=\"https:\/\/schema.org\/Organization\"><img decoding=\"async\" src=\"https:\/\/www.tunisienumerique.com\/wp-content\/uploads\/2017\/02\/logo_tunisie_numerique.png\"\/><\/div>\n<div class=\"mvp-related-posts left relative\">\n<h4 class=\"post-header\"><span class=\"post-header\">Lire aussi<\/span><\/h4>\n<\/div>\n<\/div>\n<p>Auteur: LM<br \/>\n<a href=\"https:\/\/www.tunisienumerique.com\/tunisie-khedher-pretend-que-saied-ne-connait-pas-suffisamment-le-droit-constitutionnel\/\">Cliquez ici pour lire l&rsquo;article depuis sa source.<\/a><\/p>\n","protected":false},"excerpt":{"rendered":"<p>Le dirigeant islamiste et chef du cabinet du pr\u00e9sident de l\u2019ARP, Habib Khedher a publi\u00e9 sur sa page Facebook un post dans lequel il assure qu\u2019il ne suffit pas d\u2019\u00eatre sp\u00e9cialiste en quelque chose, pour ne pas se tromper, en allusion au pr\u00e9sident de la R\u00e9publique qui est sp\u00e9cialiste en droit constitutionnel, mais qui s\u2019est, [&hellip;]<\/p>\n","protected":false},"author":1789,"featured_media":76392,"comment_status":"closed","ping_status":"closed","sticky":false,"template":"","format":"standard","meta":{"fifu_image_url":"","fifu_image_alt":"","footnotes":""},"categories":[73,55],"tags":[],"class_list":["post-76391","post","type-post","status-publish","format-standard","has-post-thumbnail","hentry","category-actualite","category-tunisie"],"_links":{"self":[{"href":"https:\/\/linitiative.ca\/International\/wp-json\/wp\/v2\/posts\/76391","targetHints":{"allow":["GET"]}}],"collection":[{"href":"https:\/\/linitiative.ca\/International\/wp-json\/wp\/v2\/posts"}],"about":[{"href":"https:\/\/linitiative.ca\/International\/wp-json\/wp\/v2\/types\/post"}],"author":[{"embeddable":true,"href":"https:\/\/linitiative.ca\/International\/wp-json\/wp\/v2\/users\/1789"}],"replies":[{"embeddable":true,"href":"https:\/\/linitiative.ca\/International\/wp-json\/wp\/v2\/comments?post=76391"}],"version-history":[{"count":0,"href":"https:\/\/linitiative.ca\/International\/wp-json\/wp\/v2\/posts\/76391\/revisions"}],"wp:featuredmedia":[{"embeddable":true,"href":"https:\/\/linitiative.ca\/International\/wp-json\/"}],"wp:attachment":[{"href":"https:\/\/linitiative.ca\/International\/wp-json\/wp\/v2\/media?parent=76391"}],"wp:term":[{"taxonomy":"category","embeddable":true,"href":"https:\/\/linitiative.ca\/International\/wp-json\/wp\/v2\/categories?post=76391"},{"taxonomy":"post_tag","embeddable":true,"href":"https:\/\/linitiative.ca\/International\/wp-json\/wp\/v2\/tags?post=76391"}],"curies":[{"name":"wp","href":"https:\/\/api.w.org\/{rel}","templated":true}]}}