{"id":76397,"date":"2020-02-17T16:52:39","date_gmt":"2020-02-17T21:52:39","guid":{"rendered":"https:\/\/linitiative.ca\/International\/tunisie-video-rached-ghannouchi-dement-anouar-maarouf-qui-cherche-desesperement-a-se-disculper\/"},"modified":"2020-02-17T16:52:39","modified_gmt":"2020-02-17T21:52:39","slug":"tunisie-video-rached-ghannouchi-dement-anouar-maarouf-qui-cherche-desesperement-a-se-disculper","status":"publish","type":"post","link":"https:\/\/linitiative.ca\/International\/tunisie-video-rached-ghannouchi-dement-anouar-maarouf-qui-cherche-desesperement-a-se-disculper\/","title":{"rendered":"Tunisie \u2013 VIDEO : Rached Ghannouchi d\u00e9ment Anouar Ma\u00e2rouf qui cherche d\u00e9sesp\u00e9r\u00e9ment \u00e0 se disculper"},"content":{"rendered":"<div class=\"post-cont-in left relative\">\n<p>Le ministre des technologies, Anouar Ma\u00e2rouf, s\u2019est d\u00e9fendu, ce lundi, \u00e0 travers le micro d\u2019une radio priv\u00e9e, d\u2019avoir d\u00e9tourn\u00e9 les moyens du minist\u00e8re au profit d\u2019<a href=\"https:\/\/www.tunisienumerique.com\/tunisie-actualite\/ennahdha\/\" title=\"Ennahdha\" target=\"_top\" class=\"auto-link\" rel=\"noopener noreferrer\">Ennahdha<\/a>. Et pour esquiver les accusations, il les a d\u00e9tourn\u00e9es de fa\u00e7on, malicieuse, vers le personnel du minist\u00e8re en d\u00e9clarant que cette accusation qui a \u00e9t\u00e9 lanc\u00e9e \u00e0 son encontre d\u00e9passe sa personne pour impliquer tout le personnel du minist\u00e8re, qui est, de fait, accus\u00e9 de complicit\u00e9 dans ce suppos\u00e9 d\u00e9tournement des moyens du minist\u00e8re et des datas dont il dispose. Il esp\u00e9rerait, peut-\u00eatre, en agissant ainsi, susciter l\u2019indignation du personnel pour le rallier \u00e0 sa cause, ce qui le pousserai \u00e0 se d\u00e9fendre et \u00e0 d\u00e9fendre son patron.<\/p>\n<div class=\"code-block code-block-1 c3\"><ins class=\"adsbygoogle c2\" data-ad-layout=\"in-article\" data-ad-format=\"fluid\" data-ad-client=\"ca-pub-2102118777505746\" data-ad-slot=\"7301775417\"\/> <\/div>\n<p>Ma\u00e2rouf a ajout\u00e9 qu\u2019il n\u2019a jamais, au grand jamais, mais le moindre moyen du minist\u00e8re au service du parti Ennahdha. Mais, \u00e0 ce sujet, Anouar Ma\u00e2rouf semble avoir oubli\u00e9 les enseignements de son chef, le Cheikh <a href=\"https:\/\/www.tunisienumerique.com\/tunisie-actualite\/rached-ghannouchi\/\" title=\"Rached Ghannouchi\" target=\"_top\" class=\"auto-link\" rel=\"noopener noreferrer\">Rached Ghannouchi<\/a> qui expliquait, il y a quelques mois, sur le plateau d\u2019une chaine TV, qu\u2019il est, d\u00e9sormais, absurde de vouloir mentir, \u00e0 cette \u00e9poque o\u00f9 Internet et les r\u00e9seaux sociaux, immortalisent toutes les sc\u00e8nes.<\/p>\n<p>En effet, Ma\u00e2rouf aurait du suivre ce conseil du Cheikh, car il aurait sur que c\u2019est ce m\u00eame Cheikh, alors emport\u00e9 par l\u2019euphorie de la campagne \u00e9lectorale, a promis de doter toutes les municipalit\u00e9s o\u00f9 les listes d\u2019Ennahdha seront \u00e9lues, de WIFI de haut d\u00e9bit, de fa\u00e7on gratuite. Il se vantait, \u00e0 l\u2019\u00e9poque que cela \u00e9tait possible gr\u00e2ce au ministre des technologies qui est un ministre d\u2019Ennhdha.<br \/><iframe loading=\"lazy\" class=\"c4\" src=\"https:\/\/www.facebook.com\/plugins\/video.php?href=https%3A%2F%2Fwww.facebook.com%2Ffethi.khsiba%2Fvideos%2F1661314387288535%2F&#038;show_text=0&#038;width=560\" width=\"560\" height=\"315\" frameborder=\"0\" scrolling=\"no\" allowfullscreen=\"allowfullscreen\">[embedded content]<\/iframe><\/p>\n<div class=\"swp_social_panel swp_horizontal_panel swp_flat_fresh swp_default_full_color swp_individual_full_color swp_other_full_color scale-100 scale-\" data-min-width=\"1100\" data-float-color=\"#ffffff\" data-float=\"bottom\" data-float-mobile=\"bottom\" data-transition=\"slide\">\n<div class=\"nc_tweetContainer swp_share_button total_shares total_sharesalt\"><span class=\"swp_count\">0 <span class=\"swp_label\">Partages<\/span><\/span><\/div>\n<\/div>\n<p><strong>Que se passe-t-il en Tunisie?<\/strong><br \/>Nous expliquons sur notre <a href=\"https:\/\/www.youtube.com\/channel\/UCRzypVq0B_yBad5eGrwBx0Q?sub_confirmation=1\" target=\"_blank\" rel=\"noopener noreferrer\">cha\u00eene YouTube<\/a> . <a href=\"https:\/\/www.youtube.com\/channel\/UCRzypVq0B_yBad5eGrwBx0Q?sub_confirmation=1\" target=\"_blank\" rel=\"noopener noreferrer\">Abonnez-vous!<\/a><\/p>\n<div class=\"mvp-org-wrap mvp-org-logo\" itemprop=\"publisher\" itemscope=\"\" itemtype=\"https:\/\/schema.org\/Organization\"><img decoding=\"async\" src=\"https:\/\/www.tunisienumerique.com\/wp-content\/uploads\/2017\/02\/logo_tunisie_numerique.png\"\/><\/div>\n<div class=\"post-tags\"><span class=\"post-tags-header\">Sujets Connexes:<\/span><\/div>\n<\/div>\n<p>Auteur: Ramsis<br \/>\n<a href=\"https:\/\/www.tunisienumerique.com\/tunisie-video-rached-ghannouchi-dement-anouar-maarouf-qui-cherche-desesperement-a-se-disculper\/\">Cliquez ici pour lire l&rsquo;article depuis sa source.<\/a><\/p>\n","protected":false},"excerpt":{"rendered":"<p>Le ministre des technologies, Anouar Ma\u00e2rouf, s\u2019est d\u00e9fendu, ce lundi, \u00e0 travers le micro d\u2019une radio priv\u00e9e, d\u2019avoir d\u00e9tourn\u00e9 les moyens du minist\u00e8re au profit d\u2019Ennahdha. Et pour esquiver les accusations, il les a d\u00e9tourn\u00e9es de fa\u00e7on, malicieuse, vers le personnel du minist\u00e8re en d\u00e9clarant que cette accusation qui a \u00e9t\u00e9 lanc\u00e9e \u00e0 son encontre [&hellip;]<\/p>\n","protected":false},"author":1789,"featured_media":76398,"comment_status":"closed","ping_status":"closed","sticky":false,"template":"","format":"standard","meta":{"fifu_image_url":"","fifu_image_alt":"","footnotes":""},"categories":[73,55],"tags":[],"class_list":["post-76397","post","type-post","status-publish","format-standard","has-post-thumbnail","hentry","category-actualite","category-tunisie"],"_links":{"self":[{"href":"https:\/\/linitiative.ca\/International\/wp-json\/wp\/v2\/posts\/76397","targetHints":{"allow":["GET"]}}],"collection":[{"href":"https:\/\/linitiative.ca\/International\/wp-json\/wp\/v2\/posts"}],"about":[{"href":"https:\/\/linitiative.ca\/International\/wp-json\/wp\/v2\/types\/post"}],"author":[{"embeddable":true,"href":"https:\/\/linitiative.ca\/International\/wp-json\/wp\/v2\/users\/1789"}],"replies":[{"embeddable":true,"href":"https:\/\/linitiative.ca\/International\/wp-json\/wp\/v2\/comments?post=76397"}],"version-history":[{"count":0,"href":"https:\/\/linitiative.ca\/International\/wp-json\/wp\/v2\/posts\/76397\/revisions"}],"wp:featuredmedia":[{"embeddable":true,"href":"https:\/\/linitiative.ca\/International\/wp-json\/"}],"wp:attachment":[{"href":"https:\/\/linitiative.ca\/International\/wp-json\/wp\/v2\/media?parent=76397"}],"wp:term":[{"taxonomy":"category","embeddable":true,"href":"https:\/\/linitiative.ca\/International\/wp-json\/wp\/v2\/categories?post=76397"},{"taxonomy":"post_tag","embeddable":true,"href":"https:\/\/linitiative.ca\/International\/wp-json\/wp\/v2\/tags?post=76397"}],"curies":[{"name":"wp","href":"https:\/\/api.w.org\/{rel}","templated":true}]}}