{"id":76401,"date":"2020-02-17T15:20:54","date_gmt":"2020-02-17T20:20:54","guid":{"rendered":"https:\/\/linitiative.ca\/International\/attaques-terroristes-recurrentes-des-lieux-de-culte\/"},"modified":"2020-02-17T15:20:54","modified_gmt":"2020-02-17T20:20:54","slug":"attaques-terroristes-recurrentes-des-lieux-de-culte","status":"publish","type":"post","link":"https:\/\/linitiative.ca\/International\/attaques-terroristes-recurrentes-des-lieux-de-culte\/","title":{"rendered":"ATTAQUES TERRORISTES RECURRENTES DES LIEUX DE CULTE"},"content":{"rendered":"<div class=\"stream-item stream-item-above-post-content\">\n<p><noscript><\/p>\n<p><a href=\"\/\/www3.smartadserver.com\/ac?jump=1&#038;nwid=2136&#038;siteid=240610&#038;pgname=rg&#038;fmtid=49046&#038;visit=m&#038;tmstp=[timestamp]&#038;out=nonrich\" target=\"_blank\" rel=\"noopener noreferrer\"><img decoding=\"async\" src=\"\/\/www3.smartadserver.com\/ac?out=nonrich&#038;nwid=2136&#038;siteid=240610&#038;pgname=rg&#038;fmtid=49046&#038;visit=m&#038;tmstp=[timestamp]\" border=\"0\" alt=\"\"\/><\/a><\/p>\n<p><\/noscript><\/div>\n<p class=\"c3\"><em>L\u2019Eglise du village de Pansi a \u00e9t\u00e9 attaqu\u00e9e le 16 f\u00e9vrier dernier par des terroristes alors que les fid\u00e8les \u00e9taient en plein culte. Le gouverneur du Sahel, r\u00e9gion o\u00f9 l\u2019acte ignoble a \u00e9t\u00e9 perp\u00e9tr\u00e9, fait \u00e9tat de 24 morts et 18 bless\u00e9s. Cette attaque qui intervient apr\u00e8s bien d\u2019autres de m\u00eame nature, a la particularit\u00e9 de d\u00e9tenir le record en terme de pertes en vies humaines. C\u2019est la premi\u00e8re fois, en effet, que ce chiffre a \u00e9t\u00e9 atteint cons\u00e9cutivement \u00e0 une attaque terroriste dirig\u00e9e contre un lieu de culte. Et le mode op\u00e9ratoire des criminels est pratiquement le m\u00eame. Les assaillants font irruption dans un lieu de culte pendant que les fid\u00e8les sont en pleine pri\u00e8re et tirent sur tout ce qui bouge\u00a0: femmes, hommes, enfants, vieux, vieilles. Ce macabre sc\u00e9nario a \u00e9t\u00e9 enregistr\u00e9 dans bien des localit\u00e9s du Burkina. Le 1er d\u00e9cembre dernier, des fid\u00e8les ont \u00e9t\u00e9 attaqu\u00e9s pendant un service religieux \u00e0 Hantoukoura, dans l\u2019Est du Burkina. Cette attaque avait caus\u00e9, on se rappelle, 14 morts dont le pasteur et ses enfants. Le 29 avril, six personnes avaient \u00e9t\u00e9 tu\u00e9es lors de l\u2019attaque de l\u2019\u00e9glise de Silgadji, dans le Nord. La liste est loin d\u2019\u00eatre exhaustive. D\u2019ailleurs, on se gardera, ici, de faire la publicit\u00e9 des terroristes en recensant l\u2019ensemble de leurs forfaitures. Retenons seulement que l\u2019heure est gravissime et la situation commande que les Burkinab\u00e8 \u00e9pris de paix, de tol\u00e9rance et de libert\u00e9, se donnent la main pour contrer le terrorisme en g\u00e9n\u00e9ral et les attaques contre les lieux de culte en particulier. Car, les terroristes ont leur plan pour d\u00e9truire le Burkina. Ils caressent l\u2019espoir de susciter deux types de guerre au pays des Hommes int\u00e8gres. Le premier est de dresser les ethnies les unes contre les autres. Dans certaines localit\u00e9s du pays, ce virus savamment inocul\u00e9 au sein des populations qui, nagu\u00e8re, vivaient en bonne intelligence, fait son petit bonhomme de chemin. Le deuxi\u00e8me type de guerre auquel travaillent m\u00e9thodiquement les terroristes, est la guerre des religions.<\/em><\/p>\n<p class=\"c3\"><strong><em>En s\u2019attaquant aux civils, l\u2019on peut avoir l\u2019impression que les terroristes sont aux abois<\/em><\/strong><\/p>\n<p class=\"c3\"><em>Ces deux guerres, les Burkinab\u00e8 doivent tout faire pour les \u00e9viter. Car, on sait quand elles commencent mais personne ne peut pr\u00e9voir quand elles prendront fin; tant toutes les deux sont fond\u00e9es sur l\u2019irrationnel, la b\u00eatise et la passion. Pour \u00e9voquer sp\u00e9cifiquement les attaques contre les lieux de culte, il faut apporter la pr\u00e9cision que les imams et les mosqu\u00e9es ne sont pas \u00e9pargn\u00e9s. C\u2019est la preuve, entre autres, que la motivation des assaillants n\u2019est pas li\u00e9e \u00e0 la d\u00e9fense d\u2019une religion en particulier. Cet amalgame est \u00e0 \u00e9viter car les terroristes prosp\u00e8rent l\u00e0 o\u00f9 les gens excellent dans l\u2019art des analyses superficielles et des d\u00e9ductions faciles. Une des armes que l\u2019on peut opposer \u00e0 ces terroristes est celle du dialogue des religions. A Dori, on le fait depuis longtemps. En effet, dans la capitale de la r\u00e9gion du Sahel, existe une association qui travaille et qui peut l\u00e9gitimement se r\u00e9jouir d\u2019avoir aid\u00e9 \u00e0 la cohabitation pacifique des religions dans cette partie du Burkina. L\u2019Union fraternelle des croyants (UFC), puisque c\u2019est d\u2019elle qu\u2019il s\u2019agit, a fait et continue de faire du bon travail \u00e0 Dori. Vivement, que son exemple soit dupliqu\u00e9 dans toutes les localit\u00e9s du pays. En tout cas, l\u2019extr\u00e9misme violent auquel l\u2019on assiste aujourd\u2019hui, fait feu de tout bois pour atteindre son objectif. Et ceux qui s\u2019y adonnent sont d\u2019autant plus difficiles \u00e0 contrer qu\u2019ils sont pr\u00eats, pour imposer leur loi, \u00e0 tuer et \u00e0 sacrifier leur vie. Mais quelque part, en s\u2019attaquant aux civils de mani\u00e8re g\u00e9n\u00e9rale, en \u00e9gorgeant femmes et enfants sur les lieux de culte, l\u2019on peut avoir l\u2019impression qu\u2019ils sont aux abois. En effet, au d\u00e9part, leurs cibles \u00e9taient en priorit\u00e9 les symboles de l\u2019Etat. De plus en plus, sur ce terrain, une riposte vigoureuse et efficace leur a \u00e9t\u00e9 oppos\u00e9e. R\u00e9sultat\u00a0: ils se retournent l\u00e2chement contre des gens qui n\u2019ont aucun moyen de d\u00e9fense. Cela a un nom, c\u2019est le summum de la b\u00eatise humaine, de l\u2019ignominie, de la l\u00e2chet\u00e9. En r\u00e9alit\u00e9, ces gens-l\u00e0 ont rompu avec la civilisation humaine pour s\u2019installer dans la certitude d\u2019avoir raison et la destruction de tous ceux qui s\u2019offrent le luxe de penser autrement. Et dans leur b\u00eatise, ils ne se fixent aucune limite \u00e0 ne pas franchir.<\/em><\/p>\n<p class=\"c3\"><strong><em>Sidzabda<\/em><\/strong><\/p>\n<p>Auteur: Le Pays<br \/>\n<a href=\"http:\/\/lepays.bf\/attaques-terroristes-recurrentes-des-lieux-de-culte\/\">Cliquez ici pour lire l&rsquo;article depuis sa source.<\/a><\/p>\n","protected":false},"excerpt":{"rendered":"<p>L\u2019Eglise du village de Pansi a \u00e9t\u00e9 attaqu\u00e9e le 16 f\u00e9vrier dernier par des terroristes alors que les fid\u00e8les \u00e9taient en plein culte. Le gouverneur du Sahel, r\u00e9gion o\u00f9 l\u2019acte ignoble a \u00e9t\u00e9 perp\u00e9tr\u00e9, fait \u00e9tat de 24 morts et 18 bless\u00e9s. Cette attaque qui intervient apr\u00e8s bien d\u2019autres de m\u00eame nature, a la particularit\u00e9 [&hellip;]<\/p>\n","protected":false},"author":1813,"featured_media":0,"comment_status":"closed","ping_status":"closed","sticky":false,"template":"","format":"standard","meta":{"fifu_image_url":"","fifu_image_alt":"","footnotes":""},"categories":[73,81],"tags":[],"class_list":["post-76401","post","type-post","status-publish","format-standard","hentry","category-actualite","category-burkina-faso"],"_links":{"self":[{"href":"https:\/\/linitiative.ca\/International\/wp-json\/wp\/v2\/posts\/76401","targetHints":{"allow":["GET"]}}],"collection":[{"href":"https:\/\/linitiative.ca\/International\/wp-json\/wp\/v2\/posts"}],"about":[{"href":"https:\/\/linitiative.ca\/International\/wp-json\/wp\/v2\/types\/post"}],"author":[{"embeddable":true,"href":"https:\/\/linitiative.ca\/International\/wp-json\/wp\/v2\/users\/1813"}],"replies":[{"embeddable":true,"href":"https:\/\/linitiative.ca\/International\/wp-json\/wp\/v2\/comments?post=76401"}],"version-history":[{"count":0,"href":"https:\/\/linitiative.ca\/International\/wp-json\/wp\/v2\/posts\/76401\/revisions"}],"wp:attachment":[{"href":"https:\/\/linitiative.ca\/International\/wp-json\/wp\/v2\/media?parent=76401"}],"wp:term":[{"taxonomy":"category","embeddable":true,"href":"https:\/\/linitiative.ca\/International\/wp-json\/wp\/v2\/categories?post=76401"},{"taxonomy":"post_tag","embeddable":true,"href":"https:\/\/linitiative.ca\/International\/wp-json\/wp\/v2\/tags?post=76401"}],"curies":[{"name":"wp","href":"https:\/\/api.w.org\/{rel}","templated":true}]}}