{"id":76403,"date":"2020-02-17T15:30:05","date_gmt":"2020-02-17T20:30:05","guid":{"rendered":"https:\/\/linitiative.ca\/International\/mort-en-prison-dun-artiste-au-rwanda\/"},"modified":"2020-02-17T15:30:05","modified_gmt":"2020-02-17T20:30:05","slug":"mort-en-prison-dun-artiste-au-rwanda","status":"publish","type":"post","link":"https:\/\/linitiative.ca\/International\/mort-en-prison-dun-artiste-au-rwanda\/","title":{"rendered":"MORT EN PRISON D\u2019UN ARTISTE AU RWANDA"},"content":{"rendered":"<div class=\"stream-item stream-item-above-post-content\">\n<p><noscript><\/p>\n<p><a href=\"\/\/www3.smartadserver.com\/ac?jump=1&#038;nwid=2136&#038;siteid=240610&#038;pgname=rg&#038;fmtid=49046&#038;visit=m&#038;tmstp=[timestamp]&#038;out=nonrich\" target=\"_blank\" rel=\"noopener noreferrer\"><img decoding=\"async\" src=\"\/\/www3.smartadserver.com\/ac?out=nonrich&#038;nwid=2136&#038;siteid=240610&#038;pgname=rg&#038;fmtid=49046&#038;visit=m&#038;tmstp=[timestamp]\" border=\"0\" alt=\"\"\/><\/a><\/p>\n<p><\/noscript><\/div>\n<p class=\"c3\"><em>Il s\u2019appelait Kizito Mihigo. Arr\u00eat\u00e9 il y a seulement quatre jours, il a \u00e9t\u00e9 retrouv\u00e9 mort dans la cellule o\u00f9 il \u00e9tait d\u00e9tenu. Selon la police rwandaise, le chanteur de gospel se serait suicid\u00e9. Pour quelle raison\u00a0? La police n\u2019en donne pas de d\u00e9tails. Tout au plus, annonce-t-elle avoir ouvert une enqu\u00eate pour d\u00e9terminer les circonstances de ce drame. Mais comme on le sait, les enqu\u00eates, dans un pays de dictature comme le Rwanda, n\u2019engagent que ceux qui croient\u00a0; tant le plus souvent elles ne d\u00e9bouchent que sur de la poudre aux yeux. Surtout que dans le cas d\u2019esp\u00e8ce, les autorit\u00e9s rwandaises accusaient d\u00e9j\u00e0 l\u2019infortun\u00e9 Kizito Mihigo de vouloir ill\u00e9galement traverser la fronti\u00e8re burundaise pour rejoindre\u00a0\u00ab\u00a0 un groupe arm\u00e9\u00a0\u00bb qui conspirerait contre Kigali. Ce qui lui a valu d\u2019\u00eatre arr\u00eat\u00e9 le 13 f\u00e9vrier dernier et incarc\u00e9r\u00e9 au poste de Remera, dans la capitale Kigali. Et ce n\u2019est pas tout. On reproche aussi au d\u00e9funt d\u2019avoir tent\u00e9 de soudoyer des villageois afin que ceux-ci qui l\u2019avaient rep\u00e9r\u00e9 et reconnu, lui permettent de quitter le territoire. Rappelons qu\u2019autrefois choy\u00e9 par Kigali, Kizito Mihigo n\u2019\u00e9tait plus en odeur de saintet\u00e9 avec les autorit\u00e9s rwandaises si bien que ces derni\u00e8res n\u2019avaient pas h\u00e9sit\u00e9 \u00e0 le jeter en prison en 2014, apr\u00e8s la sortie de son album dans lequel il magnifiait les organisations de d\u00e9fense des droits humains.<\/em><\/p>\n<p class=\"c3\"><strong><em>On ne peut qu\u2019\u00e9mettre des doutes sur le d\u00e9c\u00e8s \u00ab\u00a0par suicide\u00a0\u00bb de Kizito Mihigo<\/em><\/strong><\/p>\n<p class=\"c3\"><em>Apr\u00e8s quatre ans derri\u00e8re les barreaux, il avait, en m\u00eame temps que l\u2019opposante Victoire Ingabir\u00e9, b\u00e9n\u00e9fici\u00e9 d\u2019une gr\u00e2ce pr\u00e9sidentielle en septembre 2018.\u00a0<\/em> <em>Redoutant la f\u00e9rocit\u00e9 du r\u00e9gime, Kizito Mihigo que l\u2019on pr\u00e9sentait comme l\u2019un des chantres de la r\u00e9conciliation au Rwanda parce qu\u2019\u00e9tant lui-m\u00eame un rescap\u00e9 du g\u00e9nocide, avait cess\u00e9 toute activit\u00e9. C\u2019est dire que le natif de Kibeho avait fait le choix de vivre dans la clandestinit\u00e9, de peur d\u2019entrer de nouveau en d\u00e9licatesse avec le r\u00e9gime de Kigali. Il avait eu le nez creux mais\u2026 h\u00e9las ! Ce qu\u2019il craignait est arriv\u00e9.\u00a0 En tout cas, quand on sait qu\u2019au Rwanda, les morts de d\u00e9tenus en prison, sont l\u00e9gion, on ne peut qu\u2019\u00e9mettre des doutes sur le d\u00e9c\u00e8s \u00ab par suicide \u00bb de Kizito Mihigo. Cela est d\u2019autant plus vrai que ne disparaissent en prison au Rwanda que les d\u00e9tenus politiques ou d\u2019opinions. A preuve, le vice-pr\u00e9sident du parti des Forces d\u00e9mocratiques, en la personne de Boniface Twagirimanaa, a disparu en prison en octobre 2018. Officiellement, ce dernier s\u2019est \u00e9vad\u00e9. Et ce n\u2019est pas tout. En mars 2019, Anselme Mutuyimana, par ailleurs repr\u00e9sentant de l\u2019opposante Victoire Ingabir\u00e9, a \u00e9t\u00e9 retrouv\u00e9 mort dans une for\u00eat dans le Nord-Ouest du pays. Les circonstances de sa mort demeurent jusque-l\u00e0 floues. Pourtant, les autorit\u00e9s avaient aussi annonc\u00e9 l\u2019ouverture d\u2019une enqu\u00eate, comme c\u2019est le cas dans l\u2019affaire Kizito Mihigo.<\/em><\/p>\n<p class=\"c3\"><strong><em>B.O<\/em><\/strong><\/p>\n<p>Auteur: Le Pays<br \/>\n<a href=\"http:\/\/lepays.bf\/mort-en-prison-dun-artiste-au-rwanda\/\">Cliquez ici pour lire l&rsquo;article depuis sa source.<\/a><\/p>\n","protected":false},"excerpt":{"rendered":"<p>Il s\u2019appelait Kizito Mihigo. Arr\u00eat\u00e9 il y a seulement quatre jours, il a \u00e9t\u00e9 retrouv\u00e9 mort dans la cellule o\u00f9 il \u00e9tait d\u00e9tenu. Selon la police rwandaise, le chanteur de gospel se serait suicid\u00e9. Pour quelle raison\u00a0? La police n\u2019en donne pas de d\u00e9tails. Tout au plus, annonce-t-elle avoir ouvert une enqu\u00eate pour d\u00e9terminer les [&hellip;]<\/p>\n","protected":false},"author":1813,"featured_media":0,"comment_status":"closed","ping_status":"closed","sticky":false,"template":"","format":"standard","meta":{"fifu_image_url":"","fifu_image_alt":"","footnotes":""},"categories":[73,81],"tags":[],"class_list":["post-76403","post","type-post","status-publish","format-standard","hentry","category-actualite","category-burkina-faso"],"_links":{"self":[{"href":"https:\/\/linitiative.ca\/International\/wp-json\/wp\/v2\/posts\/76403","targetHints":{"allow":["GET"]}}],"collection":[{"href":"https:\/\/linitiative.ca\/International\/wp-json\/wp\/v2\/posts"}],"about":[{"href":"https:\/\/linitiative.ca\/International\/wp-json\/wp\/v2\/types\/post"}],"author":[{"embeddable":true,"href":"https:\/\/linitiative.ca\/International\/wp-json\/wp\/v2\/users\/1813"}],"replies":[{"embeddable":true,"href":"https:\/\/linitiative.ca\/International\/wp-json\/wp\/v2\/comments?post=76403"}],"version-history":[{"count":0,"href":"https:\/\/linitiative.ca\/International\/wp-json\/wp\/v2\/posts\/76403\/revisions"}],"wp:attachment":[{"href":"https:\/\/linitiative.ca\/International\/wp-json\/wp\/v2\/media?parent=76403"}],"wp:term":[{"taxonomy":"category","embeddable":true,"href":"https:\/\/linitiative.ca\/International\/wp-json\/wp\/v2\/categories?post=76403"},{"taxonomy":"post_tag","embeddable":true,"href":"https:\/\/linitiative.ca\/International\/wp-json\/wp\/v2\/tags?post=76403"}],"curies":[{"name":"wp","href":"https:\/\/api.w.org\/{rel}","templated":true}]}}