{"id":76406,"date":"2020-02-17T15:36:23","date_gmt":"2020-02-17T20:36:23","guid":{"rendered":"https:\/\/linitiative.ca\/International\/candidature-de-yacouba-isaac-zida-a-la-presidentielle-de-2020\/"},"modified":"2020-02-17T15:36:23","modified_gmt":"2020-02-17T20:36:23","slug":"candidature-de-yacouba-isaac-zida-a-la-presidentielle-de-2020","status":"publish","type":"post","link":"https:\/\/linitiative.ca\/International\/candidature-de-yacouba-isaac-zida-a-la-presidentielle-de-2020\/","title":{"rendered":"CANDIDATURE DE YACOUBA ISAAC ZIDA A LA PRESIDENTIELLE DE 2020"},"content":{"rendered":"<div class=\"stream-item stream-item-above-post-content\">\n<p><noscript><\/p>\n<p><a href=\"\/\/www3.smartadserver.com\/ac?jump=1&#038;nwid=2136&#038;siteid=240610&#038;pgname=rg&#038;fmtid=49046&#038;visit=m&#038;tmstp=[timestamp]&#038;out=nonrich\" target=\"_blank\" rel=\"noopener noreferrer\"><img decoding=\"async\" src=\"\/\/www3.smartadserver.com\/ac?out=nonrich&#038;nwid=2136&#038;siteid=240610&#038;pgname=rg&#038;fmtid=49046&#038;visit=m&#038;tmstp=[timestamp]\" border=\"0\" alt=\"\"\/><\/a><\/p>\n<p><\/noscript><\/div>\n<p class=\"c3\"><em>Le pr\u00e9sident du Mouvement patriotique pour le salut (MPS), Augustin Loada, a annonc\u00e9 publiquement, le 15 f\u00e9vrier dernier, la candidature \u00e0 l\u2019\u00e9lection pr\u00e9sidentielle de 2020, du pr\u00e9sident d\u2019honneur de son parti, l\u2019ancien Premier ministre Yacouba Isaac Zida, en exil au Canada depuis la fin du r\u00e9gime de la Transition, au Burkina Faso. C\u2019est donc la fin d\u2019un vrai-faux suspense, puisqu\u2019on subodorait cette ambition pr\u00e9sidentielle du natif de Gomponsom dans le Passor\u00e9 depuis que le MPS dont il est, semble-t-il, l\u2019instigateur, a \u00e9t\u00e9 port\u00e9 sur les fonts baptismaux en mai 2019. Mais cette candidature est pour le moins probl\u00e9matique, quand on sait que l\u2019ancien officier sup\u00e9rieur de nos forces arm\u00e9es, vit presque reclus \u00e0 Montr\u00e9al depuis bient\u00f4t quatre ans, avec des poursuites judiciaires au Burkina Faso pour, entre autres griefs, \u00ab\u00a0insubordination et d\u00e9sertion en temps de paix\u00a0\u00bb. Reviendra-t-il pour faire face \u00e0 la Justice et \u00e0 son destin avant l\u2019\u00e9ch\u00e9ance fatidique de novembre 2020\u00a0? Rien n\u2019est moins s\u00fbr, et les responsables de son parti l\u2019ont dit de mani\u00e8re sibylline au cours de leur conf\u00e9rence de presse, en esp\u00e9rant, comme ils l\u2019ont laiss\u00e9 entendre, que le retour de leur champion au bercail se d\u00e9roulera \u00ab\u00a0de mani\u00e8re digne et respectable\u00a0\u00bb. Il va falloir attendre le mois de mai ou celui de juin, pour savoir s\u2019il s\u2019agit v\u00e9ritablement d\u2019un coup de poker ou d\u2019un simple coup de bluff de la part de Loada et ses camarades, d\u2019autant que c\u2019est \u00e0 cette p\u00e9riode qu\u2019est pr\u00e9vu le congr\u00e8s du parti qui verra la pr\u00e9sence effective de Yacouba Isaac Zida, du moins si l\u2019on en croit les responsables du MPS. Une chose est s\u00fbre, l\u2019annonce de sa candidature faite samedi dernier, ne sauvera pas syst\u00e9matiquement le soldat Zida des ennuis judiciaires ou des mesquineries politiques de caniveau (c\u2019est selon), d\u00e8s qu\u2019il foulera le sol du Faso. Bien au contraire\u00a0!<\/em><\/p>\n<p class=\"c3\"><strong><em>On comprend pourquoi Yacouba Isaac Zida rechigne jusqu\u2019ici \u00e0 rentrer au pays<\/em><\/strong><\/p>\n<p class=\"c3\"><em>M\u00eame si le r\u00e9gime actuel reste apparemment attach\u00e9 de mani\u00e8re litt\u00e9raliste \u00e0 l\u2019ind\u00e9pendance de la Justice, il trouvera du grain \u00e0 moudre aux magistrats instructeurs dans le but de faire compara\u00eetre et condamner l\u2019ancien h\u00e9ros de la Transition, histoire de \u00ab\u00a0d\u00e9sactiver\u00a0\u00bb ce dernier afin qu\u2019il ne vienne pas g\u00e2cher la f\u00eate d\u00e9j\u00e0 programm\u00e9e par les diff\u00e9rents QG du parti au pouvoir, au soir du scrutin. Cela est d\u2019autant plus probable que Yacouba Isaac Zida est, quoi qu\u2019on dise, l\u2019un des candidats qui pourraient faire d\u00e9jouer les pronostics s\u2019il venait \u00e0 se pr\u00e9senter \u00e0 la pr\u00e9sidentielle, surtout avec son capital de sympathie dans certains milieux depuis qu\u2019il a jou\u00e9 un r\u00f4le d\u00e9terminant dans l\u2019av\u00e8nement d\u2019un nouveau r\u00e9gime, apr\u00e8s les vingt-sept longues ann\u00e9es de r\u00e8gne de Blaise Compaor\u00e9. Beaucoup d\u2019insurg\u00e9s de 2014 et peut-\u00eatre pas seulement eux, voient en effet en l\u2019homme un exemple de courage et de t\u00e9nacit\u00e9 \u00e0 suivre, pour avoir pu surmonter l\u2019effroi que suscitait en lui la perception de sa mort possible \u00e0 \u00e9ch\u00e9ance imm\u00e9diate, depuis le d\u00e9part inattendu et mouvement\u00e9 de Blaise Compaor\u00e9 de Kosyam, jusqu\u2019au d\u00e9raillement violent de l\u2019histoire politique de notre pays en septembre 2015 avec son arrestation et le putsch manqu\u00e9 du G\u00e9n\u00e9ral Gilbert Diend\u00e9r\u00e9. Dans le contexte actuel o\u00f9 beaucoup de nos compatriotes sont prostr\u00e9s dans un exil int\u00e9rieur et o\u00f9 des terroristes ont affreusement balafr\u00e9 notre coh\u00e9sion sociale, Yacouba Isaac Zida peut para\u00eetre, aux yeux de certains, comme une soupape de s\u00e9curit\u00e9 qui pourrait prot\u00e9ger notre pays des attaques tous azimuts dont nous sommes actuellement victimes. Seulement voil\u00e0, l\u2019ancien Premier ministre a tra\u00een\u00e9 tellement de casseroles tout au long de sa br\u00e8ve gestion du pays, que de nombreux Burkinab\u00e8 qui se disent clairvoyants et avis\u00e9s, ne voudraient pas le voir revenir aux affaires, en tout cas pas avant d\u2019avoir r\u00e9pondu des actes de mauvaise gestion qui lui sont reproch\u00e9s. Il se susurre, en effet, que pendant la Transition, lui et ses affid\u00e9s ont us\u00e9 de subterfuges pour faire main basse sur des fonds publics \u00e0 travers notamment les march\u00e9s de l\u2019Etat et la tr\u00e8s controvers\u00e9e proc\u00e9dure de gr\u00e9 \u00e0 gr\u00e9, et qu\u2019il a fondu sur les comptes de la Pr\u00e9sidence comme un aigle sur sa proie. Vrai ou faux\u00a0? Et quid de ses man\u0153uvres dolosives pour faire voter une loi sur le statut du personnel militaire qui l\u2019a fait bondir de son grade de Lieutenant-colonel \u00e0 celui de G\u00e9n\u00e9ral de division, qui faisait de lui le militaire le plus cap\u00e9 de nos forces arm\u00e9es, avec le G\u00e9n\u00e9ral Honor\u00e9 Nab\u00e9r\u00e9 Traor\u00e9\u00a0? Si on ajoute \u00e0 tout cela, sa responsabilit\u00e9 suppos\u00e9e ou r\u00e9elle dans la violente r\u00e9pression des manifestations du 30 octobre 2014 et jours suivants, on comprend ais\u00e9ment pourquoi Yacouba Isaac Zida rechigne jusqu\u2019ici \u00e0 rentrer au pays. En martelant, il y a quelques mois, sur une radio \u00e9trang\u00e8re, que personne n\u2019emp\u00eache l\u2019ancien Premier ministre de revenir au Burkina, tout le monde a compris et Zida en premier, que c\u2019\u00e9tait un avertissement sans frais que le pr\u00e9sident Roch Marc Christian Kabor\u00e9 adressait de mani\u00e8re elliptique \u00e0 l\u2019ancien G\u00e9n\u00e9ral. Alors, pourquoi, malgr\u00e9 tous ces risques de voir ce dernier passer \u00e0 la trappe, son parti d\u00e9cide-t-il, sans pr\u00e9caution langagi\u00e8re, de tomber le masque en annon\u00e7ant sa candidature \u00e0 la prochaine pr\u00e9sidentielle et sa pr\u00e9sence \u00e0 son congr\u00e8s pr\u00e9vu \u00e0 la fin de ce semestre\u00a0? Du \u00ab\u00a0mouta-mouta\u00a0\u00bb en l\u2019air ou un \u00ab\u00a0gentlmen\u2019s agreement\u00a0\u00bb en perspective peut-\u00eatre, qui rappellera \u00e0 bien des \u00e9gards le \u00ab\u00a0deal\u00a0\u00bb qui avait \u00e9t\u00e9 vraisemblablement conclu entre le tout-puissant Premier ministre d\u2019alors et le parti de l\u2019actuel pr\u00e9sident afin que les deux camps se rendent mutuellement service avant, pendant et apr\u00e8s le scrutin de 2015. L\u2019\u00e9change de bons proc\u00e9d\u00e9s n\u2019a visiblement pas bien fonctionn\u00e9, et c\u2019est un Yacouba Isaac Zida qui s\u2019est senti flou\u00e9, qui a suscit\u00e9 la cr\u00e9ation du parti qui porte aujourd\u2019hui sa candidature. A priori, ces deux anciens alli\u00e9s de circonstance sont irr\u00e9conciliables, mais comme la politique est l\u2019art de tous les possibles, il n\u2019est pas exclu que l\u2019ancien Premier ministre, se sentant toujours dans les cordes et ayant le mal du pays apr\u00e8s quatre ans d\u2019exil\u2026volontaire, agite l\u2019\u00e9pouvantail de sa candidature pour n\u00e9gocier un retour en douceur, sans s\u00e9journer \u00e0 la Maison d\u2019arr\u00eat et de correction des arm\u00e9es o\u00f9 la \u00ab\u00a0cohabitation\u00a0\u00bb avec certains de ses fr\u00e8res d\u2019armes du R\u00e9giment de s\u00e9curit\u00e9 pr\u00e9sidentielle qui y purgent leurs peines, risque d\u2019\u00eatre particuli\u00e8rement difficile. On en saura certainement davantage sur les tenants et les aboutissants de cette candidature d\u00e9clar\u00e9e, dans les semaines \u00e0 venir.<\/em><\/p>\n<p class=\"c3\"><strong><em>Hamadou GADIAGA<\/em><\/strong><\/p>\n<p>Auteur: Le Pays<br \/>\n<a href=\"http:\/\/lepays.bf\/candidature-de-yacouba-isaac-zida-a-la-presidentielle-de-2020-2\/\">Cliquez ici pour lire l&rsquo;article depuis sa source.<\/a><\/p>\n","protected":false},"excerpt":{"rendered":"<p>Le pr\u00e9sident du Mouvement patriotique pour le salut (MPS), Augustin Loada, a annonc\u00e9 publiquement, le 15 f\u00e9vrier dernier, la candidature \u00e0 l\u2019\u00e9lection pr\u00e9sidentielle de 2020, du pr\u00e9sident d\u2019honneur de son parti, l\u2019ancien Premier ministre Yacouba Isaac Zida, en exil au Canada depuis la fin du r\u00e9gime de la Transition, au Burkina Faso. C\u2019est donc la [&hellip;]<\/p>\n","protected":false},"author":1813,"featured_media":0,"comment_status":"closed","ping_status":"closed","sticky":false,"template":"","format":"standard","meta":{"fifu_image_url":"","fifu_image_alt":"","footnotes":""},"categories":[73,81],"tags":[],"class_list":["post-76406","post","type-post","status-publish","format-standard","hentry","category-actualite","category-burkina-faso"],"_links":{"self":[{"href":"https:\/\/linitiative.ca\/International\/wp-json\/wp\/v2\/posts\/76406","targetHints":{"allow":["GET"]}}],"collection":[{"href":"https:\/\/linitiative.ca\/International\/wp-json\/wp\/v2\/posts"}],"about":[{"href":"https:\/\/linitiative.ca\/International\/wp-json\/wp\/v2\/types\/post"}],"author":[{"embeddable":true,"href":"https:\/\/linitiative.ca\/International\/wp-json\/wp\/v2\/users\/1813"}],"replies":[{"embeddable":true,"href":"https:\/\/linitiative.ca\/International\/wp-json\/wp\/v2\/comments?post=76406"}],"version-history":[{"count":0,"href":"https:\/\/linitiative.ca\/International\/wp-json\/wp\/v2\/posts\/76406\/revisions"}],"wp:attachment":[{"href":"https:\/\/linitiative.ca\/International\/wp-json\/wp\/v2\/media?parent=76406"}],"wp:term":[{"taxonomy":"category","embeddable":true,"href":"https:\/\/linitiative.ca\/International\/wp-json\/wp\/v2\/categories?post=76406"},{"taxonomy":"post_tag","embeddable":true,"href":"https:\/\/linitiative.ca\/International\/wp-json\/wp\/v2\/tags?post=76406"}],"curies":[{"name":"wp","href":"https:\/\/api.w.org\/{rel}","templated":true}]}}