{"id":76407,"date":"2020-02-17T17:07:49","date_gmt":"2020-02-17T22:07:49","guid":{"rendered":"https:\/\/linitiative.ca\/International\/police-municipale-de-bittou-barthelemy-bere-prend-provisoirement-les-commandes\/"},"modified":"2020-02-17T17:07:49","modified_gmt":"2020-02-17T22:07:49","slug":"police-municipale-de-bittou-barthelemy-bere-prend-provisoirement-les-commandes","status":"publish","type":"post","link":"https:\/\/linitiative.ca\/International\/police-municipale-de-bittou-barthelemy-bere-prend-provisoirement-les-commandes\/","title":{"rendered":"Police municipale de Bittou Barth\u00e9l\u00e9my B\u00e9r\u00e9 prend provisoirement  les commandes"},"content":{"rendered":"<div class=\"td-post-featured-image\"><a href=\"https:\/\/i1.wp.com\/www.sidwaya.info\/wp-content\/uploads\/2020\/02\/pmsid18.gif?fit=749%2C483&#038;ssl=1\" data-caption=\"\"><img loading=\"lazy\" decoding=\"async\" width=\"696\" height=\"449\" class=\"entry-thumb td-modal-image\" src=\"https:\/\/i1.wp.com\/www.sidwaya.info\/wp-content\/uploads\/2020\/02\/pmsid18.gif?resize=696%2C449&#038;ssl=1\" alt=\"\" title=\"pmsid18\"\/><\/a><\/div>\n<p><strong>Le maire de la commune de Bittou, Alassane Zampaligr\u00e9, a install\u00e9 officiellment, le vendredi 14 f\u00e9vrier 2020, l\u2019assistant Andr\u00e9 Jean Barth\u00e9l\u00e9my B\u00e9r\u00e9 comme commandant par int\u00e9rim de la Police municipale de la commune, en remplacement de Zakaria Ou\u00e9draogo.<\/strong><\/p>\n<p>Depuis deux semaines, le poste de commandant de la Police municipale de Bittou est vacant pour raison du d\u00e9part du commandant, Zakaria Ou\u00e9draogo, un agent de la Police nationale rappel\u00e9 dans son minist\u00e8re d\u2019origine. Pour combler ce vide, le maire de Bittou, Alassane Zampaligr\u00e9, a d\u00e9cid\u00e9 de nommer l\u2019assistant de police municipale, Andr\u00e9 Jean Barth\u00e9l\u00e9my B\u00e9r\u00e9, comme commandant par int\u00e9rim. Son installation officielle a eu lieu le vendredi 14 f\u00e9vrier 2020 \u00e0 Bittou. \u00ab\u00a0Par n\u00e9cessit\u00e9 de service, il fallait rapidement responsabiliser quelqu\u2019un \u00e0 ce poste afin d\u2019assurer ne serait-ce que l\u2019exp\u00e9dition des affaires courantes\u00a0\u00bb, a expliqu\u00e9 Alassane Zampaligr\u00e9. C\u2019est pourquoi, a poursuivi le maire, le choix a \u00e9t\u00e9 port\u00e9 sur la personne de Andr\u00e9 Jean Barth\u00e9l\u00e9my B\u00e9r\u00e9, pour organiser et diriger la police municipale de Bittou. Il pourrait \u00eatre confirm\u00e9 \u00e0 ce poste, en fonction de son engagement et de son d\u00e9vouement, a-t-il laiss\u00e9 entendre. D\u00e9j\u00e0, le commandant par int\u00e9rim de la police municipale de Bittou s\u2019est engag\u00e9 \u00e0 aller au charbon avec l\u2019accompagnement de ses collaborateurs, le soutien des autorit\u00e9s municipales et la collaboration de la population. La c\u00e9r\u00e9monie de passation de charge, pr\u00e9sid\u00e9e par le maire de la commune, a connu la pr\u00e9sence du pr\u00e9fet de Bittou, Harouna Kabor\u00e9, du personnel de la mairie, des autorit\u00e9s administratives et de tous les agents de la police municipale de la commune. La Police municipale de Bittou compte 9 agents dont 4 assistants, 3 brigadiers et 2 sous-brigadiers.<\/p>\n<p>Issaka ZABSSONRE<br \/>AIB\/Bittou<\/p>\n<div class=\"td-a-rec td-a-rec-id-content_bottom tdi_30_111 td_block_template_1\"><img loading=\"lazy\" decoding=\"async\" class=\"aligncenter size-full wp-image-9623\" src=\"https:\/\/www.sidwaya.info\/wp-content\/uploads\/2019\/06\/Projet-bannie%CC%80re-Orange-mobile.jpg\" alt=\"\" width=\"728\" height=\"81\"\/><\/div>\n<p>Auteur: JK. Sidwaya<br \/>\n<a href=\"https:\/\/www.sidwaya.info\/blog\/2020\/02\/17\/police-municipale-de-bittou-barthelemy-bere-prend-provisoirement-les-commandes\/\">Cliquez ici pour lire l&rsquo;article depuis sa source.<\/a><\/p>\n","protected":false},"excerpt":{"rendered":"<p>Le maire de la commune de Bittou, Alassane Zampaligr\u00e9, a install\u00e9 officiellment, le vendredi 14 f\u00e9vrier 2020, l\u2019assistant Andr\u00e9 Jean Barth\u00e9l\u00e9my B\u00e9r\u00e9 comme commandant par int\u00e9rim de la Police municipale de la commune, en remplacement de Zakaria Ou\u00e9draogo. Depuis deux semaines, le poste de commandant de la Police municipale de Bittou est vacant pour raison [&hellip;]<\/p>\n","protected":false},"author":1816,"featured_media":0,"comment_status":"closed","ping_status":"closed","sticky":false,"template":"","format":"standard","meta":{"fifu_image_url":"","fifu_image_alt":"","footnotes":""},"categories":[73,81],"tags":[],"class_list":["post-76407","post","type-post","status-publish","format-standard","hentry","category-actualite","category-burkina-faso"],"_links":{"self":[{"href":"https:\/\/linitiative.ca\/International\/wp-json\/wp\/v2\/posts\/76407","targetHints":{"allow":["GET"]}}],"collection":[{"href":"https:\/\/linitiative.ca\/International\/wp-json\/wp\/v2\/posts"}],"about":[{"href":"https:\/\/linitiative.ca\/International\/wp-json\/wp\/v2\/types\/post"}],"author":[{"embeddable":true,"href":"https:\/\/linitiative.ca\/International\/wp-json\/wp\/v2\/users\/1816"}],"replies":[{"embeddable":true,"href":"https:\/\/linitiative.ca\/International\/wp-json\/wp\/v2\/comments?post=76407"}],"version-history":[{"count":0,"href":"https:\/\/linitiative.ca\/International\/wp-json\/wp\/v2\/posts\/76407\/revisions"}],"wp:attachment":[{"href":"https:\/\/linitiative.ca\/International\/wp-json\/wp\/v2\/media?parent=76407"}],"wp:term":[{"taxonomy":"category","embeddable":true,"href":"https:\/\/linitiative.ca\/International\/wp-json\/wp\/v2\/categories?post=76407"},{"taxonomy":"post_tag","embeddable":true,"href":"https:\/\/linitiative.ca\/International\/wp-json\/wp\/v2\/tags?post=76407"}],"curies":[{"name":"wp","href":"https:\/\/api.w.org\/{rel}","templated":true}]}}