{"id":76408,"date":"2020-02-17T17:08:43","date_gmt":"2020-02-17T22:08:43","guid":{"rendered":"https:\/\/linitiative.ca\/International\/lever-a-tout-prix-ce-blocus\/"},"modified":"2020-02-17T17:08:43","modified_gmt":"2020-02-17T22:08:43","slug":"lever-a-tout-prix-ce-blocus","status":"publish","type":"post","link":"https:\/\/linitiative.ca\/International\/lever-a-tout-prix-ce-blocus\/","title":{"rendered":"Lever \u00e0 tout prix ce \u00ab\u00a0blocus\u00a0\u00bb\u00a0!"},"content":{"rendered":"<p>Les op\u00e9rateurs \u00e9conomiques de l\u2019Afrique de l\u2019Ouest vont devoir supporter encore les cons\u00e9quences tr\u00e8s dommageables de la fermeture des fronti\u00e8res terrestres du Nigeria avec les pays voisins, d\u00e9cid\u00e9e depuis ao\u00fbt 2019 par le pr\u00e9sident Muhammadu Buhari. En effet, une r\u00e9union des ministres des Affaires \u00e9trang\u00e8res et du Commerce des 15 Etats-membres de la Communaut\u00e9 \u00e9conomique des \u00c9tats de l\u2019Afrique de l\u2019Ouest (CEDEAO) s\u2019est tenue le 15 f\u00e9vrier 2020 \u00e0 Ouagadougou avec pour objectif de trouver des \u00ab\u00a0solutions r\u00e9alistes\u00a0\u00bb devant permettre \u00e0 \u00ab\u00a0court terme\u00a0\u00bb de lever le \u00ab\u00a0blocus\u00a0\u00bb. M\u00eame si rien n\u2019a filtr\u00e9 de cette rencontre, des sources indiquent que les conclusions et les propositions ont \u00e9t\u00e9 transmises au Pr\u00e9sident du Faso Roch Marc Christian Kabor\u00e9 qui, \u00e0 son tour, va se charger de les soumettre \u00e0 ses pairs de la CEDEAO.<br \/>Manifestement, les lignes semblent \u00eatre difficiles \u00e0 bouger et ce n\u2019est pas pour demain la veille. La fermeture des fronti\u00e8res terrestres au commerce de marchandises, d\u00e9cr\u00e9t\u00e9e par le g\u00e9ant africain s\u2019explique selon les autorit\u00e9s nig\u00e9rianes par la n\u00e9cessit\u00e9 de mettre fin \u00e0 la contrebande qui fait dans le trafic des produits alimentaires tels que le riz et les poulets surgel\u00e9s. Ces produits de contrefa\u00e7on qui proviennent principalement du B\u00e9nin traversent ill\u00e9galement la fronti\u00e8re tr\u00e8s poreuse pour inonder le vaste march\u00e9 nig\u00e9rian de 190 millions de consommateurs. Le Nig\u00e9ria reproche \u00e9galement \u00e0 ses voisins, notamment le m\u00eame B\u00e9nin, de tirer profit, depuis des d\u00e9cennies, de l\u2019importation ill\u00e9gale d\u2019essence subventionn\u00e9e qui co\u00fbterait des milliards de dollars au gouvernement nig\u00e9rian. Si le motif avanc\u00e9 par Abuja est compr\u00e9hensible et la cause noble, il faut cependant noter que la mesure, en plus d\u2019\u00eatre \u00e9prouvante pour l\u2019\u00e9conomie de la sous-r\u00e9gion, est contraire \u00e0 certains principes chers \u00e0 la CEDEAO. La libre circulation des personnes et des biens devant consacrer le passage d\u2019une CEDEAO des Etats \u00e0 celle des personnes dont l\u2019int\u00e9gration est en marche comme clam\u00e9e dans tous les discours de l\u2019institution r\u00e9gionale dont le si\u00e8ge est bas\u00e9 \u00e0 Abuja, au Nigeria. La lutte contre la fraude doit \u00eatre un leitmotiv pour tous les Etats, mais elle ne saurait justifier une d\u00e9cision unilat\u00e9rale qui fragilise aussi dangereusement les \u00e9conomies du fait de sa r\u00e9percussion sur les \u00e9changes commerciaux. Pire, au-del\u00e0 de l\u2019aspect \u00e9conomique, ce sont les fondements m\u00eame de la CEDEAO qui sont ici touch\u00e9s alors que ces acquis sont le r\u00e9sultat de plusieurs longues ann\u00e9es de lutte commune engag\u00e9e par 15 pays. Cette fermeture pourrait remettre aussi en cause, l\u2019accord historique sur la cr\u00e9ation d\u2019une zone de libre-\u00e9change continentale africaine, ratifi\u00e9 par 54 Etats sur les 55 que compte l\u2019Afrique. Une avanc\u00e9e cruciale vers la suppression des barri\u00e8res commerciales sur le continent et qui avait \u00e9t\u00e9 salu\u00e9e par tous. D\u2019aucuns continuent de s\u2019interroger sur les motifs r\u00e9els de cette d\u00e9cision du gouvernement nig\u00e9rian. Leur inqui\u00e9tude est d\u2019autant plus justifi\u00e9e que la mesure ne concerne pas uniquement les produits de la contrefa\u00e7on mais l\u2019ensemble des produits export\u00e9s par les pays voisins par voie terrestre en passant par le B\u00e9nin, le Niger, le Cameroun et le Tchad. Il appartient donc \u00e0 la CEDEAO de prendre \u00e0 bras-le-corps la question afin qu\u2019une solution urgente soit trouv\u00e9e pour la lev\u00e9e de la mesure au grand bonheur des hommes d\u2019affaires dont la longue file de camions bloqu\u00e9s \u00e0 la fronti\u00e8re attendent toujours d\u2019avoir acc\u00e8s au territoire pour \u00e9couler leurs marchandises. Les regards sont donc tourn\u00e9s vers le palais pr\u00e9sidentiel de Kosyam, o\u00f9 le pr\u00e9sident du Faso, a la lourde t\u00e2che de faire aboutir les conclusions pour une sortie heureuse. Et les dirigeants doivent tout faire pour accorder leurs violons et abr\u00e9ger la souffrance des consommateurs nig\u00e9rians et ceux des pays africains importateurs de produits made in Nigeria qui sont presqu\u2019\u00e0 bout de souffle\u00a0!<\/p>\n<p>Beyon Romain NEBIE<br \/>nbeyonromain@yahoo.fr<\/p>\n<div class=\"td-a-rec td-a-rec-id-content_bottom tdi_30_51b td_block_template_1\"><img loading=\"lazy\" decoding=\"async\" class=\"aligncenter size-full wp-image-9623\" src=\"https:\/\/www.sidwaya.info\/wp-content\/uploads\/2019\/06\/Projet-bannie%CC%80re-Orange-mobile.jpg\" alt=\"\" width=\"728\" height=\"81\"\/><\/div>\n<p>Auteur: JK. Sidwaya<br \/>\n<a href=\"https:\/\/www.sidwaya.info\/blog\/2020\/02\/17\/lever-a-tout-prix-ce-blocus\/\">Cliquez ici pour lire l&rsquo;article depuis sa source.<\/a><\/p>\n","protected":false},"excerpt":{"rendered":"<p>Les op\u00e9rateurs \u00e9conomiques de l\u2019Afrique de l\u2019Ouest vont devoir supporter encore les cons\u00e9quences tr\u00e8s dommageables de la fermeture des fronti\u00e8res terrestres du Nigeria avec les pays voisins, d\u00e9cid\u00e9e depuis ao\u00fbt 2019 par le pr\u00e9sident Muhammadu Buhari. En effet, une r\u00e9union des ministres des Affaires \u00e9trang\u00e8res et du Commerce des 15 Etats-membres de la Communaut\u00e9 \u00e9conomique [&hellip;]<\/p>\n","protected":false},"author":1816,"featured_media":76409,"comment_status":"closed","ping_status":"closed","sticky":false,"template":"","format":"standard","meta":{"fifu_image_url":"","fifu_image_alt":"","footnotes":""},"categories":[73,81],"tags":[],"class_list":["post-76408","post","type-post","status-publish","format-standard","has-post-thumbnail","hentry","category-actualite","category-burkina-faso"],"_links":{"self":[{"href":"https:\/\/linitiative.ca\/International\/wp-json\/wp\/v2\/posts\/76408","targetHints":{"allow":["GET"]}}],"collection":[{"href":"https:\/\/linitiative.ca\/International\/wp-json\/wp\/v2\/posts"}],"about":[{"href":"https:\/\/linitiative.ca\/International\/wp-json\/wp\/v2\/types\/post"}],"author":[{"embeddable":true,"href":"https:\/\/linitiative.ca\/International\/wp-json\/wp\/v2\/users\/1816"}],"replies":[{"embeddable":true,"href":"https:\/\/linitiative.ca\/International\/wp-json\/wp\/v2\/comments?post=76408"}],"version-history":[{"count":0,"href":"https:\/\/linitiative.ca\/International\/wp-json\/wp\/v2\/posts\/76408\/revisions"}],"wp:featuredmedia":[{"embeddable":true,"href":"https:\/\/linitiative.ca\/International\/wp-json\/"}],"wp:attachment":[{"href":"https:\/\/linitiative.ca\/International\/wp-json\/wp\/v2\/media?parent=76408"}],"wp:term":[{"taxonomy":"category","embeddable":true,"href":"https:\/\/linitiative.ca\/International\/wp-json\/wp\/v2\/categories?post=76408"},{"taxonomy":"post_tag","embeddable":true,"href":"https:\/\/linitiative.ca\/International\/wp-json\/wp\/v2\/tags?post=76408"}],"curies":[{"name":"wp","href":"https:\/\/api.w.org\/{rel}","templated":true}]}}