{"id":76410,"date":"2020-02-17T17:11:19","date_gmt":"2020-02-17T22:11:19","guid":{"rendered":"https:\/\/linitiative.ca\/International\/negociations-avec-des-groupes-terroristes-au-mali\/"},"modified":"2020-02-17T17:11:19","modified_gmt":"2020-02-17T22:11:19","slug":"negociations-avec-des-groupes-terroristes-au-mali","status":"publish","type":"post","link":"https:\/\/linitiative.ca\/International\/negociations-avec-des-groupes-terroristes-au-mali\/","title":{"rendered":"N\u00e9gociations avec des groupes terroristes au Mali"},"content":{"rendered":"<div class=\"td-post-featured-image\"><a href=\"https:\/\/i1.wp.com\/www.sidwaya.info\/wp-content\/uploads\/2020\/02\/interveiw.gif?fit=787%2C525&#038;ssl=1\" data-caption=\"\"><img loading=\"lazy\" decoding=\"async\" width=\"696\" height=\"464\" class=\"entry-thumb td-modal-image\" src=\"https:\/\/i1.wp.com\/www.sidwaya.info\/wp-content\/uploads\/2020\/02\/interveiw.gif?resize=696%2C464&#038;ssl=1\" alt=\"\" title=\"interveiw\"\/><\/a><\/div>\n<p><strong>Le Mali a r\u00e9cemment annonc\u00e9 avoir entam\u00e9 des n\u00e9gociations avec des groupes terroristes. Dans cette interview, Laurent Kibora, sp\u00e9cialiste des questions s\u00e9curitaires au Sahel, revient sur les implications de cette d\u00e9marche.<\/strong><\/p>\n<p>Sidwaya (S)\u00a0: Le pr\u00e9sident malien, Ibrahim Boubacar Keita, a annonc\u00e9 que son pays a entrepris des n\u00e9gociations avec les chefs terroristes. Comment appr\u00e9ciez-vous cette d\u00e9marche\u00a0?<\/p>\n<p>Laurent Kibora (L.K.)\u00a0: Nous avons accueilli cette information avec beaucoup d\u2019inqui\u00e9tudes, m\u00eame si nous reconnaissons au Mali le droit de rechercher des solutions \u00e0 ses probl\u00e8mes. Je dirai que cette d\u00e9marche comporte trois grandes erreurs. La premi\u00e8re grande erreur du pr\u00e9sident IBK est de vouloir n\u00e9gocier une paix s\u00e9par\u00e9e avec ces groupes, en faisant cavalier seul. Du moment o\u00f9 le Mali n\u2019est pas le seul pays confront\u00e9 au terrorisme, il ne devait pas prendre de d\u00e9cision sans consulter les autres pays. Dans notre contexte, une paix s\u00e9par\u00e9e ne pourrait jamais \u00eatre durable. La deuxi\u00e8me, c\u2019est de vouloir n\u00e9gocier avec deux grandes figures, Iyad Ag Ghali et Amadou Koufa, sans tenir compte de Adnane Abou Walid Al Saraoui. Parce que les forces en pr\u00e9sence ne sont pas le GSIM dont Ag Ghali est le patron et le Front de lib\u00e9ration du Macina, dirig\u00e9 par Koufa, il y a aussi l\u2019Etat islamique au grand Sahara (EIGS) qui est en passe de supplanter les autres. La troisi\u00e8me, c\u2019est le fait que ces n\u00e9gociations ne doivent pas \u00eatre faites de mani\u00e8re officielle. Le premier crit\u00e8re d\u2019une n\u00e9gociation r\u00e9ussie est sa confidentialit\u00e9.<\/p>\n<p>S.\u00a0: A votre avis, le Mali devait-il n\u00e9gocier avec les terroristes\u00a0?<\/p>\n<p>L. K.\u00a0: Les guerres finissent toujours par la n\u00e9gociation. Il faut \u00eatre mauvais strat\u00e8ge pour \u00e9carter cette possibilit\u00e9. C\u2019est pour cela, que je pense que le dialogue et la n\u00e9gociation sont importants, surtout qu\u2019ils permettront d\u2019\u00e9pargner des milliers de vies. Mais sur le terrain, le premier crit\u00e8re pour que nous allions vers les groupes arm\u00e9s pour n\u00e9gocier, c\u2019est d\u2019\u00eatre pr\u00eats.<\/p>\n<p>S\u00a0: Nos pays sont-ils tous pr\u00eats\u00a0?<\/p>\n<p>L. K.\u00a0: Oui et non, \u00e0 la fois. Oui, parce que le Mali a d\u00e9j\u00e0 entam\u00e9 ses n\u00e9gociations. Mais tous les pays sont pr\u00eats \u00e0 n\u00e9gocier avec les groupes arm\u00e9s, sauf le Burkina. Parce que pour y aller, le Burkina doit d\u2019abord laver son linge sale interne, afin de retrouver son union d\u2019antan. Pour ce faire, il faut qu\u2019il y ait une r\u00e9conciliation.<br \/>Sans ce pr\u00e9alable, si le Burkina ose s\u2019engager dans cette dynamique de n\u00e9gociation, ce serait livrer le pays aux groupes terroristes qui profitent des divisions pour mieux s\u2019implanter. De par son pass\u00e9, le Burkina a acquis de l\u2019exp\u00e9rience dans les n\u00e9gociations \u00e0 travers les conflits dans la r\u00e9gion.<\/p>\n<p>S. : Le Burkina estime qu\u2019il n\u2019est pas question de n\u00e9gocier avec les terroristes. Qu\u2019en pensez-vous ?<\/p>\n<p>L. K. : Cette position tient toujours, parce que certains acteurs mart\u00e8lent qu\u2019il faut rendre justice, juger les dossiers Norbert Zongo et ceux des anciens dignitaires. Cela est normal dans un syst\u00e8me d\u00e9mocratique, si on ne veut pas encourager l\u2019injustice. Mais nous sommes face \u00e0 une urgence o\u00f9 tout doit \u00eatre fait pour sauver ce qui peut encore l\u2019\u00eatre. Il faut donc aller au-del\u00e0 des politiques politiciennes, parce que nous sommes tous en danger.<\/p>\n<p>S.\u00a0: Les n\u00e9gociations engag\u00e9es par le Mali ne compromettent-elles pas l\u2019option militaire ?<\/p>\n<p>L. K.\u00a0: La solution militaire a \u00e9t\u00e9 fortement critiqu\u00e9e. Il n\u2019en demeure pas moins qu\u2019elle soit une composante de la solution, parce qu\u2019il faut souvent user de la carotte et du b\u00e2ton. La seule chose d\u00e9plorable chez le voisin malien, c\u2019est qu\u2019il veut faire cavalier seul. Les n\u00e9gociations et la r\u00e9ponse militaire sont donc deux choses qui se renforcent mutuellement.<\/p>\n<p>S.\u00a0: Les chefs terroristes poseraient comme pr\u00e9alables au gouvernement malien, le d\u00e9part des forces \u00e9trang\u00e8res et l\u2019instauration de la Charia. Y a-t-il une chance pour le dialogue\u00a0?<\/p>\n<p>L. K.\u00a0: Vu sous l\u2019angle des revendications de ces groupes, cela pose probl\u00e8me. Mais, il sera difficile pour les pays sah\u00e9liens de rompre leurs relations avec les puissances occidentales. Toutefois, c\u2019est une n\u00e9gociation ouverte et le choix des acteurs est tr\u00e8s important.<\/p>\n<p>S.\u00a0: Au regard du contexte s\u00e9curitaire actuel, les \u00e9lections de novembre 2020 pourront-elles se tenir \u00e0 votre avis\u00a0?<\/p>\n<p>L. K.\u00a0: Ce que nous voyons d\u00e9j\u00e0 sur le terrain nous interpelle sur la tenue de ces \u00e9lections. En effet, des sites de recensement ont d\u00e9j\u00e0 \u00e9t\u00e9 saccag\u00e9s dans les Banwa. Ce sont des signes pr\u00e9curseurs de ce que la situation risque d\u2019\u00eatre dans les mois \u00e0 venir. Je suis donc tr\u00e8s sceptique sur la tenue des \u00e9lections le 22 novembre 2020, si la situation persiste. Il faut que la question soit abord\u00e9e avec beaucoup de r\u00e9alisme.<\/p>\n<p>Interview r\u00e9alis\u00e9e par<br \/>Jean-Marie TOE<\/p>\n<div class=\"td-a-rec td-a-rec-id-content_bottom tdi_30_e1e td_block_template_1\"><img loading=\"lazy\" decoding=\"async\" class=\"aligncenter size-full wp-image-9623\" src=\"https:\/\/www.sidwaya.info\/wp-content\/uploads\/2019\/06\/Projet-bannie%CC%80re-Orange-mobile.jpg\" alt=\"\" width=\"728\" height=\"81\"\/><\/div>\n<p>Auteur: JK. Sidwaya<br \/>\n<a href=\"https:\/\/www.sidwaya.info\/blog\/2020\/02\/17\/negociations-avec-des-groupes-terroristes-au-mali\/\">Cliquez ici pour lire l&rsquo;article depuis sa source.<\/a><\/p>\n","protected":false},"excerpt":{"rendered":"<p>Le Mali a r\u00e9cemment annonc\u00e9 avoir entam\u00e9 des n\u00e9gociations avec des groupes terroristes. Dans cette interview, Laurent Kibora, sp\u00e9cialiste des questions s\u00e9curitaires au Sahel, revient sur les implications de cette d\u00e9marche. Sidwaya (S)\u00a0: Le pr\u00e9sident malien, Ibrahim Boubacar Keita, a annonc\u00e9 que son pays a entrepris des n\u00e9gociations avec les chefs terroristes. Comment appr\u00e9ciez-vous cette [&hellip;]<\/p>\n","protected":false},"author":1816,"featured_media":0,"comment_status":"closed","ping_status":"closed","sticky":false,"template":"","format":"standard","meta":{"fifu_image_url":"","fifu_image_alt":"","footnotes":""},"categories":[73,81],"tags":[],"class_list":["post-76410","post","type-post","status-publish","format-standard","hentry","category-actualite","category-burkina-faso"],"_links":{"self":[{"href":"https:\/\/linitiative.ca\/International\/wp-json\/wp\/v2\/posts\/76410","targetHints":{"allow":["GET"]}}],"collection":[{"href":"https:\/\/linitiative.ca\/International\/wp-json\/wp\/v2\/posts"}],"about":[{"href":"https:\/\/linitiative.ca\/International\/wp-json\/wp\/v2\/types\/post"}],"author":[{"embeddable":true,"href":"https:\/\/linitiative.ca\/International\/wp-json\/wp\/v2\/users\/1816"}],"replies":[{"embeddable":true,"href":"https:\/\/linitiative.ca\/International\/wp-json\/wp\/v2\/comments?post=76410"}],"version-history":[{"count":0,"href":"https:\/\/linitiative.ca\/International\/wp-json\/wp\/v2\/posts\/76410\/revisions"}],"wp:attachment":[{"href":"https:\/\/linitiative.ca\/International\/wp-json\/wp\/v2\/media?parent=76410"}],"wp:term":[{"taxonomy":"category","embeddable":true,"href":"https:\/\/linitiative.ca\/International\/wp-json\/wp\/v2\/categories?post=76410"},{"taxonomy":"post_tag","embeddable":true,"href":"https:\/\/linitiative.ca\/International\/wp-json\/wp\/v2\/tags?post=76410"}],"curies":[{"name":"wp","href":"https:\/\/api.w.org\/{rel}","templated":true}]}}