{"id":76411,"date":"2020-02-17T17:15:15","date_gmt":"2020-02-17T22:15:15","guid":{"rendered":"https:\/\/linitiative.ca\/International\/presidentielle-au-togo-le-parti-de-jean-pierre-fabre-appelle-a-la-vigilance\/"},"modified":"2020-02-17T17:15:15","modified_gmt":"2020-02-17T22:15:15","slug":"presidentielle-au-togo-le-parti-de-jean-pierre-fabre-appelle-a-la-vigilance","status":"publish","type":"post","link":"https:\/\/linitiative.ca\/International\/presidentielle-au-togo-le-parti-de-jean-pierre-fabre-appelle-a-la-vigilance\/","title":{"rendered":"Pr\u00e9sidentielle au Togo Le parti de Jean Pierre Fabre appelle \u00e0 la vigilance"},"content":{"rendered":"<div class=\"td-post-featured-image\"><a href=\"https:\/\/i1.wp.com\/www.sidwaya.info\/wp-content\/uploads\/2020\/02\/cenitogo.gif?fit=787%2C393&#038;ssl=1\" data-caption=\"\"><img loading=\"lazy\" decoding=\"async\" width=\"696\" height=\"348\" class=\"entry-thumb td-modal-image\" src=\"https:\/\/i1.wp.com\/www.sidwaya.info\/wp-content\/uploads\/2020\/02\/cenitogo.gif?resize=696%2C348&#038;ssl=1\" alt=\"\" title=\"cenitogo\"\/><\/a><\/div>\n<p><strong>Le 22 f\u00e9vrier prochain, les Togolais sont appel\u00e9s aux urnes pour \u00e9lire leur pr\u00e9sident. A quelques jours de la cl\u00f4ture de la campagne, Sidwaya a fait hier, 17 f\u00e9vrier, un tour au si\u00e8ge national de campagne de l\u2019Alliance nationale pour le changement (ANC) au quartier Ablogam\u00e9 2, dans la p\u00e9riph\u00e9rie de Lom\u00e9. Constat\u00a0!<\/strong><\/p>\n<p>Le Quartier g\u00e9n\u00e9ral (QG) de campagne de l\u2019Alliance nationale pour le changement (ANC) est en \u00e9bullition, ce lundi 17 f\u00e9vrier 2020. D\u00e8s 10 heures, des dizaines de militants pour la plupart v\u00eatus en tee-shirts, casquettes\u2026de couleur orange et \u00e0 l\u2019effigie du candidat Jean-Pierre Fabre, font des va-et-vient dans la rue Limit\u00e9 dans le quartier Ablogam\u00e9 2, abritant le si\u00e8ge national de la campagne. Au bruit des taxis-motos, se m\u00ealent celui des militants \u00ab\u00a0surexcit\u00e9s\u00a0\u00bb. C\u2019est dans cette ambiance, que le conseiller national \u00e0 l\u2019organisation, Robert Olympio nous re\u00e7oit. Il confie que depuis 12 jours, leur candidat Fabre a commenc\u00e9 \u00e0 sillonner tout le territoire national pour convaincre ses concitoyens \u00e0 voter l\u2019ANC. L\u2019enjeu, affirme-t-il, est de dire non au 4e mandat du pr\u00e9sident sortant, Faure Gnassingb\u00e9 au pouvoir depuis 15 ans. \u00ab\u00a0Depuis 53 ans, nous ne connaissons qu\u2019une seule famille\u00a0qui r\u00e8gne sur notre pays : les Gnassingb\u00e9. Le p\u00e8re en a fait 38 ans et le fils 15. Et, il veut encore un autre mandat. Faure Gnassingb\u00e9 sera out\u00a0\u00bb, insiste Robert Olympio.<\/p>\n<p>Un avenir meilleur<\/p>\n<p>L\u2019heure du changement a sonn\u00e9, estime-t-il. Pour lui, le Togo doit avancer pour la bonne marche de la d\u00e9mocratie. \u00ab\u00a0Notre pays n\u2019avance pas. C\u2019est pourquoi nous promettons un avenir meilleur\u00a0aux \u00e9lecteurs \u00bb, d\u00e9clare-t-il. Une fois au pouvoir, le candidat de l\u2019ANC \u0153uvrera pour offrir des milliers d\u2019emplois aux jeunes, \u00e0 la r\u00e9vision du syst\u00e8me sanitaire togolais qui souffrent de plusieurs maux, soutient le conseiller national \u00e0 l\u2019organisation. \u00ab\u00a0Il n\u2019y a ni IRM, ni scanner dans nos h\u00f4pitaux. Nos h\u00f4pitaux sont des mouroirs\u00a0\u00bb, ajoute-t-il. A cela s\u2019ajoute, le manque d\u2019eau potable, l\u2019\u00e9lectricit\u00e9\u2026 les services sociaux de base. Pour changer la donne, les Togolais doivent voter massivement l\u2019ANC, explique, son 1er vice-pr\u00e9sident, par ailleurs directeur national de campagne, Boivi Lawson Banku. \u00ab Il s\u2019agit de la survie de la population \u00bb, lance-t-il. La course \u00e0 la pr\u00e9sidentielle n\u2019est pas un long fleuve tranquille pour ce parti d\u2019opposition. Selon le directeur national de campagne de l\u2019ANC, plusieurs heurts ont \u00e9maill\u00e9 leur campagne. \u00ab\u00a0Nos meetings ont \u00e9t\u00e9 perturb\u00e9s \u00e0 l\u2019int\u00e9rieur du pays par des miliciens sous pr\u00e9texte que nous n\u2019avons pas d\u2019autorisation pour les tenir. Est-ce \u00e0 l\u2019autorit\u00e9 ou aux individus de nous emp\u00eacher\u00a0de faire passer notre message\u00a0? \u00bb, s\u2019interroge M. Banku. Qu\u2019\u00e0 cela ne tienne, le message de l\u2019ANC est clair\u00a0: \u00ab\u00a0Le changement\u00a0\u00bb. Ne craignez-vous pas qu\u2019on emp\u00eache vos militants d\u2019aller voter\u00a0le jour du scrutin ? \u00ab\u00a0S\u2019ils veulent perturber les \u00e9lections, nous ne nous laisserons pas faire. Donc, tout le monde a int\u00e9r\u00eat \u00e0 ce que les \u00e9lections se d\u00e9roulent bien afin que le Togo retrouve la paix. S\u2019ils veulent perturber, il nous trouverons sur leur chemin \u00bb, pr\u00e9vient le directeur national de campagne. Le conseiller du pr\u00e9sident de l\u2019ANC charg\u00e9 des questions de la s\u00e9curit\u00e9 et de la d\u00e9fense, Alexandre Amorin, dit ne pas craindre des fraudes.<\/p>\n<p>\u00ab\u00a0Limiter les fraudes\u2026\u00a0\u00bb<\/p>\n<p>Car, estime-t-il\u00a0: \u00ab\u00a0nous sommes dans un syst\u00e8me de fraudes institutionnelles. Mais le probl\u00e8me, c\u2019est comment limiter ces fraudes pour qu\u2019elles ne d\u00e9naturent pas le choix des \u00e9lecteurs. Les fraudes font parties de leur syst\u00e8me. Cela fait partie de leurs fondamentaux et ils ne peuvent faire autrement\u00a0\u00bb. N\u00e9anmoins, M. Amorin souhaite que le verdict de celui qui donne le pouvoir, c\u2019est-\u00e0-dire \u00ab\u00a0le souverain peuple\u00a0\u00bb, soit accept\u00e9 au soir des \u00e9lections. \u00ab\u00a0Pourquoi, ils ont peur du verdict des compatriotes\u00a0? Nous demandons que les \u00e9lections soient libres et transparentes\u00a0\u00bb, clame Alexandre Amorin. Pour y parvenir, le directeur national de campagne Banku recommande la vigilance aux \u00e9lecteurs, le 22 f\u00e9vrier prochain. Mais surtout de surveiller leur vote jusqu\u2019\u00e0 la proclamation des r\u00e9sultats. Pour cette pr\u00e9sidentielle, 7 candidats sont en lice. Il s\u2019agit de Faure Gnassingb\u00e9, pr\u00e9sident sortant et candidat de l\u2019Union pour la R\u00e9publique (UNIR), Jean-Pierre Fabre de l\u2019Alliance nationale pour le changement (ANC) et ancien chef de file de l\u2019opposition, Abg\u00e9yom\u00e9 Kodjo, candidat de la Coalition des forces d\u00e9mocratiques (CFD) et ancien Premier ministre, Tchabour\u00e9 Gogu\u00e9 de l\u2019Alliance des d\u00e9mocrates pour la d\u00e9mocratie et le d\u00e9veloppement int\u00e9gral du Togo (ADDI), Georges William Kuessan de Sant\u00e9 du peuple (SP), Mohamed Tchassona Traor\u00e9 du Mouvement citoyen pour la d\u00e9mocratie et le d\u00e9veloppement (MCD) et de Komi Wolou du Pacte socialiste pour le renouveau (PSR).<\/p>\n<p>Abdel Aziz NABALOUM<br \/>emirathe@yahoo.fr<br \/>Lom\u00e9, Togo<\/p>\n<div class=\"td-a-rec td-a-rec-id-content_bottom tdi_30_6b8 td_block_template_1\"><img loading=\"lazy\" decoding=\"async\" class=\"aligncenter size-full wp-image-9623\" src=\"https:\/\/www.sidwaya.info\/wp-content\/uploads\/2019\/06\/Projet-bannie%CC%80re-Orange-mobile.jpg\" alt=\"\" width=\"728\" height=\"81\"\/><\/div>\n<p>Auteur: JK. Sidwaya<br \/>\n<a href=\"https:\/\/www.sidwaya.info\/blog\/2020\/02\/17\/presidentielle-au-togo-le-parti-de-jean-pierre-fabre-appelle-a-la-vigilance\/\">Cliquez ici pour lire l&rsquo;article depuis sa source.<\/a><\/p>\n","protected":false},"excerpt":{"rendered":"<p>Le 22 f\u00e9vrier prochain, les Togolais sont appel\u00e9s aux urnes pour \u00e9lire leur pr\u00e9sident. A quelques jours de la cl\u00f4ture de la campagne, Sidwaya a fait hier, 17 f\u00e9vrier, un tour au si\u00e8ge national de campagne de l\u2019Alliance nationale pour le changement (ANC) au quartier Ablogam\u00e9 2, dans la p\u00e9riph\u00e9rie de Lom\u00e9. Constat\u00a0! Le Quartier [&hellip;]<\/p>\n","protected":false},"author":1816,"featured_media":0,"comment_status":"closed","ping_status":"closed","sticky":false,"template":"","format":"standard","meta":{"fifu_image_url":"","fifu_image_alt":"","footnotes":""},"categories":[73,81],"tags":[],"class_list":["post-76411","post","type-post","status-publish","format-standard","hentry","category-actualite","category-burkina-faso"],"_links":{"self":[{"href":"https:\/\/linitiative.ca\/International\/wp-json\/wp\/v2\/posts\/76411","targetHints":{"allow":["GET"]}}],"collection":[{"href":"https:\/\/linitiative.ca\/International\/wp-json\/wp\/v2\/posts"}],"about":[{"href":"https:\/\/linitiative.ca\/International\/wp-json\/wp\/v2\/types\/post"}],"author":[{"embeddable":true,"href":"https:\/\/linitiative.ca\/International\/wp-json\/wp\/v2\/users\/1816"}],"replies":[{"embeddable":true,"href":"https:\/\/linitiative.ca\/International\/wp-json\/wp\/v2\/comments?post=76411"}],"version-history":[{"count":0,"href":"https:\/\/linitiative.ca\/International\/wp-json\/wp\/v2\/posts\/76411\/revisions"}],"wp:attachment":[{"href":"https:\/\/linitiative.ca\/International\/wp-json\/wp\/v2\/media?parent=76411"}],"wp:term":[{"taxonomy":"category","embeddable":true,"href":"https:\/\/linitiative.ca\/International\/wp-json\/wp\/v2\/categories?post=76411"},{"taxonomy":"post_tag","embeddable":true,"href":"https:\/\/linitiative.ca\/International\/wp-json\/wp\/v2\/tags?post=76411"}],"curies":[{"name":"wp","href":"https:\/\/api.w.org\/{rel}","templated":true}]}}