{"id":76414,"date":"2020-02-17T17:18:03","date_gmt":"2020-02-17T22:18:03","guid":{"rendered":"https:\/\/linitiative.ca\/International\/la-guinee-equatoriale-veut-beneficier-de-lexpertise-du-maroc-dans-le-domaine-du-developpement-minier\/"},"modified":"2020-02-17T17:18:03","modified_gmt":"2020-02-17T22:18:03","slug":"la-guinee-equatoriale-veut-beneficier-de-lexpertise-du-maroc-dans-le-domaine-du-developpement-minier","status":"publish","type":"post","link":"https:\/\/linitiative.ca\/International\/la-guinee-equatoriale-veut-beneficier-de-lexpertise-du-maroc-dans-le-domaine-du-developpement-minier\/","title":{"rendered":"La Guin\u00e9e Equatoriale veut b\u00e9n\u00e9ficier de l\u2019expertise du Maroc dans le domaine du d\u00e9veloppement minier"},"content":{"rendered":"<div readability=\"32\">\n<p>Publi\u00e9 le 17.02.2020 \u00e0 23h18 par APA News<\/p>\n<\/div>\n<div readability=\"60\">\n<p>La Guin\u00e9e Equatoriale veut b\u00e9n\u00e9ficier de l\u2019expertise du Maroc dans le domaine du d\u00e9veloppement minier et de l\u2019exploitation des hydrocarbures, notamment de l\u2019exp\u00e9rience des techniciens marocains en la mati\u00e8re, qui pourraient effectuer des \u00e9valuations \u00e0 m\u00eame de permettre \u00e0 la Guin\u00e9e \u00c9quatoriale de se d\u00e9velopper particuli\u00e8rement dans les domaines de l\u2019or et des min\u00e9raux, a soulign\u00e9 le ministre \u00e9quato-guin\u00e9en des Mines et des hydrocarbures, Gabriel Mbega Obiang Lima.\u00ab Je suis au courant de l\u2019expertise des compagnies marocaines comme le groupe Managem et je veux qu\u2019on profite de celle-ci en Guin\u00e9e \u00c9quatoriale parce que je crois que le d\u00e9veloppement des ressources naturelles est important pour notre pays \u00bb, a-t-il relev\u00e9 lors de ses entretiens avec son \u00a0homologue marocain, Aziz Rabbah, ajoutant qu\u2019il pr\u00e9f\u00e8re compter sur \u00ab un ami historique qu\u2019est le Maroc \u00bb plut\u00f4t que \u00ab d\u2019aller vers d\u2019autres pays \u00bb.<\/p>\n<p>De son c\u00f4t\u00e9, le ministre marocain de l\u2019\u00c9nergie, des mines et de l\u2019environnement,<\/p>\n<p>a soulign\u00e9 que cette rencontre est une occasion pour prospecter les perspectives de coop\u00e9ration, pr\u00e9senter les exp\u00e9riences et mettre en \u00e9vidence les moyens dont disposent le Maroc et la Guin\u00e9e \u00c9quatoriale en la mati\u00e8re.<\/p>\n<p>Il a, dans ce cadre, pr\u00e9cis\u00e9 que la Guin\u00e9e \u00c9quatoriale manifeste un grand int\u00e9r\u00eat au sujet des mines et en particulier celui de l\u2019accompagnement des petites et moyennes entreprises, l\u2019encouragement de l\u2019investissement et le partenariat entre les secteurs priv\u00e9s \u00e9quato-guin\u00e9en et marocain dans ce domaine.<\/p>\n<\/div>\n<p>Auteur: APA News<br \/>\n<a href=\"https:\/\/www.journalducameroun.com\/la-guinee-equatoriale-veut-beneficier-de-lexpertise-du-maroc-dans-le-domaine-du-developpement-minier\/\">Cliquez ici pour lire l&rsquo;article depuis sa source.<\/a><\/p>\n","protected":false},"excerpt":{"rendered":"<p>Publi\u00e9 le 17.02.2020 \u00e0 23h18 par APA News La Guin\u00e9e Equatoriale veut b\u00e9n\u00e9ficier de l\u2019expertise du Maroc dans le domaine du d\u00e9veloppement minier et de l\u2019exploitation des hydrocarbures, notamment de l\u2019exp\u00e9rience des techniciens marocains en la mati\u00e8re, qui pourraient effectuer des \u00e9valuations \u00e0 m\u00eame de permettre \u00e0 la Guin\u00e9e \u00c9quatoriale de se d\u00e9velopper particuli\u00e8rement dans [&hellip;]<\/p>\n","protected":false},"author":1965,"featured_media":0,"comment_status":"closed","ping_status":"closed","sticky":false,"template":"","format":"standard","meta":{"fifu_image_url":"","fifu_image_alt":"","footnotes":""},"categories":[73,82],"tags":[],"class_list":["post-76414","post","type-post","status-publish","format-standard","hentry","category-actualite","category-cameroun"],"_links":{"self":[{"href":"https:\/\/linitiative.ca\/International\/wp-json\/wp\/v2\/posts\/76414","targetHints":{"allow":["GET"]}}],"collection":[{"href":"https:\/\/linitiative.ca\/International\/wp-json\/wp\/v2\/posts"}],"about":[{"href":"https:\/\/linitiative.ca\/International\/wp-json\/wp\/v2\/types\/post"}],"author":[{"embeddable":true,"href":"https:\/\/linitiative.ca\/International\/wp-json\/wp\/v2\/users\/1965"}],"replies":[{"embeddable":true,"href":"https:\/\/linitiative.ca\/International\/wp-json\/wp\/v2\/comments?post=76414"}],"version-history":[{"count":0,"href":"https:\/\/linitiative.ca\/International\/wp-json\/wp\/v2\/posts\/76414\/revisions"}],"wp:attachment":[{"href":"https:\/\/linitiative.ca\/International\/wp-json\/wp\/v2\/media?parent=76414"}],"wp:term":[{"taxonomy":"category","embeddable":true,"href":"https:\/\/linitiative.ca\/International\/wp-json\/wp\/v2\/categories?post=76414"},{"taxonomy":"post_tag","embeddable":true,"href":"https:\/\/linitiative.ca\/International\/wp-json\/wp\/v2\/tags?post=76414"}],"curies":[{"name":"wp","href":"https:\/\/api.w.org\/{rel}","templated":true}]}}