{"id":76420,"date":"2020-02-17T12:47:49","date_gmt":"2020-02-17T17:47:49","guid":{"rendered":"https:\/\/linitiative.ca\/International\/tractafric-equipment-va-monter-250-engins-par-an-au-port-autonome-de-kribi\/"},"modified":"2020-02-17T12:47:49","modified_gmt":"2020-02-17T17:47:49","slug":"tractafric-equipment-va-monter-250-engins-par-an-au-port-autonome-de-kribi","status":"publish","type":"post","link":"https:\/\/linitiative.ca\/International\/tractafric-equipment-va-monter-250-engins-par-an-au-port-autonome-de-kribi\/","title":{"rendered":"Tractafric Equipment va monter 250 engins par an au Port autonome de Kribi"},"content":{"rendered":"<p class=\"ydp5bf1c07cyiv9397602987ydp13a8aab4yiv6337512453ydp49b5113dyiv1711928014MsoNormal\">Ce sont les principales informations qui ont filtr\u00e9 de la visite de chantier effectu\u00e9e le 13 f\u00e9vrier 2020 par\u00a0<strong>Alain Dufournier<\/strong>, au complexe industrialo-portuaire de Kribi. Le directeur g\u00e9n\u00e9ral de Tractafric Equipement pour l\u2019Afrique centrale est non seulement all\u00e9 rassurer les responsables du Port autonome de Kribi (<strong>PAK<\/strong>) sur la bonne conduite de ce projet, mais aussi \u00e9valuer l\u2019\u00e9tat d\u2019avancement des travaux de construction de ce qui deviendra la toute premi\u00e8re usine d\u2019assemblage des engins en Afrique centrale.<\/p>\n<p class=\"ydp5bf1c07cyiv9397602987ydp13a8aab4yiv6337512453ydp49b5113dyiv1711928014MsoNormal\">Etendue sur 3 hectares dans la zone industrielle du Port de Kribi, cette nouvelle entit\u00e9, qui a n\u00e9cessit\u00e9 un investissement de\u00a0<strong>2 milliards de FCFA<\/strong>, a pour principal objectif \u00ab\u00a0la production, l\u2019entretien des machines et la formation des op\u00e9rateurs avec un stock de pi\u00e8ces d\u00e9tach\u00e9es et un atelier de maintenance \u00e9quip\u00e9. Elle aura \u00e9galement un r\u00f4le de service aupr\u00e8s des entreprises qui s\u2019installeront dans la zone portuaire de Kribi en leur proposant l\u2019entretien de leurs groupes \u00e9lectrog\u00e8nes, machines, chariots et moteurs\u00a0\u00bb.<\/p>\n<p class=\"ydp5bf1c07cyiv9397602987ydp13a8aab4yiv6337512453ydp49b5113dyiv1711928014MsoNormal\">Et le directeur g\u00e9n\u00e9ral de Tractafric Equipment Afrique<strong>\u00a0<\/strong>centrale de pr\u00e9ciser que \u00ab\u00a0d\u2019ici mars 2020, nous allons avoir \u00e0 Kribi une unit\u00e9 d\u2019assemblage op\u00e9rationnelle, premi\u00e8re du genre non seulement au Cameroun mais en Afrique centrale, pour d\u00e9velopper des machines de gamme SEM, qui est la deuxi\u00e8me marque de Caterpillar. L\u2019objectif \u00e9tant d\u2019avoir une unit\u00e9 d\u2019assemblage qui dans une premi\u00e8re phase, va produire 250 machines par an et plus si le march\u00e9 se d\u00e9veloppe convenablement\u00a0\u00bb.<\/p>\n<p class=\"ydp5bf1c07cyiv9397602987ydp13a8aab4yiv6337512453ydp49b5113dyiv1711928014MsoNormal\">Le manager annonce \u00e9galement que les machines qui vont \u00eatre produites sont adapt\u00e9es aux besoins des collectivit\u00e9s territoriales puisque, l\u2019unit\u00e9 va assembler des niveleuses, des chargeuses, des compacteurs. Derri\u00e8re, il sera propos\u00e9 des services de maintenance et d\u00e9pannage avec une centaine de techniciens pr\u00e9sents au Cameroun.<\/p>\n<p class=\"ydp5bf1c07cyiv9397602987ydp13a8aab4yiv6337512453ydp49b5113dyiv1711928014MsoNormal\">Le directeur g\u00e9n\u00e9ral du PAK,\u00a0<strong>Patrice Melom<\/strong>\u00a0est tout heureux de voir des investissements priv\u00e9s se concr\u00e9tiser d\u2019une aussi belle mani\u00e8re au Port de Kribi. \u00ab\u00a0A propos de l\u2019usine d\u2019assemblage de machines, il y a un aspect tr\u00e8s gratifiant \u00e0 relever ; le fait que tous les acteurs de la place vont b\u00e9n\u00e9ficier localement de cette unit\u00e9 en termes de production de machines, d\u2019acquisition de pi\u00e8ces de rechange, de maintenance et de r\u00e9paration d\u2019engins\u00a0\u00bb, a-t-il d\u00e9clar\u00e9.<\/p>\n<p class=\"ydp5bf1c07cyiv9397602987ydp13a8aab4yiv6337512453ydp49b5113dyiv1711928014MsoNormal\">Selon les statistiques officielles, le PAK a d\u00e9j\u00e0 trait\u00e9 208 demandes \u00e9mises par des entreprises d\u00e9sirant s\u2019installer dans la zone industrialo-portuaire de Kribi. Les besoins ainsi exprim\u00e9s sont estim\u00e9s \u00e0 un peu plus de\u00a0<strong>4\u2009138 hectares<\/strong>. \u00c0 ce jour, indique le PAK, 31 autorisations d\u2019occupation temporaire (AOT) ont \u00e9t\u00e9 d\u00e9livr\u00e9es, ce qui correspond \u00e0 pr\u00e8s de 124 hectares.<\/p>\n<div class=\"sharedaddy sd-sharing-enabled robots-nocontent sd-block sd-social sd-social-icon-text sd-sharing\">\n<h3 class=\"sd-title\">Partager\u00a0:<\/h3>\n<\/div>\n<p><h3 class=\"jp-relatedposts-headline\"><em>Articles similaires<\/em><\/h3>\n<\/p>\n<p>Auteur: Joel Abissek<br \/>\n<a href=\"https:\/\/ecomatin.net\/tractafric-equipment-va-monter-250-engins-par-an-au-port-autonome-de-kribi\/\">Cliquez ici pour lire l&rsquo;article depuis sa source.<\/a><\/p>\n","protected":false},"excerpt":{"rendered":"<p>Ce sont les principales informations qui ont filtr\u00e9 de la visite de chantier effectu\u00e9e le 13 f\u00e9vrier 2020 par\u00a0Alain Dufournier, au complexe industrialo-portuaire de Kribi. Le directeur g\u00e9n\u00e9ral de Tractafric Equipement pour l\u2019Afrique centrale est non seulement all\u00e9 rassurer les responsables du Port autonome de Kribi (PAK) sur la bonne conduite de ce projet, mais [&hellip;]<\/p>\n","protected":false},"author":1969,"featured_media":0,"comment_status":"closed","ping_status":"closed","sticky":false,"template":"","format":"standard","meta":{"fifu_image_url":"","fifu_image_alt":"","footnotes":""},"categories":[82,78],"tags":[],"class_list":["post-76420","post","type-post","status-publish","format-standard","hentry","category-cameroun","category-economie"],"_links":{"self":[{"href":"https:\/\/linitiative.ca\/International\/wp-json\/wp\/v2\/posts\/76420","targetHints":{"allow":["GET"]}}],"collection":[{"href":"https:\/\/linitiative.ca\/International\/wp-json\/wp\/v2\/posts"}],"about":[{"href":"https:\/\/linitiative.ca\/International\/wp-json\/wp\/v2\/types\/post"}],"author":[{"embeddable":true,"href":"https:\/\/linitiative.ca\/International\/wp-json\/wp\/v2\/users\/1969"}],"replies":[{"embeddable":true,"href":"https:\/\/linitiative.ca\/International\/wp-json\/wp\/v2\/comments?post=76420"}],"version-history":[{"count":0,"href":"https:\/\/linitiative.ca\/International\/wp-json\/wp\/v2\/posts\/76420\/revisions"}],"wp:attachment":[{"href":"https:\/\/linitiative.ca\/International\/wp-json\/wp\/v2\/media?parent=76420"}],"wp:term":[{"taxonomy":"category","embeddable":true,"href":"https:\/\/linitiative.ca\/International\/wp-json\/wp\/v2\/categories?post=76420"},{"taxonomy":"post_tag","embeddable":true,"href":"https:\/\/linitiative.ca\/International\/wp-json\/wp\/v2\/tags?post=76420"}],"curies":[{"name":"wp","href":"https:\/\/api.w.org\/{rel}","templated":true}]}}